{"id":59153,"date":"2015-05-12T10:26:50","date_gmt":"2015-05-12T13:26:50","guid":{"rendered":"http:\/\/aconteceunovale.com.br\/portal\/?p=59153"},"modified":"2015-05-12T10:26:50","modified_gmt":"2015-05-12T13:26:50","slug":"militares-fazem-campanha-para-ajudar-sargento-que-teve-carro-incendiado-por-bandidos-no-norte-de-minas","status":"publish","type":"post","link":"https:\/\/aconteceunovale.com.br\/portal\/?p=59153","title":{"rendered":"Militares fazem campanha para ajudar sargento que teve carro incendiado por bandidos no Norte de Minas"},"content":{"rendered":"<h4><strong><em>Carro de sargento foi incendiado perto do quartel em Bras\u00edlia de Minas. Campanha arrecadou R$ 10.400 em tr\u00eas dias.<\/em><\/strong><\/h4>\n<p>Policiais militares do Norte de Minas Gerais, juntamente com a popula\u00e7\u00e3o, se mobilizaram em uma campanha com o objetivo de arrecadar dinheiro para ajudar um sargento que teve o carro incendiado em Bras\u00edlia de Minas (MG). Dois suspeitos de atearem fogo no ve\u00edculo ano 1998, que estava estacionado perto do quartel, foram presos. Um cheque de R$ 10.400 foi entregue para \u00c9lcio Nunes nesta ter\u00e7a-feira (12).<\/p>\n<p>O tenente S\u00e9rgio S\u00edlvio Teixeira explica que a mobiliza\u00e7\u00e3o ocorreu principalmente pelas redes sociais, e contou com a colabora\u00e7\u00e3o de 50 pessoas, entre civis e militares. O dinheiro foi arrecadado em tr\u00eas dias.<\/p>\n<p>\u201cO ve\u00edculo n\u00e3o tinha seguro e ficou totalmente danificado. Esta situa\u00e7\u00e3o sensibilizou os militares, que por iniciativa do sargento Cristiano Pereira da Silva, come\u00e7aram a fazer uma mobiliza\u00e7\u00e3o. Como o sargento Nunes \u00e9 muito bem quisto pela popula\u00e7\u00e3o e pelos colegas, tivemos uma \u00f3tima ades\u00e3o e conseguimos arrecadar o dinheiro.\u201d<\/p>\n<p>Logo ap\u00f3s o inc\u00eandio do carro, dois suspeitos foram presos. Segundo a Pol\u00edcia Militar, eles j\u00e1 t\u00eam diversas passagens por tr\u00e1fico de drogas e porte ilegal de armas e, inclusive, j\u00e1 foram detidos em outras ocasi\u00f5es pelo sargento Nunes.<\/p>\n<p>\u201cEles s\u00e3o suspeitos de envolvimento em v\u00e1rios crimes, por isso a Justi\u00e7a expediu os mandados de pris\u00e3o deles, que continuam detidos\u201d, afirma o tenente S\u00e9rgio S\u00edlvio.<\/p>\n<p>Para o sargento Nunes, a mobiliza\u00e7\u00e3o dos colegas e da popula\u00e7\u00e3o \u00e9 um motivo de orgulho. \u201cFiquei muito feliz por ter um exemplo claro de que n\u00e3o fa\u00e7o parte apenas de uma corpora\u00e7\u00e3o, e sim de uma fam\u00edlia. Me senti muito motivado por saber que a popula\u00e7\u00e3o tamb\u00e9m participou. A gente nunca espera por uma atitude criminosa como esta, mas o meu trabalho de combate a criminalidade n\u00e3o vai parar\u201d, fala o militar, que est\u00e1 na PM h\u00e1 23 anos, 20 deles em Bras\u00edlia de Minas.<\/p>\n<p><img decoding=\"async\" src=\"http:\/\/aconteceunovale.com.br\/portal\/wp-content\/uploads\/2015\/05\/carro_pm_bsbminas.jpg\" alt=\"\" \/><em>Carro ficou totalmente destru\u00eddo ap\u00f3s inc\u00eandio (Foto: Divulga\u00e7\u00e3o \/ Pol\u00edcia Militar)<\/em><br \/>\n<\/br><\/p>\n<p><strong><em>(Fonte: G1 \/ Inter TV Grande Minas)<\/em><\/strong><\/p>\n","protected":false},"excerpt":{"rendered":"<p>Carro de sargento foi incendiado perto do quartel em Bras\u00edlia de Minas. Campanha arrecadou R$ 10.400 em tr\u00eas dias. Policiais militares do Norte de Minas Gerais, juntamente com a popula\u00e7\u00e3o, se mobilizaram em uma campanha com o objetivo de arrecadar dinheiro para ajudar um sargento que teve o carro incendiado em Bras\u00edlia de Minas (MG). [&hellip;]<\/p>\n","protected":false},"author":1,"featured_media":59154,"comment_status":"open","ping_status":"closed","sticky":false,"template":"","format":"standard","meta":{"amp_status":"","footnotes":""},"categories":[1236],"tags":[195,44583,44584,44585,44587,44582,44589,44588,44586],"class_list":["post-59153","post","type-post","status-publish","format-standard","has-post-thumbnail","hentry","category-norte_de_minas","tag-brasilia-de-minas","tag-campanha-para-ajudar-elcio-nunes","tag-campanha-para-ajudar-militar-em-brasilia-de-minas","tag-campanha-para-ajudar-militar-que-teve-carro-queimado-por-bandidos-em-brasilia-de-minas","tag-cristiano-pereira-da-silva","tag-elcio-nunes","tag-militares-fazem-campanha-para-ajudar-sargento-que-teve-carro-incendiado-por-bandidos-em-brasilia-de-minas","tag-militares-fazem-campanha-para-ajudar-sargento-que-teve-carro-incendiado-por-bandidos-no-norte-de-minas","tag-sergio-silvio-teixeira"],"_links":{"self":[{"href":"https:\/\/aconteceunovale.com.br\/portal\/index.php?rest_route=\/wp\/v2\/posts\/59153","targetHints":{"allow":["GET"]}}],"collection":[{"href":"https:\/\/aconteceunovale.com.br\/portal\/index.php?rest_route=\/wp\/v2\/posts"}],"about":[{"href":"https:\/\/aconteceunovale.com.br\/portal\/index.php?rest_route=\/wp\/v2\/types\/post"}],"author":[{"embeddable":true,"href":"https:\/\/aconteceunovale.com.br\/portal\/index.php?rest_route=\/wp\/v2\/users\/1"}],"replies":[{"embeddable":true,"href":"https:\/\/aconteceunovale.com.br\/portal\/index.php?rest_route=%2Fwp%2Fv2%2Fcomments&post=59153"}],"version-history":[{"count":0,"href":"https:\/\/aconteceunovale.com.br\/portal\/index.php?rest_route=\/wp\/v2\/posts\/59153\/revisions"}],"wp:featuredmedia":[{"embeddable":true,"href":"https:\/\/aconteceunovale.com.br\/portal\/index.php?rest_route=\/wp\/v2\/media\/59154"}],"wp:attachment":[{"href":"https:\/\/aconteceunovale.com.br\/portal\/index.php?rest_route=%2Fwp%2Fv2%2Fmedia&parent=59153"}],"wp:term":[{"taxonomy":"category","embeddable":true,"href":"https:\/\/aconteceunovale.com.br\/portal\/index.php?rest_route=%2Fwp%2Fv2%2Fcategories&post=59153"},{"taxonomy":"post_tag","embeddable":true,"href":"https:\/\/aconteceunovale.com.br\/portal\/index.php?rest_route=%2Fwp%2Fv2%2Ftags&post=59153"}],"curies":[{"name":"wp","href":"https:\/\/api.w.org\/{rel}","templated":true}]}}