{"id":59148,"date":"2015-05-12T09:31:19","date_gmt":"2015-05-12T12:31:19","guid":{"rendered":"http:\/\/aconteceunovale.com.br\/portal\/?p=59148"},"modified":"2015-05-12T09:31:19","modified_gmt":"2015-05-12T12:31:19","slug":"previsao-do-tempo-para-minas-gerais-nesta-terca-feira-12-de-maio","status":"publish","type":"post","link":"https:\/\/aconteceunovale.com.br\/portal\/?p=59148","title":{"rendered":"Previs\u00e3o do tempo para Minas Gerais nesta ter\u00e7a-feira, 12 de maio"},"content":{"rendered":"<h4><strong><em>Frente fria sobre o litoral mant\u00e9m o tempo inst\u00e1vel em boa parte do estado e provoca queda na temperatura no Sul<\/em><\/strong><\/h4>\n<p>Nesta ter\u00e7a-feira (12\/5), o avan\u00e7o da frente fria sobre o litoral do Esp\u00edrito Santo ainda mant\u00e9m o tempo inst\u00e1vel com chuvas no Vale do Rio Doce, Vale do Mucuri, Vale do Jequitinhonha, Norte e Noroeste. C\u00e9u parcialmente nublado a nublado, com possibilidade de chuvas isoladas na Zona da Mata, Metropolitana de Belo Horizonte, Central Mineira, Oeste e Tri\u00e2ngulo.<\/p>\n<p>Nas outras regi\u00f5es mineiras, o ar frio que avan\u00e7a do Sul do pa\u00eds para o Sudeste deixa o tempo est\u00e1vel e j\u00e1 provoca decl\u00ednio das temperaturas m\u00ednimas, sobretudo no Sul de Minas. Hoje, a temperatura m\u00ednima no estado foi de 9\u00b0C no Sul e a m\u00e1xima prevista \u00e9 de 32\u00b0C no Norte do estado.<\/p>\n<p>Na Regi\u00e3o Metropolitana de Belo Horizonte, o c\u00e9u fica parcialmente nublado a nublado, com possibilidade de chuvas isoladas. Na capital mineira, a temperatura m\u00ednima foi de 15\u00b0C, a m\u00e1xima prevista \u00e9 de 25\u00b0C e a umidade relativa do ar fica em torno de 45% \u00e0 tarde. As temperaturas m\u00ednimas ficar\u00e3o em decl\u00ednio nos pr\u00f3ximos dias na RMBH.<\/p>\n","protected":false},"excerpt":{"rendered":"<p>Frente fria sobre o litoral mant\u00e9m o tempo inst\u00e1vel em boa parte do estado e provoca queda na temperatura no Sul Nesta ter\u00e7a-feira (12\/5), o avan\u00e7o da frente fria sobre o litoral do Esp\u00edrito Santo ainda mant\u00e9m o tempo inst\u00e1vel com chuvas no Vale do Rio Doce, Vale do Mucuri, Vale do Jequitinhonha, Norte e [&hellip;]<\/p>\n","protected":false},"author":1,"featured_media":51728,"comment_status":"open","ping_status":"closed","sticky":false,"template":"","format":"standard","meta":{"amp_status":"","footnotes":""},"categories":[123],"tags":[44579,1956,1839,28255,44580],"class_list":["post-59148","post","type-post","status-publish","format-standard","has-post-thumbnail","hentry","category-gerais","tag-12-de-maio","tag-previsao-do-tempo","tag-previsao-do-tempo-para-minas-gerais","tag-previsao-do-tempo-para-minas-gerais-nesta-terca-feira","tag-previsao-do-tempo-para-minas-gerais-nesta-terca-feira-12-de-maio"],"_links":{"self":[{"href":"https:\/\/aconteceunovale.com.br\/portal\/index.php?rest_route=\/wp\/v2\/posts\/59148","targetHints":{"allow":["GET"]}}],"collection":[{"href":"https:\/\/aconteceunovale.com.br\/portal\/index.php?rest_route=\/wp\/v2\/posts"}],"about":[{"href":"https:\/\/aconteceunovale.com.br\/portal\/index.php?rest_route=\/wp\/v2\/types\/post"}],"author":[{"embeddable":true,"href":"https:\/\/aconteceunovale.com.br\/portal\/index.php?rest_route=\/wp\/v2\/users\/1"}],"replies":[{"embeddable":true,"href":"https:\/\/aconteceunovale.com.br\/portal\/index.php?rest_route=%2Fwp%2Fv2%2Fcomments&post=59148"}],"version-history":[{"count":0,"href":"https:\/\/aconteceunovale.com.br\/portal\/index.php?rest_route=\/wp\/v2\/posts\/59148\/revisions"}],"wp:featuredmedia":[{"embeddable":true,"href":"https:\/\/aconteceunovale.com.br\/portal\/index.php?rest_route=\/wp\/v2\/media\/51728"}],"wp:attachment":[{"href":"https:\/\/aconteceunovale.com.br\/portal\/index.php?rest_route=%2Fwp%2Fv2%2Fmedia&parent=59148"}],"wp:term":[{"taxonomy":"category","embeddable":true,"href":"https:\/\/aconteceunovale.com.br\/portal\/index.php?rest_route=%2Fwp%2Fv2%2Fcategories&post=59148"},{"taxonomy":"post_tag","embeddable":true,"href":"https:\/\/aconteceunovale.com.br\/portal\/index.php?rest_route=%2Fwp%2Fv2%2Ftags&post=59148"}],"curies":[{"name":"wp","href":"https:\/\/api.w.org\/{rel}","templated":true}]}}