{"id":59142,"date":"2015-05-11T20:11:44","date_gmt":"2015-05-11T23:11:44","guid":{"rendered":"http:\/\/aconteceunovale.com.br\/portal\/?p=59142"},"modified":"2015-05-11T20:11:44","modified_gmt":"2015-05-11T23:11:44","slug":"terceirizacao-pode-prejudicar-pessoas-com-deficiencia-alertam-especialistas","status":"publish","type":"post","link":"https:\/\/aconteceunovale.com.br\/portal\/?p=59142","title":{"rendered":"Terceiriza\u00e7\u00e3o pode prejudicar pessoas com defici\u00eancia, alertam especialistas"},"content":{"rendered":"<p>O Projeto de Lei (PL) 4.330\/2004, que regulamenta o trabalho terceirizado em todas as atividades das empresas, inclusive a atividade-fim, poder\u00e1 prejudicar o acesso de pessoas com defici\u00eancia ao mercado de trabalho, segundo defensores dos direitos desse grupo da popula\u00e7\u00e3o. O PL j\u00e1 foi aprovado na C\u00e2mara e ainda depende de aprecia\u00e7\u00e3o do Senado.<\/p>\n<p>A procuradora do Trabalho no Rio de Janeiro, Lisyane Motta, alerta que o cumprimento das cotas para pessoas com defici\u00eancia, atualmente exigidas nas contrata\u00e7\u00f5es feitas por empresas com mais de 100 trabalhadores, poder\u00e1 n\u00e3o ser cumprida com a nova lei. Lisyanne lembra que a deputada Mara Gabrilli (PSDB-SP) conseguiu incluir na \u00faltima hora emenda ao projeto final que obriga a aplica\u00e7\u00e3o das cotas, mas teme que ela acabe n\u00e3o sendo acatada.<\/p>\n<p>\u201cSer\u00e1 computados para efeito de cotas o n\u00famero total dos empregados, mas quem ser\u00e1 a contratante, quem ser\u00e1 o respons\u00e1vel pelos encargos, como ser\u00e1 feita essa contagem? Ent\u00e3o ainda h\u00e1 um panorama de bastante preocupa\u00e7\u00e3o nessa \u00e1rea\u201d, disse a especialista que \u00e9 coordenadora nacional de Promo\u00e7\u00e3o de Igualdade de Oportunidades e Elimina\u00e7\u00e3o da Discrimina\u00e7\u00e3o no Trabalho do MPT (Coordigualdade).<\/p>\n<p>A Lei de Cotas (Lei 8.213\/1991) determina que toda empresa com 100 ou mais empregados reserve de 2% a 5%, dependendo do total de funcion\u00e1rios, das vagas para pessoas com defici\u00eancia. Com a possibilidade de terceiriza\u00e7\u00e3o de todas as atividades, inclu\u00eddo as final\u00edsticas, as companhias podem n\u00e3o alcan\u00e7ar esse n\u00famero m\u00ednimo de trabalhadores e, dessa forma, n\u00e3o ter\u00e3o obriga\u00e7\u00e3o de contratar o percentual definido por lei.<\/p>\n<p>A Superintendente do Instituto Brasileiro da Pessoa com Defici\u00eancia (IBDD), Teresa Costa D&#8217;Amaral, concorda que a nova lei, se aprovada, poder\u00e1 piorar ainda mais o quadro de contrata\u00e7\u00f5es de pessoas com defici\u00eancia que j\u00e1 \u00e9 ruim no pa\u00eds. \u201cA Lei de Cotas tem mais de 20 anos e at\u00e9 hoje n\u00e3o \u00e9 devidamente cumprida. A grande maioria das empresas n\u00e3o cumpre a cota, algumas nem sabem que a cota \u00e9 uma obriga\u00e7\u00e3o\u201d, disse.<\/p>\n<p>\u201cCaso aprovado o projeto de lei, se contratante puder usar os funcion\u00e1rios das empresas terceirizadas para cumprir sua cota, o n\u00famero de pessoas com defici\u00eancia inclu\u00eddas pela lei ser\u00e1 menor ainda. Hoje uma empresa privada n\u00e3o pode cumprir sua cota com terceiriza\u00e7\u00e3o e a terceirizada tamb\u00e9m deve cumprir a cota. Matematicamente teremos um preju\u00edzo\u201d, acrescentou ao enfatizar que o principal problema para o cumprimento da lei \u00e9 a fiscaliza\u00e7\u00e3o ineficaz.<\/p>\n<p>A procuradora Lisyanne defende o veto total por parte do Senado ao PL, que, segundo ela, retira responsabilidades e gera discrimina\u00e7\u00e3o. \u201cHaver\u00e1 os trabalhadores de primeira e de segundaclasse, que s\u00e3o aqueles da contratante e os das terceirizadas, os com o v\u00ednculo efetivo e os com o v\u00ednculo prec\u00e1rio. N\u00f3s, do Minist\u00e9rio P\u00fablico, magistratura, pessoal da \u00e1rea trabalhista achamos que o projeto representa um retrocesso. Em um cen\u00e1rio em que a situa\u00e7\u00e3o estar\u00e1 t\u00e3o precarizada, \u00e9 dif\u00edcil visualizar o cumprimento da lei de cotas para pessoas com defici\u00eancia\u201d, avaliou. (Ag\u00eancia Brasil)<\/p>\n","protected":false},"excerpt":{"rendered":"<p>O Projeto de Lei (PL) 4.330\/2004, que regulamenta o trabalho terceirizado em todas as atividades das empresas, inclusive a atividade-fim, poder\u00e1 prejudicar o acesso de pessoas com defici\u00eancia ao mercado de trabalho, segundo defensores dos direitos desse grupo da popula\u00e7\u00e3o. O PL j\u00e1 foi aprovado na C\u00e2mara e ainda depende de aprecia\u00e7\u00e3o do Senado. A [&hellip;]<\/p>\n","protected":false},"author":1,"featured_media":59143,"comment_status":"open","ping_status":"closed","sticky":false,"template":"","format":"standard","meta":{"amp_status":"","footnotes":""},"categories":[6],"tags":[44576,44575,44574,41212,44573,44572,44568,44569,44571,44570,44567,41121,44566,44577],"class_list":["post-59142","post","type-post","status-publish","format-standard","has-post-thumbnail","hentry","category-br","tag-ibdd","tag-instituto-brasileiro-da-pessoa-com-deficiencia","tag-lei-8-2131991","tag-lei-da-terceirizacao","tag-lei-de-cotas","tag-lisyane-motta","tag-pessoas-com-deficiencia","tag-pl-4-3302004","tag-procuradora-do-trabalho-no-rio-de-janeiro","tag-projeto-de-lei-4-3302004","tag-projeto-de-lei-da-terceirizacao","tag-terceirizacao","tag-terceirizacao-pode-prejudicar-pessoas-com-deficiencia","tag-teresa-costa-damaral"],"_links":{"self":[{"href":"https:\/\/aconteceunovale.com.br\/portal\/index.php?rest_route=\/wp\/v2\/posts\/59142","targetHints":{"allow":["GET"]}}],"collection":[{"href":"https:\/\/aconteceunovale.com.br\/portal\/index.php?rest_route=\/wp\/v2\/posts"}],"about":[{"href":"https:\/\/aconteceunovale.com.br\/portal\/index.php?rest_route=\/wp\/v2\/types\/post"}],"author":[{"embeddable":true,"href":"https:\/\/aconteceunovale.com.br\/portal\/index.php?rest_route=\/wp\/v2\/users\/1"}],"replies":[{"embeddable":true,"href":"https:\/\/aconteceunovale.com.br\/portal\/index.php?rest_route=%2Fwp%2Fv2%2Fcomments&post=59142"}],"version-history":[{"count":0,"href":"https:\/\/aconteceunovale.com.br\/portal\/index.php?rest_route=\/wp\/v2\/posts\/59142\/revisions"}],"wp:featuredmedia":[{"embeddable":true,"href":"https:\/\/aconteceunovale.com.br\/portal\/index.php?rest_route=\/wp\/v2\/media\/59143"}],"wp:attachment":[{"href":"https:\/\/aconteceunovale.com.br\/portal\/index.php?rest_route=%2Fwp%2Fv2%2Fmedia&parent=59142"}],"wp:term":[{"taxonomy":"category","embeddable":true,"href":"https:\/\/aconteceunovale.com.br\/portal\/index.php?rest_route=%2Fwp%2Fv2%2Fcategories&post=59142"},{"taxonomy":"post_tag","embeddable":true,"href":"https:\/\/aconteceunovale.com.br\/portal\/index.php?rest_route=%2Fwp%2Fv2%2Ftags&post=59142"}],"curies":[{"name":"wp","href":"https:\/\/api.w.org\/{rel}","templated":true}]}}