{"id":59091,"date":"2015-05-11T09:10:04","date_gmt":"2015-05-11T12:10:04","guid":{"rendered":"http:\/\/aconteceunovale.com.br\/portal\/?p=59091"},"modified":"2015-05-11T09:10:04","modified_gmt":"2015-05-11T12:10:04","slug":"plantao-do-samu-no-norte-de-minas-gerais-08-a-10-de-maio-de-2015","status":"publish","type":"post","link":"https:\/\/aconteceunovale.com.br\/portal\/?p=59091","title":{"rendered":"Plant\u00e3o do Samu no Norte de Minas Gerais &#8211; 08 a 10 de maio de 2015"},"content":{"rendered":"<h4><strong><em>Sexta-feira a domingo, 08 a 10 de maio de 2015<\/em><\/strong><\/h4>\n<p>As unidades do SAMU realizaram neste final de semana, em Montes Claros, 165 atendimentos,  sendo 114 casos cl\u00ednicos; 48 ocorr\u00eancias de acidente de tr\u00e2nsito, sendo 46 envolvendo motocicleta; um homem de 55 anos que caiu de um andaime no bairro Nova Am\u00e9rica; uma crian\u00e7a de 8 anos que caiu de um muro no bairro Nova Su\u00ed\u00e7a; e um homem de 19 anos que sofreu agress\u00e3o f\u00edsica no centro da cidade.<\/p>\n<p>No domingo, 10\/05, foram 15 atendimentos a v\u00edtimas de acidente envolvendo motocicleta, na \u00e1rea urbana de Montes Claros. E por volta das 5h30, a unidade SAMU de Salinas foi acionada para atendimento a v\u00edtimas de  um acidente ocorrido na BR-251, a trinta quil\u00f4metros de Salinas. Um \u00f4nibus que seguia de S\u00e3o Paulo para Pernambuco capotou e nove pessoas ficaram feridas. Elas foram socorridas pela unidade do SAMU de Salinas e receberam os cuidados necess\u00e1rios no local. Apenas duas foram encaminhadas ao hospital de Salinas: Senoval Leite Ferreira, 35 anos, e Ant\u00f4nio Moura da Silva, 77 anos. O estado de sa\u00fade deles \u00e9 est\u00e1vel.<\/p>\n<p>O \u00f4nibus transportava 46 passageiros. O motorista fugiu e as pessoas ficaram no local aguardando apoio da empresa para seguir viagem.<\/p>\n<p>No s\u00e1bado, 09\/05, foram registradas 19 ocorr\u00eancias de acidente de tr\u00e2nsito, uma delas ocorrida no bairro Amazonas, onde um ve\u00edculo capotou e a condutora, de 22 anos, foi ejetada do carro, ficando gravemente ferida.<\/p>\n<p>Na sexta-feira, 08\/05, foram 13 atendimentos a v\u00edtimas de acidente de tr\u00e2nsito.<\/p>\n<p>Em todas as ocorr\u00eancias os feridos receberam os primeiros atendimentos no local e foram encaminhados ao hospital para avalia\u00e7\u00e3o.<\/p>\n","protected":false},"excerpt":{"rendered":"<p>Sexta-feira a domingo, 08 a 10 de maio de 2015 As unidades do SAMU realizaram neste final de semana, em Montes Claros, 165 atendimentos, sendo 114 casos cl\u00ednicos; 48 ocorr\u00eancias de acidente de tr\u00e2nsito, sendo 46 envolvendo motocicleta; um homem de 55 anos que caiu de um andaime no bairro Nova Am\u00e9rica; uma crian\u00e7a de [&hellip;]<\/p>\n","protected":false},"author":1,"featured_media":58741,"comment_status":"open","ping_status":"closed","sticky":false,"template":"","format":"standard","meta":{"amp_status":"","footnotes":""},"categories":[1236],"tags":[210,24659,24089,18898,18108,44474,21139,4040],"class_list":["post-59091","post","type-post","status-publish","format-standard","has-post-thumbnail","hentry","category-norte_de_minas","tag-montes-claros","tag-plantao-do-samu-de-montes-claros","tag-plantao-do-samu-do-norte-de-minas","tag-plantao-do-samu-macro-norte","tag-plantao-do-samu-no-norte-de-minas-gerais","tag-plantao-do-samu-no-norte-de-minas-gerais-08-a-10-de-maio-de-2015","tag-samu-do-norte-de-minas","tag-samu-macro-norte"],"_links":{"self":[{"href":"https:\/\/aconteceunovale.com.br\/portal\/index.php?rest_route=\/wp\/v2\/posts\/59091","targetHints":{"allow":["GET"]}}],"collection":[{"href":"https:\/\/aconteceunovale.com.br\/portal\/index.php?rest_route=\/wp\/v2\/posts"}],"about":[{"href":"https:\/\/aconteceunovale.com.br\/portal\/index.php?rest_route=\/wp\/v2\/types\/post"}],"author":[{"embeddable":true,"href":"https:\/\/aconteceunovale.com.br\/portal\/index.php?rest_route=\/wp\/v2\/users\/1"}],"replies":[{"embeddable":true,"href":"https:\/\/aconteceunovale.com.br\/portal\/index.php?rest_route=%2Fwp%2Fv2%2Fcomments&post=59091"}],"version-history":[{"count":0,"href":"https:\/\/aconteceunovale.com.br\/portal\/index.php?rest_route=\/wp\/v2\/posts\/59091\/revisions"}],"wp:featuredmedia":[{"embeddable":true,"href":"https:\/\/aconteceunovale.com.br\/portal\/index.php?rest_route=\/wp\/v2\/media\/58741"}],"wp:attachment":[{"href":"https:\/\/aconteceunovale.com.br\/portal\/index.php?rest_route=%2Fwp%2Fv2%2Fmedia&parent=59091"}],"wp:term":[{"taxonomy":"category","embeddable":true,"href":"https:\/\/aconteceunovale.com.br\/portal\/index.php?rest_route=%2Fwp%2Fv2%2Fcategories&post=59091"},{"taxonomy":"post_tag","embeddable":true,"href":"https:\/\/aconteceunovale.com.br\/portal\/index.php?rest_route=%2Fwp%2Fv2%2Ftags&post=59091"}],"curies":[{"name":"wp","href":"https:\/\/api.w.org\/{rel}","templated":true}]}}