{"id":59084,"date":"2015-05-10T23:46:53","date_gmt":"2015-05-11T02:46:53","guid":{"rendered":"http:\/\/aconteceunovale.com.br\/portal\/?p=59084"},"modified":"2015-05-11T23:40:59","modified_gmt":"2015-05-12T02:40:59","slug":"morre-em-diamantina-a-comediante-laila-dominique","status":"publish","type":"post","link":"https:\/\/aconteceunovale.com.br\/portal\/?p=59084","title":{"rendered":"Morre em Diamantina a comediante Laila Dominique"},"content":{"rendered":"<h4><strong><em>Laila Dominique ficou famosa na internet e participou de v\u00e1rios programas de TV. Corpo ser\u00e1 sepultado nesta segunda-feira (11).<\/em><\/strong><\/h4>\n<p>Morreu na noite de s\u00e1bado, 9 de maio, o comediante Ricardo Alexandre dos Reis, conhecido como Laila Dominique, que ficou famoso em todo o Brasil ap\u00f3s um v\u00eddeo viral na internet onde dizia &#8220;cada faxina \u00e9 um flash&#8221;. Segundo informa\u00e7\u00f5es, Laila foi diagnosticada com uma toxoplasmose cerebral e estava internada na Santa Casa de Diamantina, no Vale do Jequitinhonha. <\/p>\n<p><img decoding=\"async\" src=\"http:\/\/aconteceunovale.com.br\/portal\/wp-content\/uploads\/2015\/05\/laila_dominique.jpg\" alt=\"\" \/><em>Laila Dominique e a apresentadora Eliane &#8211; Foto: Reprodu\u00e7\u00e3o \/ P\u00e1gina Oficial Laila Dominique<\/em><br \/>\n<\/br><\/p>\n<p>Figura carism\u00e1tica, a fama na internet rendeu a Laila a participa\u00e7\u00e3o de v\u00e1rios programas de TV, como: Programa Silvio Santos, Programa da Eliana, Programa da Sabrina, Manh\u00e3 Maior, Casos de Fam\u00edlia, Programa do Ratinho, entre v\u00e1rios outros.<\/p>\n<p>Em nota divulgada, a assessoria da comediante lamenta a morte e informou que o sepultamento ser\u00e1 nesta segunda-feira, 11 de maio, no Cemit\u00e9rio de Diamantina. <em>&#8220;\u00c9 com muita tristeza que a assessoria informa o falecimento da humorista Laila Dominique. Laila faleceu na Santa Casa de Diamantina, neste \u00faltimo S\u00e1bado, 09\/05.<\/p>\n<p>Laila foi uma grande personalidade, sempre de bom humor e com grande carisma, se tornou a faxineira mais amada do Brasil. Fez com que nossos domingos tivessem mais brilho e alegria.<\/p>\n<p>Solidarizamos aos familiares e amigos de Laila, na certeza de que o seu trabalho pela valoriza\u00e7\u00e3o do humor carism\u00e1tico brasileiro ficar\u00e1 eternizado na hist\u00f3ria. O sepultamento ser\u00e1 amanh\u00e3 11\/05 no cemit\u00e9rio local.&#8221;<\/em>, diz a nota.<\/p>\n<h4><strong>Homenagem do Programa Eliana:<\/strong><\/h4>\n<p><center><\/p>\n<div id=\"fb-root\"><\/div>\n<p><script>(function(d, s, id) {  var js, fjs = d.getElementsByTagName(s)[0];  if (d.getElementById(id)) return;  js = d.createElement(s); js.id = id;  js.src = \"\/\/connect.facebook.net\/pt_BR\/sdk.js#xfbml=1&version=v2.3\";  fjs.parentNode.insertBefore(js, fjs);}(document, 'script', 'facebook-jssdk'));<\/script><\/p>\n<div class=\"fb-post\" data-href=\"https:\/\/www.facebook.com\/ProgramaElianaOficial\/posts\/804765892943476:0\" data-width=\"500\">\n<div class=\"fb-xfbml-parse-ignore\">\n<blockquote cite=\"https:\/\/www.facebook.com\/ProgramaElianaOficial\/posts\/804765892943476:0\">\n<p>Todos da equipe do Programa Eliana ficaram entristecidos com a not&#xed;cia da morte de Laila Dominique. Fica aqui a nossa&#8230;<\/p>\n<p>Posted by <a href=\"https:\/\/www.facebook.com\/ProgramaElianaOficial\">Programa Eliana<\/a> on <a href=\"https:\/\/www.facebook.com\/ProgramaElianaOficial\/posts\/804765892943476:0\">Segunda, 11 de maio de 2015<\/a><\/p><\/blockquote>\n<\/div>\n<\/div>\n<p><\/center><br \/>\n<\/br><\/p>\n<p><center><\/p>\n<div id=\"fb-root\"><\/div>\n<p><script>(function(d, s, id) {  var js, fjs = d.getElementsByTagName(s)[0];  if (d.getElementById(id)) return;  js = d.createElement(s); js.id = id;  js.src = \"\/\/connect.facebook.net\/pt_BR\/sdk.js#xfbml=1&version=v2.3\";  fjs.parentNode.insertBefore(js, fjs);}(document, 'script', 'facebook-jssdk'));<\/script><\/p>\n<div class=\"fb-post\" data-href=\"https:\/\/www.facebook.com\/elianaoficial\/posts\/951735678182690:0\" data-width=\"500\">\n<div class=\"fb-xfbml-parse-ignore\">\n<blockquote cite=\"https:\/\/www.facebook.com\/elianaoficial\/posts\/951735678182690:0\">\n<p>Querida Laila, Vou sentir saudades. Descanse em paz.<\/p>\n<p>Posted by <a href=\"https:\/\/www.facebook.com\/elianaoficial\">Eliana Michaelichen<\/a> on <a href=\"https:\/\/www.facebook.com\/elianaoficial\/posts\/951735678182690:0\">Segunda, 11 de maio de 2015<\/a><\/p><\/blockquote>\n<\/div>\n<\/div>\n<p><\/center><br \/>\n<\/br><\/p>\n<h4><strong>Veja abaixo alguns v\u00eddeos da comediante:<\/strong><\/h4>\n<p><iframe loading=\"lazy\" width=\"640\" height=\"360\" src=\"https:\/\/www.youtube.com\/embed\/2YBPOnnypkw\" frameborder=\"0\" allowfullscreen><\/iframe><\/p>\n<p><iframe loading=\"lazy\" width=\"640\" height=\"480\" src=\"https:\/\/www.youtube.com\/embed\/PEURYiALnQk\" frameborder=\"0\" allowfullscreen><\/iframe><\/p>\n<p><iframe loading=\"lazy\" width=\"640\" height=\"480\" src=\"https:\/\/www.youtube.com\/embed\/rhrlGdCvkXM\" frameborder=\"0\" allowfullscreen><\/iframe><\/p>\n<p><iframe loading=\"lazy\" width=\"640\" height=\"480\" src=\"https:\/\/www.youtube.com\/embed\/a79u8S7Lj7o\" frameborder=\"0\" allowfullscreen><\/iframe><\/p>\n<p><iframe loading=\"lazy\" width=\"640\" height=\"480\" src=\"https:\/\/www.youtube.com\/embed\/XW0sFLw9zDo\" frameborder=\"0\" allowfullscreen><\/iframe><\/p>\n<p><iframe loading=\"lazy\" width=\"640\" height=\"360\" src=\"https:\/\/www.youtube.com\/embed\/qgF-4TuRnLY\" frameborder=\"0\" allowfullscreen><\/iframe><\/p>\n<p><iframe loading=\"lazy\" width=\"640\" height=\"480\" src=\"https:\/\/www.youtube.com\/embed\/dBGpGwkvA1Q\" frameborder=\"0\" allowfullscreen><\/iframe><\/p>\n","protected":false},"excerpt":{"rendered":"<p>Laila Dominique ficou famosa na internet e participou de v\u00e1rios programas de TV. Corpo ser\u00e1 sepultado nesta segunda-feira (11). Morreu na noite de s\u00e1bado, 9 de maio, o comediante Ricardo Alexandre dos Reis, conhecido como Laila Dominique, que ficou famoso em todo o Brasil ap\u00f3s um v\u00eddeo viral na internet onde dizia &#8220;cada faxina \u00e9 [&hellip;]<\/p>\n","protected":false},"author":1,"featured_media":59085,"comment_status":"open","ping_status":"closed","sticky":false,"template":"","format":"standard","meta":{"amp_status":"","footnotes":""},"categories":[6,120],"tags":[44484,44475,44469,44468,44467,44476,44456,44481,1018,198,44477,44480,44457,44491,44485,44486,44492,44493,44466,44459,44462,44461,44489,44490,44458,44460,44487,44488,44464,44494,44465,26373,44578,44463,44483,44470,44495,44479,44478,44482],"class_list":["post-59084","post","type-post","status-publish","format-standard","has-post-thumbnail","hentry","category-br","category-jequi","tag-assistir-videos-de-laila-dominique","tag-bordoes-de-laila-dominique","tag-cada-faxina-e-um-flash","tag-cada-mergulho-e-um-flash","tag-casos-de-familia","tag-causa-da-morte-de-laila-dominique","tag-comediante-laila-dominique","tag-de-que-morreu-laila-dominique","tag-destaque","tag-diamantina","tag-doenca-de-laila-dominique","tag-enterro-de-laila-dominique","tag-laila-dominique","tag-laila-dominique-cada-bicha-e-um-flash","tag-laila-dominique-do-programa-da-eliana","tag-laila-dominique-do-sbt","tag-laila-dominique-e-bicha","tag-laila-dominique-e-um-flash","tag-manha-maior","tag-morre-a-comediante-laila-dominique","tag-morre-em-diamantina-a-comediante-laila-dominique","tag-morre-laila-dominique","tag-morre-laila-dominique-do-programa-da-eliana","tag-morre-laila-dominique-do-sbt","tag-morte-da-comediante-laila-dominique","tag-morte-de-laila-dominique","tag-morte-de-laila-dominique-do-programa-da-eliana","tag-morte-de-laila-dominique-do-sbt","tag-programa-da-eliana","tag-programa-da-eliana-laila-dominique","tag-programa-da-sabrina","tag-programa-do-ratinho","tag-programa-eliana-presta-homenagem-a-comediante-laila-dominique","tag-programa-silvio-santos","tag-programas-de-laila-dominique","tag-ricardo-alexandre-dos-reis","tag-sbt-laila-dominique","tag-sepultamento-de-laila-dominique","tag-velorio-de-laila-dominique","tag-videos-de-laila-dominique"],"_links":{"self":[{"href":"https:\/\/aconteceunovale.com.br\/portal\/index.php?rest_route=\/wp\/v2\/posts\/59084","targetHints":{"allow":["GET"]}}],"collection":[{"href":"https:\/\/aconteceunovale.com.br\/portal\/index.php?rest_route=\/wp\/v2\/posts"}],"about":[{"href":"https:\/\/aconteceunovale.com.br\/portal\/index.php?rest_route=\/wp\/v2\/types\/post"}],"author":[{"embeddable":true,"href":"https:\/\/aconteceunovale.com.br\/portal\/index.php?rest_route=\/wp\/v2\/users\/1"}],"replies":[{"embeddable":true,"href":"https:\/\/aconteceunovale.com.br\/portal\/index.php?rest_route=%2Fwp%2Fv2%2Fcomments&post=59084"}],"version-history":[{"count":0,"href":"https:\/\/aconteceunovale.com.br\/portal\/index.php?rest_route=\/wp\/v2\/posts\/59084\/revisions"}],"wp:featuredmedia":[{"embeddable":true,"href":"https:\/\/aconteceunovale.com.br\/portal\/index.php?rest_route=\/wp\/v2\/media\/59085"}],"wp:attachment":[{"href":"https:\/\/aconteceunovale.com.br\/portal\/index.php?rest_route=%2Fwp%2Fv2%2Fmedia&parent=59084"}],"wp:term":[{"taxonomy":"category","embeddable":true,"href":"https:\/\/aconteceunovale.com.br\/portal\/index.php?rest_route=%2Fwp%2Fv2%2Fcategories&post=59084"},{"taxonomy":"post_tag","embeddable":true,"href":"https:\/\/aconteceunovale.com.br\/portal\/index.php?rest_route=%2Fwp%2Fv2%2Ftags&post=59084"}],"curies":[{"name":"wp","href":"https:\/\/api.w.org\/{rel}","templated":true}]}}