{"id":59070,"date":"2015-05-10T20:37:19","date_gmt":"2015-05-10T23:37:19","guid":{"rendered":"http:\/\/aconteceunovale.com.br\/portal\/?p=59070"},"modified":"2015-05-10T20:40:26","modified_gmt":"2015-05-10T23:40:26","slug":"carro-e-arrastado-por-trem-e-tres-pessoas-ficam-feridas-no-vale-do-aco","status":"publish","type":"post","link":"https:\/\/aconteceunovale.com.br\/portal\/?p=59070","title":{"rendered":"Carro \u00e9 arrastado por trem e tr\u00eas pessoas ficam feridas no Vale do A\u00e7o"},"content":{"rendered":"<h4><strong><em>Mulher e duas crian\u00e7as ficaram feridas. V\u00edtimas foram socorridas e levadas para o Hospital M\u00e1rcio Cunha, em Ipatinga.<\/em><\/strong><\/h4>\n<p>Um acidente entre um carro e um trem de carga, deixou tr\u00eas pessoas feridas, entre elas, duas crian\u00e7as, na tarde deste s\u00e1bado (9), na comunidade de Baratinha, na zona rural de Tim\u00f3teo, no Vale do A\u00e7o. As v\u00edtimas foram socorridas e levadas para o Hospital M\u00e1rcio Cunha, em Ipatinga.<\/p>\n<p>De acordo com o Corpo de Bombeiros, a motorista de 35 anos tentava atravessar a linha f\u00e9rrea quando foi surpreendida pelo trem. O carro foi arrastado por tr\u00eas quil\u00f4metros. As duas crian\u00e7as, uma de tr\u00eas e a outra de cinco anos, s\u00e3o filhas da motorista.<\/p>\n<p><img decoding=\"async\" src=\"http:\/\/aconteceunovale.com.br\/portal\/wp-content\/uploads\/2015\/05\/arrastado_por_trem_4.jpg\" alt=\"\" \/><em>Acidente aconteceu na zona rural de Tim\u00f3teo &#8211; Foto: Enviada pelo internauta Mauro Chaves<\/em><br \/>\n<\/br><\/p>\n<p><img decoding=\"async\" src=\"http:\/\/aconteceunovale.com.br\/portal\/wp-content\/uploads\/2015\/05\/arrastado_por_trem_5.jpg\" alt=\"\" \/><em>Acidente aconteceu na zona rural de Tim\u00f3teo &#8211; Foto: Enviada pelo internauta Mauro Chaves<\/em><br \/>\n<\/br><\/p>\n<p><strong><em>(Fonte: Inter TV dos Vales \/ G1)<\/em><\/strong><\/p>\n","protected":false},"excerpt":{"rendered":"<p>Mulher e duas crian\u00e7as ficaram feridas. V\u00edtimas foram socorridas e levadas para o Hospital M\u00e1rcio Cunha, em Ipatinga. Um acidente entre um carro e um trem de carga, deixou tr\u00eas pessoas feridas, entre elas, duas crian\u00e7as, na tarde deste s\u00e1bado (9), na comunidade de Baratinha, na zona rural de Tim\u00f3teo, no Vale do A\u00e7o. As [&hellip;]<\/p>\n","protected":false},"author":1,"featured_media":59075,"comment_status":"open","ping_status":"closed","sticky":false,"template":"","format":"standard","meta":{"amp_status":"","footnotes":""},"categories":[121],"tags":[44446,44449,44448,44445,44444,1105,44447],"class_list":["post-59070","post","type-post","status-publish","format-standard","has-post-thumbnail","hentry","category-leste","tag-acidente-com-trem-da-vale","tag-acidente-com-trem-em-timoteo","tag-acidente-com-trem-no-vale-do-aco","tag-carro-e-arrastado-por-trem-e-tres-pessoas-ficam-feridas-em-timoteo","tag-carro-e-arrastado-por-trem-e-tres-pessoas-ficam-feridas-no-vale-do-aco","tag-timoteo","tag-trem-da-vale-arrasta-carro-em-timoteo"],"_links":{"self":[{"href":"https:\/\/aconteceunovale.com.br\/portal\/index.php?rest_route=\/wp\/v2\/posts\/59070","targetHints":{"allow":["GET"]}}],"collection":[{"href":"https:\/\/aconteceunovale.com.br\/portal\/index.php?rest_route=\/wp\/v2\/posts"}],"about":[{"href":"https:\/\/aconteceunovale.com.br\/portal\/index.php?rest_route=\/wp\/v2\/types\/post"}],"author":[{"embeddable":true,"href":"https:\/\/aconteceunovale.com.br\/portal\/index.php?rest_route=\/wp\/v2\/users\/1"}],"replies":[{"embeddable":true,"href":"https:\/\/aconteceunovale.com.br\/portal\/index.php?rest_route=%2Fwp%2Fv2%2Fcomments&post=59070"}],"version-history":[{"count":0,"href":"https:\/\/aconteceunovale.com.br\/portal\/index.php?rest_route=\/wp\/v2\/posts\/59070\/revisions"}],"wp:featuredmedia":[{"embeddable":true,"href":"https:\/\/aconteceunovale.com.br\/portal\/index.php?rest_route=\/wp\/v2\/media\/59075"}],"wp:attachment":[{"href":"https:\/\/aconteceunovale.com.br\/portal\/index.php?rest_route=%2Fwp%2Fv2%2Fmedia&parent=59070"}],"wp:term":[{"taxonomy":"category","embeddable":true,"href":"https:\/\/aconteceunovale.com.br\/portal\/index.php?rest_route=%2Fwp%2Fv2%2Fcategories&post=59070"},{"taxonomy":"post_tag","embeddable":true,"href":"https:\/\/aconteceunovale.com.br\/portal\/index.php?rest_route=%2Fwp%2Fv2%2Ftags&post=59070"}],"curies":[{"name":"wp","href":"https:\/\/api.w.org\/{rel}","templated":true}]}}