{"id":59052,"date":"2015-05-10T10:24:52","date_gmt":"2015-05-10T13:24:52","guid":{"rendered":"http:\/\/aconteceunovale.com.br\/portal\/?p=59052"},"modified":"2015-05-10T10:24:52","modified_gmt":"2015-05-10T13:24:52","slug":"onibus-com-mais-de-40-passageiros-tomba-na-br-251","status":"publish","type":"post","link":"https:\/\/aconteceunovale.com.br\/portal\/?p=59052","title":{"rendered":"\u00d4nibus com mais de 40 passageiros tomba na BR-251"},"content":{"rendered":"<h4><strong><em>Acidente aconteceu pr\u00f3ximo a Salinas, no Norte de Minas. Nove pessoas foram socorridas pelo SAMU. <\/em><\/strong><\/h4>\n<p>Nove pessoas ficaram feridas em um acidente por volta das 5h30 da manh\u00e3 deste domingo, 10 de maio, na BR-251, pr\u00f3ximo a Salinas, no Norte de Minas. O \u00f4nibus placas BWA-6414, de S\u00e3o Paulo (SP), transitava no sentido Montes Claros\/Salinas, quando o motorista teria perdido o controle da dire\u00e7\u00e3o e o ve\u00edculo tombou \u00e0s margens da rodovia. O ve\u00edculo fazia o transporte de 46 passageiros de S\u00e3o Paulo para o estado do Pernambuco.<\/p>\n<p>De acordo com a Assessoria de Comunica\u00e7\u00e3o do Samu Macro Norte, com o impacto do acidente, nove pessoas que estavam no ve\u00edculo foram socorridas pela unidade do Samu de Salinas e receberam cuidados necess\u00e1rios no local. <\/p>\n<p>Ainda segundo a Ascom do Samu, Senoval Leite Ferreira, de 35 anos, e Ant\u00f4nio Moura da Silva, de 77, foram encaminhados para atendimento no Hospital de Salinas. O estado de sa\u00fade deles \u00e9 est\u00e1vel.<\/p>\n<p><img decoding=\"async\" src=\"http:\/\/aconteceunovale.com.br\/portal\/wp-content\/uploads\/2015\/05\/acidente_bus_salinas_1.jpg\" alt=\"\" \/><em>Acidente aconteceu pr\u00f3ximo a Salinas &#8211; Foto: Divulga\u00e7\u00e3o \/ Samu Macro Norte<\/em><br \/>\n<\/br><\/p>\n<p><img decoding=\"async\" src=\"http:\/\/aconteceunovale.com.br\/portal\/wp-content\/uploads\/2015\/05\/acidente_bus_salinas_2.jpg\" alt=\"\" \/><em>Acidente aconteceu pr\u00f3ximo a Salinas &#8211; Foto: Divulga\u00e7\u00e3o \/ Samu Macro Norte<\/em><br \/>\n<\/br><\/p>\n<p><img decoding=\"async\" src=\"http:\/\/aconteceunovale.com.br\/portal\/wp-content\/uploads\/2015\/05\/acidente_bus_salinas_3.jpg\" alt=\"\" \/><em>Acidente aconteceu pr\u00f3ximo a Salinas &#8211; Foto: Divulga\u00e7\u00e3o \/ Samu Macro Norte<\/em><br \/>\n<\/br><\/p>\n<p><img decoding=\"async\" src=\"http:\/\/aconteceunovale.com.br\/portal\/wp-content\/uploads\/2015\/05\/acidente_bus_salinas_4.jpg\" alt=\"\" \/><em>Acidente aconteceu pr\u00f3ximo a Salinas &#8211; Foto: Divulga\u00e7\u00e3o \/ Samu Macro Norte<\/em><br \/>\n<\/br><\/p>\n<p><img decoding=\"async\" src=\"http:\/\/aconteceunovale.com.br\/portal\/wp-content\/uploads\/2015\/05\/acidente_bus_salinas_5.jpg\" alt=\"\" \/><em>Acidente aconteceu pr\u00f3ximo a Salinas &#8211; Foto: Divulga\u00e7\u00e3o \/ Samu Macro Norte<\/em><\/p>\n","protected":false},"excerpt":{"rendered":"<p>Acidente aconteceu pr\u00f3ximo a Salinas, no Norte de Minas. Nove pessoas foram socorridas pelo SAMU. Nove pessoas ficaram feridas em um acidente por volta das 5h30 da manh\u00e3 deste domingo, 10 de maio, na BR-251, pr\u00f3ximo a Salinas, no Norte de Minas. O \u00f4nibus placas BWA-6414, de S\u00e3o Paulo (SP), transitava no sentido Montes Claros\/Salinas, [&hellip;]<\/p>\n","protected":false},"author":1,"featured_media":59053,"comment_status":"open","ping_status":"closed","sticky":false,"template":"","format":"standard","meta":{"amp_status":"","footnotes":""},"categories":[1236],"tags":[44419,44421,44420,44426,44423,44416,44422,44418,44417,190,44424,4040,2382,44425],"class_list":["post-59052","post","type-post","status-publish","format-standard","has-post-thumbnail","hentry","category-norte_de_minas","tag-acidente-com-onibus-na-br-251","tag-acidente-com-onibus-no-norte-de-minas","tag-acidente-com-onibus-perto-de-salinas","tag-antonio-moura-da-silva","tag-bwa-6414","tag-onibus-com-mais-de-40-passageiros-tomba-na-br-251","tag-onibus-placas-bwa-6414","tag-onibus-que-seguia-de-sao-paulo-para-o-pernambuco","tag-onibus-que-seguia-para-o-pernambuco","tag-salinas","tag-samu-de-salinas","tag-samu-macro-norte","tag-sao-paulo","tag-senoval-leite-ferreira"],"_links":{"self":[{"href":"https:\/\/aconteceunovale.com.br\/portal\/index.php?rest_route=\/wp\/v2\/posts\/59052","targetHints":{"allow":["GET"]}}],"collection":[{"href":"https:\/\/aconteceunovale.com.br\/portal\/index.php?rest_route=\/wp\/v2\/posts"}],"about":[{"href":"https:\/\/aconteceunovale.com.br\/portal\/index.php?rest_route=\/wp\/v2\/types\/post"}],"author":[{"embeddable":true,"href":"https:\/\/aconteceunovale.com.br\/portal\/index.php?rest_route=\/wp\/v2\/users\/1"}],"replies":[{"embeddable":true,"href":"https:\/\/aconteceunovale.com.br\/portal\/index.php?rest_route=%2Fwp%2Fv2%2Fcomments&post=59052"}],"version-history":[{"count":0,"href":"https:\/\/aconteceunovale.com.br\/portal\/index.php?rest_route=\/wp\/v2\/posts\/59052\/revisions"}],"wp:featuredmedia":[{"embeddable":true,"href":"https:\/\/aconteceunovale.com.br\/portal\/index.php?rest_route=\/wp\/v2\/media\/59053"}],"wp:attachment":[{"href":"https:\/\/aconteceunovale.com.br\/portal\/index.php?rest_route=%2Fwp%2Fv2%2Fmedia&parent=59052"}],"wp:term":[{"taxonomy":"category","embeddable":true,"href":"https:\/\/aconteceunovale.com.br\/portal\/index.php?rest_route=%2Fwp%2Fv2%2Fcategories&post=59052"},{"taxonomy":"post_tag","embeddable":true,"href":"https:\/\/aconteceunovale.com.br\/portal\/index.php?rest_route=%2Fwp%2Fv2%2Ftags&post=59052"}],"curies":[{"name":"wp","href":"https:\/\/api.w.org\/{rel}","templated":true}]}}