{"id":59031,"date":"2015-05-09T21:41:09","date_gmt":"2015-05-10T00:41:09","guid":{"rendered":"http:\/\/aconteceunovale.com.br\/portal\/?p=59031"},"modified":"2015-05-09T21:41:09","modified_gmt":"2015-05-10T00:41:09","slug":"prf-de-teofilo-otoni-prende-motorista-de-caminhao-que-fazia-frete-de-carro-roubado","status":"publish","type":"post","link":"https:\/\/aconteceunovale.com.br\/portal\/?p=59031","title":{"rendered":"PRF de Te\u00f3filo Otoni prende motorista de caminh\u00e3o que fazia frete de carro roubado"},"content":{"rendered":"<h4><strong><em>Homem foi parado em blitz no quil\u00f4metro 278 da BR-116. Ele seguia de Ferraz de Vasconcelos (SP) para Itanh\u00e9m (BA).<\/em><\/strong><\/h4>\n<p>Um homem de 39 anos foi preso neste s\u00e1bado, 9 de maio, por transportar ve\u00edculo roubado e tamb\u00e9m por dirigir com carteira de habilita\u00e7\u00e3o vencida. Ele foi abordado durante uma blitz no quil\u00f4metro 278 da BR-116, em Te\u00f3filo Otoni, no Vale do Mucuri.<\/p>\n<p><img decoding=\"async\" src=\"http:\/\/aconteceunovale.com.br\/portal\/wp-content\/uploads\/2015\/05\/frete_de_carro_roubado_teo_1.jpg\" alt=\"\" \/><em>Carro seria levado para Itanh\u00e9m (BA) &#8211; Foto: PRF \/ Divulga\u00e7\u00e3o<\/em><br \/>\n<\/br><\/p>\n<p>De acordo com a Pol\u00edcia Rodovi\u00e1ria Federal (PRF), o caminh\u00e3o, que trazia na carroceria um Celta com placa de S\u00e3o Paulo, foi parado e durante a checagem de documentos, os policiais observaram que os dados de identifica\u00e7\u00e3o do ve\u00edculo transportado eram diferentes dos inseridos na documenta\u00e7\u00e3o apresentada. Ao verificarem o chassi, foi comprovada a clonagem do Celta, que havia sido roubado na capital Paulista em janeiro.<\/p>\n<p>O motorista do caminh\u00e3o, identificado pelas iniciais V.L.S, disse que foi contratado na cidade de Ferraz de Vasconcelos (SP) para transportar o ve\u00edculo at\u00e9 Itanh\u00e9m (BA), recebendo a quantia de R$ 700,00 pelo frete. A PRF ainda apurou que o suspeito estava com a habilita\u00e7\u00e3o suspensa junto ao DETRAN.<\/p>\n<p>A ocorr\u00eancia foi encaminhada para a Pol\u00edcia Civil de Te\u00f3filo Otoni.<\/p>\n<p><img decoding=\"async\" src=\"http:\/\/aconteceunovale.com.br\/portal\/wp-content\/uploads\/2015\/05\/frete_de_carro_roubado_teo_3.jpg\" alt=\"\" \/><em>Carro seria levado para Itanh\u00e9m (BA) &#8211; Foto: PRF \/ Divulga\u00e7\u00e3o<\/em><br \/>\n<\/br><\/p>\n<p><img decoding=\"async\" src=\"http:\/\/aconteceunovale.com.br\/portal\/wp-content\/uploads\/2015\/05\/frete_de_carro_roubado_teo_2.jpg\" alt=\"\" \/><em>Carro seria levado para Itanh\u00e9m (BA) &#8211; Foto: PRF \/ Divulga\u00e7\u00e3o<\/em><br \/>\n<\/br><\/p>\n<p><strong><em>(Fonte: Jornal O Tempo)<\/em><\/strong><\/p>\n","protected":false},"excerpt":{"rendered":"<p>Homem foi parado em blitz no quil\u00f4metro 278 da BR-116. Ele seguia de Ferraz de Vasconcelos (SP) para Itanh\u00e9m (BA). Um homem de 39 anos foi preso neste s\u00e1bado, 9 de maio, por transportar ve\u00edculo roubado e tamb\u00e9m por dirigir com carteira de habilita\u00e7\u00e3o vencida. Ele foi abordado durante uma blitz no quil\u00f4metro 278 da [&hellip;]<\/p>\n","protected":false},"author":1,"featured_media":59032,"comment_status":"open","ping_status":"closed","sticky":false,"template":"","format":"standard","meta":{"amp_status":"","footnotes":""},"categories":[122],"tags":[44401,44400,34834,44399,44398,44402,164],"class_list":["post-59031","post","type-post","status-publish","format-standard","has-post-thumbnail","hentry","category-mucuri","tag-ferraz-de-vasconcelos","tag-itanhem","tag-prf-de-teofilo-otoni","tag-prf-de-teofilo-otoni-prende-motorista-de-caminhao","tag-prf-de-teofilo-otoni-prende-motorista-de-caminhao-que-fazia-frete-de-carro-roubado","tag-prisao-de-caminhoneiro-que-seguia-de-ferraz-de-vasconcelos-para-itanhem","tag-teofilo-otoni"],"_links":{"self":[{"href":"https:\/\/aconteceunovale.com.br\/portal\/index.php?rest_route=\/wp\/v2\/posts\/59031","targetHints":{"allow":["GET"]}}],"collection":[{"href":"https:\/\/aconteceunovale.com.br\/portal\/index.php?rest_route=\/wp\/v2\/posts"}],"about":[{"href":"https:\/\/aconteceunovale.com.br\/portal\/index.php?rest_route=\/wp\/v2\/types\/post"}],"author":[{"embeddable":true,"href":"https:\/\/aconteceunovale.com.br\/portal\/index.php?rest_route=\/wp\/v2\/users\/1"}],"replies":[{"embeddable":true,"href":"https:\/\/aconteceunovale.com.br\/portal\/index.php?rest_route=%2Fwp%2Fv2%2Fcomments&post=59031"}],"version-history":[{"count":0,"href":"https:\/\/aconteceunovale.com.br\/portal\/index.php?rest_route=\/wp\/v2\/posts\/59031\/revisions"}],"wp:featuredmedia":[{"embeddable":true,"href":"https:\/\/aconteceunovale.com.br\/portal\/index.php?rest_route=\/wp\/v2\/media\/59032"}],"wp:attachment":[{"href":"https:\/\/aconteceunovale.com.br\/portal\/index.php?rest_route=%2Fwp%2Fv2%2Fmedia&parent=59031"}],"wp:term":[{"taxonomy":"category","embeddable":true,"href":"https:\/\/aconteceunovale.com.br\/portal\/index.php?rest_route=%2Fwp%2Fv2%2Fcategories&post=59031"},{"taxonomy":"post_tag","embeddable":true,"href":"https:\/\/aconteceunovale.com.br\/portal\/index.php?rest_route=%2Fwp%2Fv2%2Ftags&post=59031"}],"curies":[{"name":"wp","href":"https:\/\/api.w.org\/{rel}","templated":true}]}}