{"id":59009,"date":"2015-05-09T15:56:25","date_gmt":"2015-05-09T18:56:25","guid":{"rendered":"http:\/\/aconteceunovale.com.br\/portal\/?p=59009"},"modified":"2015-05-09T18:10:32","modified_gmt":"2015-05-09T21:10:32","slug":"homem-que-sequestrou-mulher-encontrada-no-serro-e-preso-em-rio-vermelho","status":"publish","type":"post","link":"https:\/\/aconteceunovale.com.br\/portal\/?p=59009","title":{"rendered":"Homem que sequestrou mulher encontrada no Serro \u00e9 preso em Rio Vermelho"},"content":{"rendered":"<h4><strong><em>Ricardo Ara\u00fajo Neiva, de 32 anos, \u00e9 suspeito de sequestrar uma mulher no bairro Planalto, em BH. V\u00edtima foi encontrada na \u00faltima quarta-feira (6) em Serro.<\/em><\/strong><\/h4>\n<p>A Pol\u00edcia Civil de Rio Vermelho (MG) prendeu na tarde dessa sexta-feira, 8 de maio, um homem suspeito de sequestrar uma mulher no \u00faltimo dia 5 no bairro Planalto, em Belo Horizonte. A v\u00edtima foi encontrada na \u00faltima quarta-feira, na cidade do Serro.<\/p>\n<p><img decoding=\"async\" src=\"http:\/\/aconteceunovale.com.br\/portal\/wp-content\/uploads\/2015\/05\/sequestrador_serro_bh_rv_1.jpg\" alt=\"\" \/><em>Homem foi preso pela Pol\u00edcia Civil de Rio Vermelho &#8211; Foto: Divulga\u00e7\u00e3o<\/em><br \/>\n<\/br><\/p>\n<p>De acordo com a corpora\u00e7\u00e3o, ap\u00f3s rastreamentos, investigadores da Delegacia de Rio Vermelho localizaram Ricardo Ara\u00fajo Neiva, de 32 anos, em um lavajato da cidade e com ele foi encontrado o VW Fox, placa HLK-8815, de cor prata, pertencente \u00e0 L.L.G.M.P, de 26 anos. Durante buscas no interior do ve\u00edculo foi encontrada uma bolsa com v\u00e1rios cart\u00f5es, documentos e pertences pessoais da v\u00edtima.<\/p>\n<p>Diante dos fatos, Ricardo Ara\u00fajo foi preso e encontra-se recolhido na Cadeia P\u00fablica de Rio Vermelho \u00e0 disposi\u00e7\u00e3o da Justi\u00e7a.<\/p>\n<h4><strong>Relembre o caso<\/strong><\/h4>\n<p><a href=\"http:\/\/aconteceunovale.com.br\/portal\/?p=58841\" target=\"_blank\">&#8211; Jovem que estava desaparecida \u00e9 encontrada no Serro (CLIQUE AQUI)<\/a><\/p>\n<p><img decoding=\"async\" src=\"http:\/\/aconteceunovale.com.br\/portal\/wp-content\/uploads\/2015\/05\/sequestrador_serro_bh_rv_2.jpg\" alt=\"\" \/><em>Homem foi preso pela Pol\u00edcia Civil de Rio Vermelho &#8211; Foto: Divulga\u00e7\u00e3o<\/em><br \/>\n<\/br><\/p>\n<p><img decoding=\"async\" src=\"http:\/\/aconteceunovale.com.br\/portal\/wp-content\/uploads\/2015\/05\/sequestrador_serro_bh_rv_3.jpg\" alt=\"\" \/><em>Homem foi preso pela Pol\u00edcia Civil de Rio Vermelho &#8211; Foto: Divulga\u00e7\u00e3o<\/em><br \/>\n<\/br><\/p>\n<p><img decoding=\"async\" src=\"http:\/\/aconteceunovale.com.br\/portal\/wp-content\/uploads\/2015\/05\/sequestrador_serro_bh_rv_4.jpg\" alt=\"\" \/><em>Homem foi preso pela Pol\u00edcia Civil de Rio Vermelho &#8211; Foto: Divulga\u00e7\u00e3o<\/em><\/p>\n","protected":false},"excerpt":{"rendered":"<p>Ricardo Ara\u00fajo Neiva, de 32 anos, \u00e9 suspeito de sequestrar uma mulher no bairro Planalto, em BH. V\u00edtima foi encontrada na \u00faltima quarta-feira (6) em Serro. A Pol\u00edcia Civil de Rio Vermelho (MG) prendeu na tarde dessa sexta-feira, 8 de maio, um homem suspeito de sequestrar uma mulher no \u00faltimo dia 5 no bairro Planalto, [&hellip;]<\/p>\n","protected":false},"author":1,"featured_media":59010,"comment_status":"open","ping_status":"closed","sticky":false,"template":"","format":"standard","meta":{"amp_status":"","footnotes":""},"categories":[123],"tags":[1018,44368,44367,44366,44358,44370,44362,44360,44363,44369,44364,44359,445,44365,44361,154],"class_list":["post-59009","post","type-post","status-publish","format-standard","has-post-thumbnail","hentry","category-gerais","tag-destaque","tag-fox-hlk-8815","tag-hlk-8815","tag-homem-que-sequestrou-luara-line","tag-homem-que-sequestrou-mulher-encontrada-no-serro-e-preso-em-rio-vermelho","tag-homem-que-sequestrou-mulher-encontrada-no-serro-e-preso-pela-policia-civil-de-rio-vermelho","tag-luara-line-gomes-de-moura-pereira","tag-mulher-sequestrada-no-bairro-planalto-em-belo-horizonte","tag-policia-civil-de-rio-vermelho","tag-policia-civil-de-rio-vermelho-prende-autor-de-sequestro-em-belo-horizonte","tag-preso-em-rio-vermelho","tag-ricardo-araujo-neiva","tag-rio-vermelho","tag-sequestrador-preso-em-rio-vermelho","tag-sequestro-no-bairro-planalto-em-belo-horizonte","tag-serro"],"_links":{"self":[{"href":"https:\/\/aconteceunovale.com.br\/portal\/index.php?rest_route=\/wp\/v2\/posts\/59009","targetHints":{"allow":["GET"]}}],"collection":[{"href":"https:\/\/aconteceunovale.com.br\/portal\/index.php?rest_route=\/wp\/v2\/posts"}],"about":[{"href":"https:\/\/aconteceunovale.com.br\/portal\/index.php?rest_route=\/wp\/v2\/types\/post"}],"author":[{"embeddable":true,"href":"https:\/\/aconteceunovale.com.br\/portal\/index.php?rest_route=\/wp\/v2\/users\/1"}],"replies":[{"embeddable":true,"href":"https:\/\/aconteceunovale.com.br\/portal\/index.php?rest_route=%2Fwp%2Fv2%2Fcomments&post=59009"}],"version-history":[{"count":0,"href":"https:\/\/aconteceunovale.com.br\/portal\/index.php?rest_route=\/wp\/v2\/posts\/59009\/revisions"}],"wp:featuredmedia":[{"embeddable":true,"href":"https:\/\/aconteceunovale.com.br\/portal\/index.php?rest_route=\/wp\/v2\/media\/59010"}],"wp:attachment":[{"href":"https:\/\/aconteceunovale.com.br\/portal\/index.php?rest_route=%2Fwp%2Fv2%2Fmedia&parent=59009"}],"wp:term":[{"taxonomy":"category","embeddable":true,"href":"https:\/\/aconteceunovale.com.br\/portal\/index.php?rest_route=%2Fwp%2Fv2%2Fcategories&post=59009"},{"taxonomy":"post_tag","embeddable":true,"href":"https:\/\/aconteceunovale.com.br\/portal\/index.php?rest_route=%2Fwp%2Fv2%2Ftags&post=59009"}],"curies":[{"name":"wp","href":"https:\/\/api.w.org\/{rel}","templated":true}]}}