{"id":58985,"date":"2015-05-09T12:51:12","date_gmt":"2015-05-09T15:51:12","guid":{"rendered":"http:\/\/aconteceunovale.com.br\/portal\/?p=58985"},"modified":"2015-05-09T12:53:15","modified_gmt":"2015-05-09T15:53:15","slug":"carro-de-funeraria-capelinhense-capota-na-mgc-120","status":"publish","type":"post","link":"https:\/\/aconteceunovale.com.br\/portal\/?p=58985","title":{"rendered":"Carro de funer\u00e1ria capelinhense capota na MGC-120"},"content":{"rendered":"<h4><strong><em>Acidente aconteceu no trecho entre Santa Maria do Sua\u00e7u\u00ed e \u00c1gua Boa. \u00d3leo na pista pode ter provocado o acidente.<\/em><\/strong><\/h4>\n<p>Um furg\u00e3o da Funer\u00e1ria S\u00e3o Geraldo, de Capelinha, capotou na manh\u00e3 deste s\u00e1bado, 09 de maio, na MGC-120, entre Santa Maria do Sua\u00e7u\u00ed e \u00c1gua Boa, no Vale do Rio Doce. <\/p>\n<p>De acordo com as primeiras informa\u00e7\u00f5es, o condutor teria perdido o controle da dire\u00e7\u00e3o na pista escorregaria e o ve\u00edculo veio a capotar e s\u00f3 parou em um barraco \u00e0s margens da rodovia.<\/p>\n<p>No momento do acidente, o carro era ocupado por tr\u00eas pessoas e fazia o transporte de um corpo.  Felizmente ningu\u00e9m ficou ferido, foram registrados apenas preju\u00edzos materiais. <\/p>\n<p><img decoding=\"async\" src=\"http:\/\/aconteceunovale.com.br\/portal\/wp-content\/uploads\/2015\/05\/acidente_funeraria_sao_geraldo_3.jpg\" alt=\"\" \/><em>Acidente aconteceu na MGC-120 &#8211; Foto: Fl\u00e1vio Fernandes \/ \u00c1gua Boa em Foco<\/em><br \/>\n<\/br><\/p>\n<p><img decoding=\"async\" src=\"http:\/\/aconteceunovale.com.br\/portal\/wp-content\/uploads\/2015\/05\/acidente_funeraria_sao_geraldo_1.jpg\" alt=\"\" \/><em>Acidente aconteceu na MGC-120 &#8211; Foto: Fl\u00e1vio Fernandes \/ \u00c1gua Boa em Foco<\/em><br \/>\n<\/br><\/p>\n<p><img decoding=\"async\" src=\"http:\/\/aconteceunovale.com.br\/portal\/wp-content\/uploads\/2015\/05\/acidente_funeraria_sao_geraldo_2.jpg\" alt=\"\" \/><em>Acidente aconteceu na MGC-120 &#8211; Foto: Fl\u00e1vio Fernandes \/ \u00c1gua Boa em Foco<\/em><\/p>\n","protected":false},"excerpt":{"rendered":"<p>Acidente aconteceu no trecho entre Santa Maria do Sua\u00e7u\u00ed e \u00c1gua Boa. \u00d3leo na pista pode ter provocado o acidente. Um furg\u00e3o da Funer\u00e1ria S\u00e3o Geraldo, de Capelinha, capotou na manh\u00e3 deste s\u00e1bado, 09 de maio, na MGC-120, entre Santa Maria do Sua\u00e7u\u00ed e \u00c1gua Boa, no Vale do Rio Doce. De acordo com as [&hellip;]<\/p>\n","protected":false},"author":1,"featured_media":58988,"comment_status":"open","ping_status":"closed","sticky":false,"template":"","format":"standard","meta":{"amp_status":"","footnotes":""},"categories":[120],"tags":[44339,44340,130,132,44338,44337,44336,44341,240],"class_list":["post-58985","post","type-post","status-publish","format-standard","has-post-thumbnail","hentry","category-jequi","tag-acidente-com-carro-da-funeraria-sao-geraldo","tag-acidente-com-furgao-da-funeraria-sao-geraldo","tag-agua-boa","tag-capelinha","tag-carro-da-funeraria-sao-geraldo","tag-carro-da-funeraria-sao-geraldo-tomba-na-mgc-120","tag-carro-de-funeraria-capelinhense-capota-na-mgc-120","tag-funeraria-sao-geraldo","tag-santa-maria-do-suacui"],"_links":{"self":[{"href":"https:\/\/aconteceunovale.com.br\/portal\/index.php?rest_route=\/wp\/v2\/posts\/58985","targetHints":{"allow":["GET"]}}],"collection":[{"href":"https:\/\/aconteceunovale.com.br\/portal\/index.php?rest_route=\/wp\/v2\/posts"}],"about":[{"href":"https:\/\/aconteceunovale.com.br\/portal\/index.php?rest_route=\/wp\/v2\/types\/post"}],"author":[{"embeddable":true,"href":"https:\/\/aconteceunovale.com.br\/portal\/index.php?rest_route=\/wp\/v2\/users\/1"}],"replies":[{"embeddable":true,"href":"https:\/\/aconteceunovale.com.br\/portal\/index.php?rest_route=%2Fwp%2Fv2%2Fcomments&post=58985"}],"version-history":[{"count":0,"href":"https:\/\/aconteceunovale.com.br\/portal\/index.php?rest_route=\/wp\/v2\/posts\/58985\/revisions"}],"wp:featuredmedia":[{"embeddable":true,"href":"https:\/\/aconteceunovale.com.br\/portal\/index.php?rest_route=\/wp\/v2\/media\/58988"}],"wp:attachment":[{"href":"https:\/\/aconteceunovale.com.br\/portal\/index.php?rest_route=%2Fwp%2Fv2%2Fmedia&parent=58985"}],"wp:term":[{"taxonomy":"category","embeddable":true,"href":"https:\/\/aconteceunovale.com.br\/portal\/index.php?rest_route=%2Fwp%2Fv2%2Fcategories&post=58985"},{"taxonomy":"post_tag","embeddable":true,"href":"https:\/\/aconteceunovale.com.br\/portal\/index.php?rest_route=%2Fwp%2Fv2%2Ftags&post=58985"}],"curies":[{"name":"wp","href":"https:\/\/api.w.org\/{rel}","templated":true}]}}