{"id":58978,"date":"2015-05-08T23:30:09","date_gmt":"2015-05-09T02:30:09","guid":{"rendered":"http:\/\/aconteceunovale.com.br\/portal\/?p=58978"},"modified":"2015-05-08T23:35:12","modified_gmt":"2015-05-09T02:35:12","slug":"idosos-de-78-e-82-anos-sao-agredidos-e-roubados-em-ponto-dos-volantes","status":"publish","type":"post","link":"https:\/\/aconteceunovale.com.br\/portal\/?p=58978","title":{"rendered":"Idosos de 78 e 82 anos s\u00e3o agredidos e roubados em Ponto dos Volantes"},"content":{"rendered":"<h4><strong><em>Bandido roubou cerca de R$ 2.500,00. Crime aconteceu no C\u00f3rrego do Mel, na zona rural.<\/em><\/strong><\/h4>\n<p>Um casal de idosos foi v\u00edtima de roubo na noite de quinta-feira, 7 de maio, no C\u00f3rrego do Mel, munic\u00edpio de Ponto dos Volantes, no Vale do Jequitinhonha. As v\u00edtimas tamb\u00e9m foram agredidas pelo ladr\u00e3o.<\/p>\n<p>De acordo com a Pol\u00edcia Militar (PM), a idosa de 82 anos relatou que estava no interior de sua resid\u00eancia quando foi surpreendida por um homem, que arrombou a porta e anunciou o assalto. Temendo as amea\u00e7as do criminoso, a v\u00edtima entregou uma bolsa contendo aproximadamente R$ 2.500,00. <\/p>\n<p>N\u00e3o satisfeito, o bandido agrediu a idosa com uma barra de ferro na regi\u00e3o da cabe\u00e7a. Ap\u00f3s ouvir os gritos, o marido da v\u00edtima, de 78 anos, foi ver o que estava acontecendo e tamb\u00e9m foi agredido na cabe\u00e7a. A carteira do idoso tamb\u00e9m foi roubada e continha aproximadamente R$ 150,00.<\/p>\n<p>As v\u00edtimas foram socorridas pelo SAMU e encaminhadas para o hospital de Itaobim. A Pol\u00edcia Militar iniciou rastreamentos com intuito de localizar e prender o assaltante, por\u00e9m sem \u00eaxito at\u00e9 a manh\u00e3 de hoje.<\/p>\n","protected":false},"excerpt":{"rendered":"<p>Bandido roubou cerca de R$ 2.500,00. Crime aconteceu no C\u00f3rrego do Mel, na zona rural. Um casal de idosos foi v\u00edtima de roubo na noite de quinta-feira, 7 de maio, no C\u00f3rrego do Mel, munic\u00edpio de Ponto dos Volantes, no Vale do Jequitinhonha. As v\u00edtimas tamb\u00e9m foram agredidas pelo ladr\u00e3o. De acordo com a Pol\u00edcia [&hellip;]<\/p>\n","protected":false},"author":1,"featured_media":42404,"comment_status":"open","ping_status":"closed","sticky":false,"template":"","format":"standard","meta":{"amp_status":"","footnotes":""},"categories":[120],"tags":[32746,44322,44321,44318,44323,44324,444,44319,44320],"class_list":["post-58978","post","type-post","status-publish","format-standard","has-post-thumbnail","hentry","category-jequi","tag-assalto-em-ponto-dos-volantes","tag-assalto-no-corrego-do-mel","tag-corrego-do-mel","tag-idosos-de-78-e-82-anos-sao-agredidos-e-roubados-em-ponto-dos-volantes","tag-maria-alves-pereira","tag-percilio-francisco-jesus","tag-ponto-dos-volantes","tag-roubo-em-ponto-dos-volantes","tag-roubo-no-corrego-do-mel"],"_links":{"self":[{"href":"https:\/\/aconteceunovale.com.br\/portal\/index.php?rest_route=\/wp\/v2\/posts\/58978","targetHints":{"allow":["GET"]}}],"collection":[{"href":"https:\/\/aconteceunovale.com.br\/portal\/index.php?rest_route=\/wp\/v2\/posts"}],"about":[{"href":"https:\/\/aconteceunovale.com.br\/portal\/index.php?rest_route=\/wp\/v2\/types\/post"}],"author":[{"embeddable":true,"href":"https:\/\/aconteceunovale.com.br\/portal\/index.php?rest_route=\/wp\/v2\/users\/1"}],"replies":[{"embeddable":true,"href":"https:\/\/aconteceunovale.com.br\/portal\/index.php?rest_route=%2Fwp%2Fv2%2Fcomments&post=58978"}],"version-history":[{"count":0,"href":"https:\/\/aconteceunovale.com.br\/portal\/index.php?rest_route=\/wp\/v2\/posts\/58978\/revisions"}],"wp:featuredmedia":[{"embeddable":true,"href":"https:\/\/aconteceunovale.com.br\/portal\/index.php?rest_route=\/wp\/v2\/media\/42404"}],"wp:attachment":[{"href":"https:\/\/aconteceunovale.com.br\/portal\/index.php?rest_route=%2Fwp%2Fv2%2Fmedia&parent=58978"}],"wp:term":[{"taxonomy":"category","embeddable":true,"href":"https:\/\/aconteceunovale.com.br\/portal\/index.php?rest_route=%2Fwp%2Fv2%2Fcategories&post=58978"},{"taxonomy":"post_tag","embeddable":true,"href":"https:\/\/aconteceunovale.com.br\/portal\/index.php?rest_route=%2Fwp%2Fv2%2Ftags&post=58978"}],"curies":[{"name":"wp","href":"https:\/\/api.w.org\/{rel}","templated":true}]}}