{"id":58967,"date":"2015-05-08T22:29:37","date_gmt":"2015-05-09T01:29:37","guid":{"rendered":"http:\/\/aconteceunovale.com.br\/portal\/?p=58967"},"modified":"2015-05-08T22:29:37","modified_gmt":"2015-05-09T01:29:37","slug":"policial-civil-aposentado-agride-lojista-em-shopping-de-montes-claros","status":"publish","type":"post","link":"https:\/\/aconteceunovale.com.br\/portal\/?p=58967","title":{"rendered":"Policial Civil aposentado agride lojista em shopping de Montes Claros"},"content":{"rendered":"<h4><strong><em>V\u00edtima teve ferimentos no rosto e foi atendido pelo Samu. Confus\u00e3o foi gerada por causa do conserto de um aparelho celular.<\/em> <\/strong><\/h4>\n<p>Um lojista foi agredido por um policial civil aposentado na tarde desta sexta-feira, 8 de maio, em um shopping popular de Montes Claros, Norte de Minas. De acordo com testemunhas, a confus\u00e3o iniciou por causa do conserto de um aparelho celular.<\/p>\n<p>Colegas de trabalho do lojista afirmam que o aposentado chegou \u00e1 loja dizendo que estava insatisfeito com o servi\u00e7o realizado em seu aparelho, mas ao ser questionado sobre a nota fiscal ele iniciou as agress\u00f5es. A v\u00edtima teve ferimentos no rosto e foi socorrido pelo Samu.<\/p>\n<p>Uma viatura da Pol\u00edcia Civil foi at\u00e9 o local e  conduziu o policial aposentado para a Delegacia de Plant\u00e3o. De acordo com o delegado respons\u00e1vel pelo caso, Marcos Anderson, o suspeito n\u00e3o tem v\u00ednculo com a Pol\u00edcia Civil h\u00e1 cerca de 10 anos. O delegado informou ainda que aguarda o Boletim de Ocorr\u00eancia, da Pol\u00edcia Militar, com as informa\u00e7\u00f5es do ocorrido e tamb\u00e9m a apresenta\u00e7\u00e3o da v\u00edtima.<\/p>\n<p>Caso haja representa\u00e7\u00e3o, ser\u00e1 lavrado um Termo Circunstanciado de Ocorr\u00eancia (TCO) e ent\u00e3o, v\u00edtima e autor, ser\u00e3o ouvidos no Judici\u00e1rio.<\/p>\n<p><img decoding=\"async\" src=\"http:\/\/aconteceunovale.com.br\/portal\/wp-content\/uploads\/2015\/05\/agressao_shopping_moc.jpg\" alt=\"\" \/><em>V\u00edtima foi agredida em um shopping popular de Montes Claros (Foto: Internauta \/ Reprodu\u00e7\u00e3o G1)<\/em><br \/>\n<\/br><\/p>\n<p><strong><em>(Fonte: G1 \/ Inter TV Grande Minas)<\/em><\/strong><\/p>\n","protected":false},"excerpt":{"rendered":"<p>V\u00edtima teve ferimentos no rosto e foi atendido pelo Samu. Confus\u00e3o foi gerada por causa do conserto de um aparelho celular. Um lojista foi agredido por um policial civil aposentado na tarde desta sexta-feira, 8 de maio, em um shopping popular de Montes Claros, Norte de Minas. De acordo com testemunhas, a confus\u00e3o iniciou por [&hellip;]<\/p>\n","protected":false},"author":1,"featured_media":58968,"comment_status":"open","ping_status":"closed","sticky":false,"template":"","format":"standard","meta":{"amp_status":"","footnotes":""},"categories":[1236],"tags":[44309,44308,210,44307],"class_list":["post-58967","post","type-post","status-publish","format-standard","has-post-thumbnail","hentry","category-norte_de_minas","tag-agressao-em-shopping-de-montes-claros","tag-agressao-em-shopping-popular-de-montes-claros","tag-montes-claros","tag-policial-civil-aposentado-agride-lojista-em-shopping-de-montes-claros"],"_links":{"self":[{"href":"https:\/\/aconteceunovale.com.br\/portal\/index.php?rest_route=\/wp\/v2\/posts\/58967","targetHints":{"allow":["GET"]}}],"collection":[{"href":"https:\/\/aconteceunovale.com.br\/portal\/index.php?rest_route=\/wp\/v2\/posts"}],"about":[{"href":"https:\/\/aconteceunovale.com.br\/portal\/index.php?rest_route=\/wp\/v2\/types\/post"}],"author":[{"embeddable":true,"href":"https:\/\/aconteceunovale.com.br\/portal\/index.php?rest_route=\/wp\/v2\/users\/1"}],"replies":[{"embeddable":true,"href":"https:\/\/aconteceunovale.com.br\/portal\/index.php?rest_route=%2Fwp%2Fv2%2Fcomments&post=58967"}],"version-history":[{"count":0,"href":"https:\/\/aconteceunovale.com.br\/portal\/index.php?rest_route=\/wp\/v2\/posts\/58967\/revisions"}],"wp:featuredmedia":[{"embeddable":true,"href":"https:\/\/aconteceunovale.com.br\/portal\/index.php?rest_route=\/wp\/v2\/media\/58968"}],"wp:attachment":[{"href":"https:\/\/aconteceunovale.com.br\/portal\/index.php?rest_route=%2Fwp%2Fv2%2Fmedia&parent=58967"}],"wp:term":[{"taxonomy":"category","embeddable":true,"href":"https:\/\/aconteceunovale.com.br\/portal\/index.php?rest_route=%2Fwp%2Fv2%2Fcategories&post=58967"},{"taxonomy":"post_tag","embeddable":true,"href":"https:\/\/aconteceunovale.com.br\/portal\/index.php?rest_route=%2Fwp%2Fv2%2Ftags&post=58967"}],"curies":[{"name":"wp","href":"https:\/\/api.w.org\/{rel}","templated":true}]}}