{"id":58953,"date":"2015-05-08T20:49:47","date_gmt":"2015-05-08T23:49:47","guid":{"rendered":"http:\/\/aconteceunovale.com.br\/portal\/?p=58953"},"modified":"2015-05-08T20:49:47","modified_gmt":"2015-05-08T23:49:47","slug":"sedinor-cria-agenda-regional-para-ouvir-populacao-e-aproximar-estado-e-municipios","status":"publish","type":"post","link":"https:\/\/aconteceunovale.com.br\/portal\/?p=58953","title":{"rendered":"Sedinor cria agenda regional para ouvir popula\u00e7\u00e3o e aproximar Estado e munic\u00edpios"},"content":{"rendered":"<h4><strong><em>A primeira cidade que recebeu a visita do secret\u00e1rio Paulo Guedes e sua equipe foi S\u00e3o Francisco, no Norte de Minas<\/em><\/strong><\/h4>\n<p>A Secretaria de Estado de Desenvolvimento e Integra\u00e7\u00e3o do Norte e Nordeste de Minas Gerais (Sedinor) iniciou, nesta semana, a \u201cSedinor P\u00e9 na Estrada\u201d \u2013 uma agenda regional com o objetivo de ouvir a popula\u00e7\u00e3o e aproximar a secretaria dos munic\u00edpios de sua \u00e1rea de abrang\u00eancia. A primeira cidade que recebeu a visita do secret\u00e1rio Paulo Guedes e sua equipe foi S\u00e3o Francisco, no Norte de Minas. O encontro reuniu cerca de 600 lideran\u00e7as dos munic\u00edpios de Urucuia, Icara\u00ed de Minas, Pint\u00f3polis, Luisl\u00e2ndia e S\u00e3o Francisco.<\/p>\n<p>Segundo o secret\u00e1rio Paulo Guedes, o objetivo \u00e9 fazer um diagn\u00f3stico de toda a \u00e1rea de abrang\u00eancia da Sedinor, que re\u00fane 258 munic\u00edpios do Norte, Noroeste de Minas e vales do Jequitinhonha, Mucuri e Rio Doce. \u201cVamos ouvir para governar. Faremos reuni\u00f5es em cada uma das microrregionais e assim estaremos perto das pessoas e tamb\u00e9m dos problemas que precisam ser solucionados. Vamos ouvir os prefeitos, as associa\u00e7\u00f5es comunit\u00e1rias, os vereadores e todas as lideran\u00e7as locais que v\u00e3o nos ajudar a enfrentar a demanda com a seca e os demais problemas sociais que existem em cada regi\u00e3o\u201d, afirma o secret\u00e1rio.<\/p>\n<p>No encontro realizado no Centro Cultural Cat\u00f3lico de S\u00e3o Francisco, Paulo Guedes apresentou as principais a\u00e7\u00f5es do Sistema Sedinor\/Idene, como os programas \u00c1gua para Todos, Leite pela Vida, Brasil Alfabetizado, Artesanato em Movimento e o Programa de Combate \u00e0 Pobreza Rural (PCPR). Todas as a\u00e7\u00f5es s\u00e3o voltadas para a redu\u00e7\u00e3o das desigualdades e o consequente desenvolvimento dessas regi\u00f5es.<\/p>\n<p><img decoding=\"async\" src=\"http:\/\/aconteceunovale.com.br\/portal\/wp-content\/uploads\/2015\/05\/sedinor-cria-agenda-regional-para-ouvir-populacao-e-aproximar-estado-e-municipios.jpg\" alt=\"\" \/><em>Paulo Guedes apresentou as principais a\u00e7\u00f5es do Sistema Sedinor\/Idene &#8211; Foto: Divulga\u00e7\u00e3o\/Sedinor<\/em><br \/>\n<\/br><\/p>\n<p><strong>\u00c1gua para Todos<\/strong><\/p>\n<p>O programa \u00c1gua para Todos, desenvolvido em parceria com o Governo Federal, \u00e9 considerado por Paulo Guedes como a principal a\u00e7\u00e3o de conviv\u00eancia com a seca no semi\u00e1rido. Segundo ele, com o or\u00e7amento j\u00e1 existente, de R$ 550 milh\u00f5es, \u00e9 poss\u00edvel amenizar consideravelmente o problema cr\u00f4nico da falta d\u2019\u00e1gua na \u00e1rea de abrang\u00eancia da Sedinor e acabar, definitivamente, com o abastecimento em caminh\u00f5es-pipa. <\/p>\n<p>Entre as a\u00e7\u00f5es do programa est\u00e3o a constru\u00e7\u00e3o ou instala\u00e7\u00e3o de cisternas de polietileno, de placas de consumo e de produ\u00e7\u00e3o, barreiros, sistemas simplificados de abastecimento de \u00e1gua, sistemas de barraginhas e pequenas barragens.<\/p>\n<p><strong>Leite pela Vida<\/strong><\/p>\n<p>Sobre o programa Leite pela Vida, o secret\u00e1rio informa que pretende dobrar o volume distribu\u00eddo, passando para 150 mil litros\/dia, al\u00e9m de incluir o leite na merenda escolar. \u201cPara isso, pretendemos elevar o volume de cota dos produtores, que hoje \u00e9 de menos de 23 litros por dia. Assim, al\u00e9m de ampliar o n\u00famero de benefici\u00e1rios, vamos garantir a melhoria na renda dos agricultores familiares\u201d, destaca Paulo Guedes.<\/p>\n<p>No Programa de Combate \u00e0 Pobreza Rural (PCPR), al\u00e9m de viabilizar novos investimentos comunit\u00e1rios, o Sistema Sedinor\/Idene pretende acompanhar o funcionamento de todas as unidades produtivas e buscar reparar poss\u00edveis falhas de implanta\u00e7\u00e3o e gest\u00e3o ocorridas nos \u00faltimos anos &#8211; algumas j\u00e1 identificadas. \u201cSabemos que existem unidades que foram instaladas e que n\u00e3o est\u00e3o funcionando. \u00c9 preciso garantir que esses investimentos cumpram a sua finalidade\u201d, afirma o secret\u00e1rio.<\/p>\n<p><strong>Brasil Alfabetizado<\/strong><\/p>\n<p>O programa Brasil Alfabetizado, que tem como principal objetivo contribuir para a supera\u00e7\u00e3o do analfabetismo nas regi\u00f5es Norte e Nordeste de Minas Gerais, universalizando a alfabetiza\u00e7\u00e3o de jovens, adultos e idosos, tamb\u00e9m ser\u00e1 fortalecido na nova gest\u00e3o da Sedinor.<\/p>\n<p>\u201cUm dos problemas observados no programa \u00e9 o baixo \u00edndice de alfabetiza\u00e7\u00e3o. Atualmente, apenas cerca de 20% dos alunos que concluem o curso s\u00e3o considerados alfabetizados. Isso ocorre, principalmente, pela falta de fiscaliza\u00e7\u00e3o das atividades. Vamos tentar corrigir estas falhas\u201d, destaca Paulo Guedes, que garantiu, ainda, que outras a\u00e7\u00f5es do sistema Sedinor\/Idene, como o Artesanato em Movimento, receber\u00e3o aten\u00e7\u00e3o especial nesta nova gest\u00e3o.<\/p>\n<p>Ap\u00f3s a apresenta\u00e7\u00e3o, o secret\u00e1rio ouviu representantes de cada munic\u00edpio, que apresentaram suas demandas. Entre todos eles, os problemas de abastecimento de \u00e1gua, principalmente em comunidades rurais, foram destacados como prioridade. \u201cVamos tratar esse problema com toda a aten\u00e7\u00e3o que ele merece. Faremos tudo o que estiver ao alcance do Governo do Estado para melhorar as condi\u00e7\u00f5es de vida das fam\u00edlias que ainda sofrem com a seca, al\u00e9m de buscarmos o apoio de todos os \u00f3rg\u00e3os que podem contribuir para essas a\u00e7\u00f5es\u201d, diz Paulo Guedes.<\/p>\n<p><strong>Apoio a associa\u00e7\u00f5es comunit\u00e1rias<\/strong><\/p>\n<p>Outro problema que aflige a popula\u00e7\u00e3o da microrregi\u00e3o de S\u00e3o Francisco s\u00e3o as poss\u00edveis irregulares no registro de associa\u00e7\u00f5es comunit\u00e1rias, sindicatos e at\u00e9 escolas no cart\u00f3rio local. O impasse atinge cerca de 300 institui\u00e7\u00f5es que est\u00e3o impossibilitadas de receber recursos p\u00fablicos, alterar estatuto e at\u00e9 de compor ou alterar diretoria, entre outros procedimentos.<\/p>\n<p>Segundo os moradores, a solu\u00e7\u00e3o apresentada pelo judici\u00e1rio local foi a de que as entidades fizessem novo registro e arcassem com os custos. Os representantes das institui\u00e7\u00f5es n\u00e3o concordam e afirmam que cada procedimento custaria entre R$ 1,7 mil e R$ 7 mil. Ap\u00f3s algumas dessas pessoas jur\u00eddicas ajuizarem a\u00e7\u00e3o contra o cart\u00f3rio, o Tribunal de Justi\u00e7a de Minas Gerais (TJMG) entendeu que os documentos devem ser validados.<\/p>\n<p>Com base nessa decis\u00e3o, o secret\u00e1rio Paulo Guedes solicitou \u00e0s institui\u00e7\u00f5es o levantamento de toda a documenta\u00e7\u00e3o e afirmou que ir\u00e1 apoiar o grupo nas a\u00e7\u00f5es necess\u00e1rias para a solu\u00e7\u00e3o definitiva dos problemas. (Ag\u00eancia Brasil)<\/p>\n","protected":false},"excerpt":{"rendered":"<p>A primeira cidade que recebeu a visita do secret\u00e1rio Paulo Guedes e sua equipe foi S\u00e3o Francisco, no Norte de Minas A Secretaria de Estado de Desenvolvimento e Integra\u00e7\u00e3o do Norte e Nordeste de Minas Gerais (Sedinor) iniciou, nesta semana, a \u201cSedinor P\u00e9 na Estrada\u201d \u2013 uma agenda regional com o objetivo de ouvir a [&hellip;]<\/p>\n","protected":false},"author":1,"featured_media":58954,"comment_status":"open","ping_status":"closed","sticky":false,"template":"","format":"standard","meta":{"amp_status":"","footnotes":""},"categories":[1236],"tags":[381,36817,1803,2048,1707,17364,1710,1522,27249,27248,44284,41830,1813],"class_list":["post-58953","post","type-post","status-publish","format-standard","has-post-thumbnail","hentry","category-norte_de_minas","tag-agua-para-todos","tag-brasil-alfabetizado","tag-icarai-de-minas","tag-leite-pela-vida","tag-luislandia","tag-paulo-guedes","tag-pintopolis","tag-sao-francisco","tag-secretaria-de-estado-de-desenvolvimento-e-integracao-do-norte-e-nordeste-de-minas-gerais","tag-sedinor","tag-sedinor-cria-agenda-regional-para-ouvir-populacao-e-aproximar-estado-e-municipios","tag-sedinor-pe-na-estrada","tag-urucuia"],"_links":{"self":[{"href":"https:\/\/aconteceunovale.com.br\/portal\/index.php?rest_route=\/wp\/v2\/posts\/58953","targetHints":{"allow":["GET"]}}],"collection":[{"href":"https:\/\/aconteceunovale.com.br\/portal\/index.php?rest_route=\/wp\/v2\/posts"}],"about":[{"href":"https:\/\/aconteceunovale.com.br\/portal\/index.php?rest_route=\/wp\/v2\/types\/post"}],"author":[{"embeddable":true,"href":"https:\/\/aconteceunovale.com.br\/portal\/index.php?rest_route=\/wp\/v2\/users\/1"}],"replies":[{"embeddable":true,"href":"https:\/\/aconteceunovale.com.br\/portal\/index.php?rest_route=%2Fwp%2Fv2%2Fcomments&post=58953"}],"version-history":[{"count":0,"href":"https:\/\/aconteceunovale.com.br\/portal\/index.php?rest_route=\/wp\/v2\/posts\/58953\/revisions"}],"wp:featuredmedia":[{"embeddable":true,"href":"https:\/\/aconteceunovale.com.br\/portal\/index.php?rest_route=\/wp\/v2\/media\/58954"}],"wp:attachment":[{"href":"https:\/\/aconteceunovale.com.br\/portal\/index.php?rest_route=%2Fwp%2Fv2%2Fmedia&parent=58953"}],"wp:term":[{"taxonomy":"category","embeddable":true,"href":"https:\/\/aconteceunovale.com.br\/portal\/index.php?rest_route=%2Fwp%2Fv2%2Fcategories&post=58953"},{"taxonomy":"post_tag","embeddable":true,"href":"https:\/\/aconteceunovale.com.br\/portal\/index.php?rest_route=%2Fwp%2Fv2%2Ftags&post=58953"}],"curies":[{"name":"wp","href":"https:\/\/api.w.org\/{rel}","templated":true}]}}