{"id":58909,"date":"2015-05-08T14:00:55","date_gmt":"2015-05-08T17:00:55","guid":{"rendered":"http:\/\/aconteceunovale.com.br\/portal\/?p=58909"},"modified":"2015-05-08T14:00:55","modified_gmt":"2015-05-08T17:00:55","slug":"2o-seminario-nacional-de-tecnologias-da-educacao-sera-realizado-de-17-a-23-de-maio","status":"publish","type":"post","link":"https:\/\/aconteceunovale.com.br\/portal\/?p=58909","title":{"rendered":"2\u00ba Semin\u00e1rio Nacional de Tecnologias da Educa\u00e7\u00e3o ser\u00e1 realizado de 17 a 23 de maio"},"content":{"rendered":"<p>Entre os dias 17 a 23 de maio de 2015 acontecer\u00e1 o 2\u00ba SENATED \u2013 Semin\u00e1rio Nacional de Tecnologias na Educa\u00e7\u00e3o. O evento \u00e9 totalmente online, gratuito e \u00e9 voltado para todos que desejam se aliar as tecnologias para transformar as suas aulas e o seu desempenho profissional. O objetivo \u00e9 apresentar estrat\u00e9gias, novas ideias, ferramentas e relatos de experi\u00eancias pr\u00e1ticas com o uso de tecnologias na educa\u00e7\u00e3o.<\/p>\n<p>Idealizado e Coordenado pela professora da Univale, Cristiane Mendes Netto, a primeira edi\u00e7\u00e3o do evento reuniu 7237 inscritos e aconteceu em setembro de 2014. A expectativa desta pr\u00f3xima edi\u00e7\u00e3o \u00e9 superar este n\u00famero e conseguir reunir 10 mil inscritos.<\/p>\n<p>Durante o evento, ser\u00e3o apresentadas 35 palestras. Dentre os temas que ser\u00e3o abordados destacam-se Gamifica\u00e7\u00e3o, Uso de Celular na Sala de Aula, Doc\u00eancia On-line, Andragogia, Google Classroom, Neuroci\u00eancias e tamb\u00e9m Produ\u00e7\u00e3o de Material Did\u00e1tico, Cria\u00e7\u00e3o de Videoaulas e Cria\u00e7\u00e3o de e-book. No time de palestrantes est\u00e3o profissionais de destaque nacional, com forma\u00e7\u00e3o de excel\u00eancia e experi\u00eancias positivas no uso de tecnologias nas suas pr\u00e1ticas de ensino.<\/p>\n<p>O evento \u00e9 destinado ao p\u00fablico que atua na \u00e1rea de educa\u00e7\u00e3o, professores de todos os n\u00edveis de ensino, gestores de institui\u00e7\u00f5es acad\u00eamicas e de empresas do setor educacional. Para garantir a vaga os interessados devem se inscrever no site <a href=\"http:\/\/www.senated.com.br\" target=\"_blank\">http:\/\/www.senated.com.br<\/a> e seguir as instru\u00e7\u00f5es que receber\u00e3o por e-mail para acompanhar as transmiss\u00f5es das palestras.<\/p>\n<p>De acordo com a professora Cristiane Mendes, \u201cdiante do cen\u00e1rio do desenvolvimento tecnol\u00f3gico e das necessidades de mudan\u00e7as nas pr\u00e1ticas de ensino, tem-se que a participa\u00e7\u00e3o do p\u00fablico ser\u00e1 uma grande oportunidade para vivenciar o potencial das tecnologias e buscar novas ideias para implementar em sala de aula, participar de debates e conhecer novos conceitos e possibilidades\u201d.  <\/p>\n<p>Outras informa\u00e7\u00f5es podem ser obtidas pelo email: contato@senated.com.br ou tamb\u00e9m pela p\u00e1gina do Facebook: <a href=\"http:\/\/www.facebook.com\/senated\" target=\"_blank\">www.facebook.com\/senated<\/a><\/p>\n<p><strong>Sobre Cristiane Mendes Netto<\/strong><\/p>\n<p>Entusiasta das tecnologias na Educa\u00e7\u00e3o e encantada com as possibilidades de aprender e ensinar online. Professora universit\u00e1ria desde 2001 e com experi\u00eancia em Educa\u00e7\u00e3o a Dist\u00e2ncia e pesquisa em Inform\u00e1tica na Educa\u00e7\u00e3o. Bacharel em Inform\u00e1tica (UFJF). Mestre em Ci\u00eancia da Computa\u00e7\u00e3o (UFMG). Especialista em Educa\u00e7\u00e3o a Dist\u00e2ncia (SENAC- RJ). Especialista em Design Instrucional para EaD Virtual (UNIFEI). Doutoranda em Ci\u00eancia da Informa\u00e7\u00e3o (UFMG). Professora na Universidade Vale do Rio Doce (UNIVALE), em Governador Valadares, onde atua nos cursos de Sistemas de Informa\u00e7\u00e3o, Ci\u00eancia da Computa\u00e7\u00e3o e Engenharia de Produ\u00e7\u00e3o. Escreve no blog Mais Cursos Online e Pesquisadora em (In)forma\u00e7\u00e3o. <strong>(Ascom Univale)<\/strong><\/p>\n","protected":false},"excerpt":{"rendered":"<p>Entre os dias 17 a 23 de maio de 2015 acontecer\u00e1 o 2\u00ba SENATED \u2013 Semin\u00e1rio Nacional de Tecnologias na Educa\u00e7\u00e3o. O evento \u00e9 totalmente online, gratuito e \u00e9 voltado para todos que desejam se aliar as tecnologias para transformar as suas aulas e o seu desempenho profissional. O objetivo \u00e9 apresentar estrat\u00e9gias, novas ideias, [&hellip;]<\/p>\n","protected":false},"author":1,"featured_media":58910,"comment_status":"open","ping_status":"closed","sticky":false,"template":"","format":"standard","meta":{"amp_status":"","footnotes":""},"categories":[40238,125],"tags":[44182,44181,44184,44190,44194,44193,44186,44189,44187,44191,44192,44183,44185,24146,44188],"class_list":["post-58909","post","type-post","status-publish","format-standard","has-post-thumbnail","hentry","category-educacao-2","category-noticias","tag-2o-seminario-nacional-de-tecnologias-da-educacao","tag-2o-seminario-nacional-de-tecnologias-da-educacao-sera-realizado-de-17-a-23-de-maio","tag-2o-senated","tag-andragogia","tag-criacao-de-e-book","tag-criacao-de-videoaulas","tag-cristiane-mendes-netto","tag-docencia-on-line","tag-gamificacao","tag-google-classroom","tag-neurociencias-e-tambem-producao-de-material-didatico","tag-seminario-nacional-de-tecnologias-da-educacao","tag-senated","tag-univale","tag-uso-de-celular-na-sala-de-aula"],"_links":{"self":[{"href":"https:\/\/aconteceunovale.com.br\/portal\/index.php?rest_route=\/wp\/v2\/posts\/58909","targetHints":{"allow":["GET"]}}],"collection":[{"href":"https:\/\/aconteceunovale.com.br\/portal\/index.php?rest_route=\/wp\/v2\/posts"}],"about":[{"href":"https:\/\/aconteceunovale.com.br\/portal\/index.php?rest_route=\/wp\/v2\/types\/post"}],"author":[{"embeddable":true,"href":"https:\/\/aconteceunovale.com.br\/portal\/index.php?rest_route=\/wp\/v2\/users\/1"}],"replies":[{"embeddable":true,"href":"https:\/\/aconteceunovale.com.br\/portal\/index.php?rest_route=%2Fwp%2Fv2%2Fcomments&post=58909"}],"version-history":[{"count":0,"href":"https:\/\/aconteceunovale.com.br\/portal\/index.php?rest_route=\/wp\/v2\/posts\/58909\/revisions"}],"wp:featuredmedia":[{"embeddable":true,"href":"https:\/\/aconteceunovale.com.br\/portal\/index.php?rest_route=\/wp\/v2\/media\/58910"}],"wp:attachment":[{"href":"https:\/\/aconteceunovale.com.br\/portal\/index.php?rest_route=%2Fwp%2Fv2%2Fmedia&parent=58909"}],"wp:term":[{"taxonomy":"category","embeddable":true,"href":"https:\/\/aconteceunovale.com.br\/portal\/index.php?rest_route=%2Fwp%2Fv2%2Fcategories&post=58909"},{"taxonomy":"post_tag","embeddable":true,"href":"https:\/\/aconteceunovale.com.br\/portal\/index.php?rest_route=%2Fwp%2Fv2%2Ftags&post=58909"}],"curies":[{"name":"wp","href":"https:\/\/api.w.org\/{rel}","templated":true}]}}