{"id":58903,"date":"2015-05-08T10:04:51","date_gmt":"2015-05-08T13:04:51","guid":{"rendered":"http:\/\/aconteceunovale.com.br\/portal\/?p=58903"},"modified":"2015-05-08T10:05:04","modified_gmt":"2015-05-08T13:05:04","slug":"cemig-promove-debates-sobre-arborizacao-urbana-no-vale-do-jequitinhonha","status":"publish","type":"post","link":"https:\/\/aconteceunovale.com.br\/portal\/?p=58903","title":{"rendered":"Cemig promove debates sobre arboriza\u00e7\u00e3o urbana no Vale do Jequitinhonha"},"content":{"rendered":"<p>Crit\u00e9rios para poda de \u00e1rvores, avalia\u00e7\u00e3o de riscos em \u00e1rvores, planejamento urbano e capta\u00e7\u00e3o de recursos para projetos de arboriza\u00e7\u00e3o s\u00e3o alguns dos temas propostos para o primeiro encontro do 5\u00ba Circuito Cemig de Arboriza\u00e7\u00e3o Urbana, que acontece nos dias 20 e 21 de maio, em Ara\u00e7ua\u00ed, no Vale do Jequitinhonha. O evento que acontece, h\u00e1 cinco anos, em diversas cidades do Estado pretende discutir as boas pr\u00e1ticas de arboricultura, al\u00e9m de aprimorar os trabalhos dos profissionais envolvidos no planejamento urbano, distribui\u00e7\u00e3o de energia el\u00e9trica e arboriza\u00e7\u00e3o.<\/p>\n<p>O encontro ser\u00e1 realizado no Instituto Federal de Educa\u00e7\u00e3o, Ci\u00eancia e Tecnologia do Norte de Minas Gerais \u2013 campus Ara\u00e7ua\u00ed, com uma programa\u00e7\u00e3o, iniciando \u00e0s 8 horas, sobre o tema, permitindo aos participantes incorporar, em suas rotinas de trabalho, conhecimentos sobre os diversos aspectos do planejamento, implanta\u00e7\u00e3o e manuten\u00e7\u00e3o de \u00e1rvores em ambiente urbano.<\/p>\n<p>Segundo o engenheiro de meio ambiente Pedro Mendes, da Cemig, o encontro ainda vai contemplar, nos pr\u00f3ximos meses, Arcos (Centro-Oeste de Minas), Caxambu (Sul de Minas) e Congonhas (regi\u00e3o Central), permitindo uma participa\u00e7\u00e3o ampla das comunidades onde a Empresa atua.<\/p>\n<h4><strong>Participa\u00e7\u00e3o<\/strong><\/h4>\n<p>O Circuito re\u00fane palestrantes do setor de arboriza\u00e7\u00e3o que abordam temas como gest\u00e3o da arboriza\u00e7\u00e3o urbana, procedimentos e adequa\u00e7\u00e3o da arboriza\u00e7\u00e3o urbana aos instrumentos p\u00fablicos, arboriza\u00e7\u00e3o no contexto do planejamento urbano, entre outros. Al\u00e9m disso, os participantes ter\u00e3o a oportunidade de conhecer, de forma pr\u00e1tica, t\u00e9cnicas de plantio e podas de \u00e1rvores urbanas, de identifica\u00e7\u00e3o de esp\u00e9cies para arboriza\u00e7\u00e3o urbana e de avalia\u00e7\u00e3o de sanidade de \u00e1rvores e de riscos de queda.<\/p>\n<p>Envolvendo profissionais da Cemig, prefeituras locais, estudantes universit\u00e1rios, organiza\u00e7\u00f5es n\u00e3o governamentais e \u00f3rg\u00e3os p\u00fablicos ligados \u00e0 gest\u00e3o ambiental, o Circuito traz a oportunidade de apresenta\u00e7\u00e3o e discuss\u00e3o das boas pr\u00e1ticas e procedimentos de planejamento das \u00e1rvores no meio urbano. \u201cFunciona como uma troca de experi\u00eancias, em que a Cemig apresenta e discute seus programas de manejo de vegeta\u00e7\u00e3o e as administra\u00e7\u00f5es municipais apresentam e discutem programas na \u00e1rea de manejo de arboriza\u00e7\u00e3o urbana. Al\u00e9m disso, constitui espa\u00e7o para a apresenta\u00e7\u00e3o de trabalhos cient\u00edficos voltados para o desenvolvimento de t\u00e9cnicas adequadas ao plantio e a conviv\u00eancia urbana\u201d, afirma Pedro Mendes.<\/p>\n<h4><strong>Inscri\u00e7\u00f5es<\/strong><\/h4>\n<p><span style=\"color:green\"><strong><em>Os interessados em participar do 5\u00ba Circuito Cemig de Arboriza\u00e7\u00e3o Urbana podem se inscrever enviando: Nome, empresa e e-mail para circuitoarborizacao@cemig.com.br.<\/p>\n<p><span style=\"color:green\">As inscri\u00e7\u00f5es tamb\u00e9m podem ser realizadas atrav\u00e9s dos telefones: (31) 3846 1271. Inscri\u00e7\u00f5es gratuitas at\u00e9 17 de maio. Vagas limitadas!<\/em><\/strong><\/p>\n<h4><strong>Servi\u00e7o<\/strong><\/h4>\n<p><strong>5\u00ba Circuito Cemig de Arboriza\u00e7\u00e3o Urbana \u2013 Ara\u00e7ua\u00ed<\/strong><\/p>\n<p><strong>Data:<\/strong> 20 e 21 de maio de 2015 (quarta e quinta-feira)<br \/>\n<strong>Hor\u00e1rio:<\/strong> 8 horas<br \/>\n<strong>Local:<\/strong> Instituto Federal de Educa\u00e7\u00e3o, Ci\u00eancia e Tecnologia do Norte de Minas Gerais \u2013 campus Ara\u00e7ua\u00ed<br \/>\n<strong>Endere\u00e7o:<\/strong> Fazendo do Meio P\u00e9 da Serra, s\/no, BR 367 \u2013 Km 278 \u2013 Ara\u00e7ua\u00ed\/MG<\/p>\n","protected":false},"excerpt":{"rendered":"<p>Crit\u00e9rios para poda de \u00e1rvores, avalia\u00e7\u00e3o de riscos em \u00e1rvores, planejamento urbano e capta\u00e7\u00e3o de recursos para projetos de arboriza\u00e7\u00e3o s\u00e3o alguns dos temas propostos para o primeiro encontro do 5\u00ba Circuito Cemig de Arboriza\u00e7\u00e3o Urbana, que acontece nos dias 20 e 21 de maio, em Ara\u00e7ua\u00ed, no Vale do Jequitinhonha. O evento que acontece, [&hellip;]<\/p>\n","protected":false},"author":1,"featured_media":58905,"comment_status":"open","ping_status":"closed","sticky":false,"template":"","format":"standard","meta":{"amp_status":"","footnotes":""},"categories":[120],"tags":[44177,186,44176,44175,1514,196,347,44179,44173,44178,1527,44174,255],"class_list":["post-58903","post","type-post","status-publish","format-standard","has-post-thumbnail","hentry","category-jequi","tag-5o-circuito-cemig-de-arborizacao-urbana","tag-aracuai","tag-arborizacao-urbana","tag-arborizacao-urbana-no-leste-de-minas","tag-arcos","tag-caxambu","tag-cemig","tag-cemig-promove-debates-sobre-arborizacao-urbana-em-aracuai","tag-cemig-promove-debates-sobre-arborizacao-urbana-no-leste-de-minas","tag-cemig-promove-debates-sobre-arborizacao-urbana-no-vale-do-jequitinhonha","tag-congonhas","tag-debates-sobre-arborizacao-urbana-no-leste-de-minas","tag-ifnmg"],"_links":{"self":[{"href":"https:\/\/aconteceunovale.com.br\/portal\/index.php?rest_route=\/wp\/v2\/posts\/58903","targetHints":{"allow":["GET"]}}],"collection":[{"href":"https:\/\/aconteceunovale.com.br\/portal\/index.php?rest_route=\/wp\/v2\/posts"}],"about":[{"href":"https:\/\/aconteceunovale.com.br\/portal\/index.php?rest_route=\/wp\/v2\/types\/post"}],"author":[{"embeddable":true,"href":"https:\/\/aconteceunovale.com.br\/portal\/index.php?rest_route=\/wp\/v2\/users\/1"}],"replies":[{"embeddable":true,"href":"https:\/\/aconteceunovale.com.br\/portal\/index.php?rest_route=%2Fwp%2Fv2%2Fcomments&post=58903"}],"version-history":[{"count":0,"href":"https:\/\/aconteceunovale.com.br\/portal\/index.php?rest_route=\/wp\/v2\/posts\/58903\/revisions"}],"wp:featuredmedia":[{"embeddable":true,"href":"https:\/\/aconteceunovale.com.br\/portal\/index.php?rest_route=\/wp\/v2\/media\/58905"}],"wp:attachment":[{"href":"https:\/\/aconteceunovale.com.br\/portal\/index.php?rest_route=%2Fwp%2Fv2%2Fmedia&parent=58903"}],"wp:term":[{"taxonomy":"category","embeddable":true,"href":"https:\/\/aconteceunovale.com.br\/portal\/index.php?rest_route=%2Fwp%2Fv2%2Fcategories&post=58903"},{"taxonomy":"post_tag","embeddable":true,"href":"https:\/\/aconteceunovale.com.br\/portal\/index.php?rest_route=%2Fwp%2Fv2%2Ftags&post=58903"}],"curies":[{"name":"wp","href":"https:\/\/api.w.org\/{rel}","templated":true}]}}