{"id":58897,"date":"2015-05-08T09:32:49","date_gmt":"2015-05-08T12:32:49","guid":{"rendered":"http:\/\/aconteceunovale.com.br\/portal\/?p=58897"},"modified":"2015-05-08T09:32:49","modified_gmt":"2015-05-08T12:32:49","slug":"comerciante-morre-em-acidente-no-norte-de-minas","status":"publish","type":"post","link":"https:\/\/aconteceunovale.com.br\/portal\/?p=58897","title":{"rendered":"Comerciante morre em acidente no Norte de Minas"},"content":{"rendered":"<h4><strong><em>Marcos Aparecido Nunes Caldeira Brand\u00e3o, de 22 anos, residia em S\u00e3o Francisco. Ele conduzia um caminh\u00e3o ba\u00fa, que colidiu contra uma \u00e1rvore.<\/em><\/strong><\/h4>\n<p>Um homem de 22 anos morreu em um acidente na manh\u00e3 da \u00faltima quarta-feira, 6 de maio, na MG-402, entre S\u00e3o Francisco e Pint\u00f3polis, no Norte de Minas Gerais. De acordo com o Corpo de Bombeiros, Marcos Aparecido Nunes Caldeira Brand\u00e3o, morador de S\u00e3o Francisco, conduzia um caminh\u00e3o ba\u00fa descarregado, quando por motivos desconhecidos, perdeu o controle da dire\u00e7\u00e3o, saiu da pista e colidiu contra uma \u00e1rvore.<\/p>\n<p>Com o impacto do acidente, a v\u00edtima n\u00e3o resistiu aos graves ferimentos e morreu no local. Uma equipe do Servi\u00e7o de Atendimento M\u00f3vel de Urg\u00eancia (SAMU) compareceu ao local e constatou o \u00f3bito.<\/p>\n<p>A Per\u00edcia T\u00e9cnica da Pol\u00edcia Civil foi acionada e ap\u00f3s os trabalhos de praxe, o corpo foi resgatado por uma equipe do 7\u00ba Pelot\u00e3o de Bombeiros de Janu\u00e1ria e encaminhado para o Instituto M\u00e9dico Legal (IML) da regi\u00e3o.<\/p>\n<p><img decoding=\"async\" src=\"http:\/\/aconteceunovale.com.br\/portal\/wp-content\/uploads\/2015\/05\/acidente_402_sf_1.jpg\" alt=\"\" \/><em>Acidente aconteceu na MG-402, entre S\u00e3o Francisco e Pint\u00f3polis &#8211; Foto: Corpo de Bombeiros \/ Divulga\u00e7\u00e3o<\/em><br \/>\n<\/br><\/p>\n<p><img decoding=\"async\" src=\"http:\/\/aconteceunovale.com.br\/portal\/wp-content\/uploads\/2015\/05\/acidente_402_sf_2.jpg\" alt=\"\" \/><em>Acidente aconteceu na MG-402, entre S\u00e3o Francisco e Pint\u00f3polis &#8211; Foto: Corpo de Bombeiros \/ Divulga\u00e7\u00e3o<\/em><\/p>\n","protected":false},"excerpt":{"rendered":"<p>Marcos Aparecido Nunes Caldeira Brand\u00e3o, de 22 anos, residia em S\u00e3o Francisco. Ele conduzia um caminh\u00e3o ba\u00fa, que colidiu contra uma \u00e1rvore. Um homem de 22 anos morreu em um acidente na manh\u00e3 da \u00faltima quarta-feira, 6 de maio, na MG-402, entre S\u00e3o Francisco e Pint\u00f3polis, no Norte de Minas Gerais. De acordo com o [&hellip;]<\/p>\n","protected":false},"author":1,"featured_media":58899,"comment_status":"open","ping_status":"closed","sticky":false,"template":"","format":"standard","meta":{"amp_status":"","footnotes":""},"categories":[1236],"tags":[44171,44170,44169,44172,1710,1522],"class_list":["post-58897","post","type-post","status-publish","format-standard","has-post-thumbnail","hentry","category-norte_de_minas","tag-comerciante-de-sao-francisco-morre-em-acidente","tag-comerciante-morre-em-acidente-na-rodovia-entre-sao-francisco-e-pintopolis","tag-comerciante-morre-em-acidente-no-norte-de-minas","tag-marcos-aparecido-nunes-caldeira-brandao","tag-pintopolis","tag-sao-francisco"],"_links":{"self":[{"href":"https:\/\/aconteceunovale.com.br\/portal\/index.php?rest_route=\/wp\/v2\/posts\/58897","targetHints":{"allow":["GET"]}}],"collection":[{"href":"https:\/\/aconteceunovale.com.br\/portal\/index.php?rest_route=\/wp\/v2\/posts"}],"about":[{"href":"https:\/\/aconteceunovale.com.br\/portal\/index.php?rest_route=\/wp\/v2\/types\/post"}],"author":[{"embeddable":true,"href":"https:\/\/aconteceunovale.com.br\/portal\/index.php?rest_route=\/wp\/v2\/users\/1"}],"replies":[{"embeddable":true,"href":"https:\/\/aconteceunovale.com.br\/portal\/index.php?rest_route=%2Fwp%2Fv2%2Fcomments&post=58897"}],"version-history":[{"count":0,"href":"https:\/\/aconteceunovale.com.br\/portal\/index.php?rest_route=\/wp\/v2\/posts\/58897\/revisions"}],"wp:featuredmedia":[{"embeddable":true,"href":"https:\/\/aconteceunovale.com.br\/portal\/index.php?rest_route=\/wp\/v2\/media\/58899"}],"wp:attachment":[{"href":"https:\/\/aconteceunovale.com.br\/portal\/index.php?rest_route=%2Fwp%2Fv2%2Fmedia&parent=58897"}],"wp:term":[{"taxonomy":"category","embeddable":true,"href":"https:\/\/aconteceunovale.com.br\/portal\/index.php?rest_route=%2Fwp%2Fv2%2Fcategories&post=58897"},{"taxonomy":"post_tag","embeddable":true,"href":"https:\/\/aconteceunovale.com.br\/portal\/index.php?rest_route=%2Fwp%2Fv2%2Ftags&post=58897"}],"curies":[{"name":"wp","href":"https:\/\/api.w.org\/{rel}","templated":true}]}}