{"id":58373,"date":"2015-04-29T23:05:07","date_gmt":"2015-04-30T02:05:07","guid":{"rendered":"http:\/\/aconteceunovale.com.br\/portal\/?p=58373"},"modified":"2015-04-29T23:09:26","modified_gmt":"2015-04-30T02:09:26","slug":"adolescente-morre-em-acidente-envolvendo-moto-e-carreta-no-municipio-de-coluna","status":"publish","type":"post","link":"https:\/\/aconteceunovale.com.br\/portal\/?p=58373","title":{"rendered":"Adolescente morre em acidente envolvendo moto e carreta no munic\u00edpio de Coluna"},"content":{"rendered":"<h4><strong><em>Acidente aconteceu na MG-117. Adolescente conduzia uma motocicleta, quando colidiu contra uma carreta. <\/em><\/strong><\/h4>\n<p>Um adolescente de 17 anos morreu em um acidente na manh\u00e3 desta quarta-feira, 29 de abril, na MG-117, no munic\u00edpio de Coluna, no Vale do Rio Doce. De acordo com informa\u00e7\u00f5es, Genivaldo Pereira conduzia uma motocicleta em alta velocidade, quando perdeu o controle da dire\u00e7\u00e3o em uma curva e colidiu contra uma carreta que seguia no sentido contr\u00e1rio. <\/p>\n<p>Com o impacto do acidente, o rapaz ficou gravemente ferido e morreu no local. O ve\u00edculo que ele conduzia ficou completamente destru\u00eddo. A carreta, placas de Itamarandiba, estava carregada com carv\u00e3o.<\/p>\n<p><img decoding=\"async\" src=\"http:\/\/aconteceunovale.com.br\/portal\/wp-content\/uploads\/2015\/04\/acidente_coluna_29_4_6.jpg\" alt=\"\" \/><\/p>\n<p><div id='gallery-1' class='gallery galleryid-58373 gallery-columns-4 gallery-size-thumbnail'><figure class='gallery-item'>\n\t\t\t<div class='gallery-icon portrait'>\n\t\t\t\t<a href='https:\/\/aconteceunovale.com.br\/portal\/wp-content\/uploads\/2015\/04\/acidente_coluna_29_4_8.jpg'><img loading=\"lazy\" decoding=\"async\" width=\"150\" height=\"150\" src=\"https:\/\/aconteceunovale.com.br\/portal\/wp-content\/uploads\/2015\/04\/acidente_coluna_29_4_8-150x150.jpg\" class=\"attachment-thumbnail size-thumbnail\" alt=\"\" \/><\/a>\n\t\t\t<\/div><\/figure><figure class='gallery-item'>\n\t\t\t<div class='gallery-icon landscape'>\n\t\t\t\t<a href='https:\/\/aconteceunovale.com.br\/portal\/wp-content\/uploads\/2015\/04\/acidente_coluna_29_4_7.jpg'><img loading=\"lazy\" decoding=\"async\" width=\"150\" height=\"150\" src=\"https:\/\/aconteceunovale.com.br\/portal\/wp-content\/uploads\/2015\/04\/acidente_coluna_29_4_7-150x150.jpg\" class=\"attachment-thumbnail size-thumbnail\" alt=\"\" \/><\/a>\n\t\t\t<\/div><\/figure><figure class='gallery-item'>\n\t\t\t<div class='gallery-icon landscape'>\n\t\t\t\t<a href='https:\/\/aconteceunovale.com.br\/portal\/wp-content\/uploads\/2015\/04\/acidente_coluna_29_4_6.jpg'><img loading=\"lazy\" decoding=\"async\" width=\"150\" height=\"150\" src=\"https:\/\/aconteceunovale.com.br\/portal\/wp-content\/uploads\/2015\/04\/acidente_coluna_29_4_6-150x150.jpg\" class=\"attachment-thumbnail size-thumbnail\" alt=\"\" \/><\/a>\n\t\t\t<\/div><\/figure><figure class='gallery-item'>\n\t\t\t<div class='gallery-icon portrait'>\n\t\t\t\t<a href='https:\/\/aconteceunovale.com.br\/portal\/wp-content\/uploads\/2015\/04\/acidente_coluna_29_4_5.jpg'><img loading=\"lazy\" decoding=\"async\" width=\"150\" height=\"150\" src=\"https:\/\/aconteceunovale.com.br\/portal\/wp-content\/uploads\/2015\/04\/acidente_coluna_29_4_5-150x150.jpg\" class=\"attachment-thumbnail size-thumbnail\" alt=\"\" \/><\/a>\n\t\t\t<\/div><\/figure><figure class='gallery-item'>\n\t\t\t<div class='gallery-icon portrait'>\n\t\t\t\t<a href='https:\/\/aconteceunovale.com.br\/portal\/wp-content\/uploads\/2015\/04\/acidente_coluna_29_4_4.jpg'><img loading=\"lazy\" decoding=\"async\" width=\"150\" height=\"150\" src=\"https:\/\/aconteceunovale.com.br\/portal\/wp-content\/uploads\/2015\/04\/acidente_coluna_29_4_4-150x150.jpg\" class=\"attachment-thumbnail size-thumbnail\" alt=\"\" \/><\/a>\n\t\t\t<\/div><\/figure><figure class='gallery-item'>\n\t\t\t<div class='gallery-icon portrait'>\n\t\t\t\t<a href='https:\/\/aconteceunovale.com.br\/portal\/wp-content\/uploads\/2015\/04\/acidente_coluna_29_4_3.jpg'><img loading=\"lazy\" decoding=\"async\" width=\"150\" height=\"150\" src=\"https:\/\/aconteceunovale.com.br\/portal\/wp-content\/uploads\/2015\/04\/acidente_coluna_29_4_3-150x150.jpg\" class=\"attachment-thumbnail size-thumbnail\" alt=\"\" \/><\/a>\n\t\t\t<\/div><\/figure><figure class='gallery-item'>\n\t\t\t<div class='gallery-icon landscape'>\n\t\t\t\t<a href='https:\/\/aconteceunovale.com.br\/portal\/wp-content\/uploads\/2015\/04\/acidente_coluna_29_4_2.jpg'><img loading=\"lazy\" decoding=\"async\" width=\"150\" height=\"150\" src=\"https:\/\/aconteceunovale.com.br\/portal\/wp-content\/uploads\/2015\/04\/acidente_coluna_29_4_2-150x150.jpg\" class=\"attachment-thumbnail size-thumbnail\" alt=\"\" \/><\/a>\n\t\t\t<\/div><\/figure><figure class='gallery-item'>\n\t\t\t<div class='gallery-icon landscape'>\n\t\t\t\t<a href='https:\/\/aconteceunovale.com.br\/portal\/wp-content\/uploads\/2015\/04\/acidente_coluna_29_4_1.jpg'><img loading=\"lazy\" decoding=\"async\" width=\"150\" height=\"150\" src=\"https:\/\/aconteceunovale.com.br\/portal\/wp-content\/uploads\/2015\/04\/acidente_coluna_29_4_1-150x150.jpg\" class=\"attachment-thumbnail size-thumbnail\" alt=\"\" \/><\/a>\n\t\t\t<\/div><\/figure>\n\t\t<\/div>\n<em>(Fotos enviadas por internauta atrav\u00e9s do WhatsApp do Aconteceu no Vale)<\/em><\/p>\n","protected":false},"excerpt":{"rendered":"<p>Acidente aconteceu na MG-117. Adolescente conduzia uma motocicleta, quando colidiu contra uma carreta. Um adolescente de 17 anos morreu em um acidente na manh\u00e3 desta quarta-feira, 29 de abril, na MG-117, no munic\u00edpio de Coluna, no Vale do Rio Doce. De acordo com informa\u00e7\u00f5es, Genivaldo Pereira conduzia uma motocicleta em alta velocidade, quando perdeu o [&hellip;]<\/p>\n","protected":false},"author":1,"featured_media":58379,"comment_status":"open","ping_status":"closed","sticky":false,"template":"","format":"standard","meta":{"amp_status":"","footnotes":""},"categories":[121],"tags":[22361,43310,43306,281,43309,43308,43307],"class_list":["post-58373","post","type-post","status-publish","format-standard","has-post-thumbnail","hentry","category-leste","tag-acidente-em-coluna","tag-acidente-entre-moto-e-carreta-em-coluna","tag-adolescente-morre-em-acidente-envolvendo-moto-e-carreta-no-municipio-de-coluna","tag-coluna","tag-genivaldo-goncalves-pereira","tag-genivaldo-pereira","tag-morte-em-coluna"],"_links":{"self":[{"href":"https:\/\/aconteceunovale.com.br\/portal\/index.php?rest_route=\/wp\/v2\/posts\/58373","targetHints":{"allow":["GET"]}}],"collection":[{"href":"https:\/\/aconteceunovale.com.br\/portal\/index.php?rest_route=\/wp\/v2\/posts"}],"about":[{"href":"https:\/\/aconteceunovale.com.br\/portal\/index.php?rest_route=\/wp\/v2\/types\/post"}],"author":[{"embeddable":true,"href":"https:\/\/aconteceunovale.com.br\/portal\/index.php?rest_route=\/wp\/v2\/users\/1"}],"replies":[{"embeddable":true,"href":"https:\/\/aconteceunovale.com.br\/portal\/index.php?rest_route=%2Fwp%2Fv2%2Fcomments&post=58373"}],"version-history":[{"count":0,"href":"https:\/\/aconteceunovale.com.br\/portal\/index.php?rest_route=\/wp\/v2\/posts\/58373\/revisions"}],"wp:featuredmedia":[{"embeddable":true,"href":"https:\/\/aconteceunovale.com.br\/portal\/index.php?rest_route=\/wp\/v2\/media\/58379"}],"wp:attachment":[{"href":"https:\/\/aconteceunovale.com.br\/portal\/index.php?rest_route=%2Fwp%2Fv2%2Fmedia&parent=58373"}],"wp:term":[{"taxonomy":"category","embeddable":true,"href":"https:\/\/aconteceunovale.com.br\/portal\/index.php?rest_route=%2Fwp%2Fv2%2Fcategories&post=58373"},{"taxonomy":"post_tag","embeddable":true,"href":"https:\/\/aconteceunovale.com.br\/portal\/index.php?rest_route=%2Fwp%2Fv2%2Ftags&post=58373"}],"curies":[{"name":"wp","href":"https:\/\/api.w.org\/{rel}","templated":true}]}}