{"id":58364,"date":"2015-04-29T21:09:36","date_gmt":"2015-04-30T00:09:36","guid":{"rendered":"http:\/\/aconteceunovale.com.br\/portal\/?p=58364"},"modified":"2015-04-29T21:09:36","modified_gmt":"2015-04-30T00:09:36","slug":"mp-itinerante-desembarca-em-varzelandia-levando-a-irreverencia-e-o-carisma-de-pachecao","status":"publish","type":"post","link":"https:\/\/aconteceunovale.com.br\/portal\/?p=58364","title":{"rendered":"MP Itinerante desembarca em Varzel\u00e2ndia levando a irrever\u00eancia e o carisma de Pachec\u00e3o"},"content":{"rendered":"<p>Com cerca de 20 mil habitantes, Varzel\u00e2ndia, no Norte de Minas, recebeu nesta quarta-feira, 29 de abril, a caravana do Minist\u00e9rio P\u00fablico Itinerante (MPI). O alvoro\u00e7o de jovens, adultos e at\u00e9 mesmo idosos em torno da distribui\u00e7\u00e3o de senhas, logo pelo in\u00edcio da manh\u00e3, para a emiss\u00e3o de carteiras de identidade, um dos servi\u00e7os mais procurados pela popula\u00e7\u00e3o, logo deu lugar a olhares atentos e muita expectativa para a participa\u00e7\u00e3o de um convidado especial: o professor Pachec\u00e3o.<\/p>\n<p>Mais de tr\u00eas mil pessoas lotaram o gin\u00e1sio poliesportivo do munic\u00edpio para acompanhar as palestras e buscar os diversos servi\u00e7os oferecidos pelo Minist\u00e9rio P\u00fablico de Minas Gerais (MPMG) e por seus parceiros. O promotor de Justi\u00e7a Jo\u00e3o Paulo Fernandes, da comarca de S\u00e3o Jo\u00e3o da Ponte, deu as boas-vindas aos cidad\u00e3os do munic\u00edpio ressaltando que o espa\u00e7o foi destinado ao evento para, especialmente, prestar servi\u00e7os p\u00fablicos relevantes.<\/p>\n<p>Servi\u00e7os como o prestado pelo procurador de Justi\u00e7a Bertoldo Matheus Oliveira Filho, pelo promotor de Justi\u00e7a Paulo C\u00e9sar Vicente Lima e por outros integrantes da institui\u00e7\u00e3o. Al\u00e9m de dar orienta\u00e7\u00f5es jur\u00eddicas e buscar encaminhamentos para demandas da \u00e1rea de Fam\u00edlia, Consumidor, Direitos Humanos, Idosos, Inclus\u00e3o Social, Bertoldo conta que, ali mesmo, em meio a todo movimento das pessoas que passaram pelo MPI, foi poss\u00edvel, com a presen\u00e7a de representantes do Poder Judici\u00e1rio local, realizar audi\u00eancias conciliat\u00f3rias entre partes interessadas, por exemplo, em consumar o div\u00f3rcio.<\/p>\n<p><img decoding=\"async\" src=\"http:\/\/aconteceunovale.com.br\/portal\/wp-content\/uploads\/2015\/04\/mp_itinerante_varzelandia_1.jpg\" alt=\"\" \/><em>MP Itinerante desembarca em Varzel\u00e2ndia &#8211; Foto: MPMG\/Divulga\u00e7\u00e3o<\/em><br \/>\n<\/br><\/p>\n<p><strong>Arte de buscar sonhos<\/strong><\/p>\n<p>\u201cN\u00e3o importa a sua condi\u00e7\u00e3o, o que importa \u00e9 a sua decis\u00e3o\u201d. O professor Jos\u00e9 In\u00e1cio da Silva Pereira, mais conhecido como Pachec\u00e3o, chegou como um furac\u00e3o ao gin\u00e1sio de Varzel\u00e2nda, provocando muitas risadas, aplausos, intera\u00e7\u00e3o, mas sem deixar, mesmo com o seu jeito alegre e irreverente, de tocar especialmente os mais jovens, muitos alunos do ensino p\u00fablico da regi\u00e3o, para aquilo que talvez seja um dos principais obst\u00e1culos para o crescimento em munic\u00edpios carentes: a falta de recursos e de condi\u00e7\u00f5es adequadas para a promo\u00e7\u00e3o adequada do ensino, lazer, sa\u00fade, moradia.<\/p>\n<p>N\u00e3o \u00e9 \u00e0 toa que Varzel\u00e2ndia ocupa a 4.284\u00aa posi\u00e7\u00e3o entre os 5.565 munic\u00edpios brasileiros no ranking que mede o \u00cdndice de Desenvolvimento Humano (IDH) no pa\u00eds. A renda m\u00e9dia no munic\u00edpio n\u00e3o ultrapassa os R$ 240 mensais, de acordo com o Altas Brasil de Desenvolvimento Humano 2013.<\/p>\n<p>Conhecedor dessa realidade, Pachec\u00e3o, que nasceu em Laranjal e enfrentou dificuldades durante boa parte de sua vida, buscou inspirar os varzelandenses ao contar como o filho \u201cmenos promissor\u201d da fam\u00edlia venceu a in\u00e9rcia e conseguiu realizar feitos como gravar discos com Mazola (produtor musical de Chico Buarque) e lan\u00e7\u00e1-los pela gravadora Polygram, al\u00e9m de participar de programas de TV e lotar shows em todo o Brasil. O detalhe \u00e9 que o show era uma aula de F\u00edsica. \u201cQuem busca os seus objetivos vence\u201d, disse ao p\u00fablico.<\/p>\n<p><strong>Consumidor<\/strong><\/p>\n<p>O MPI em Varzel\u00e2ndia contou com a participa\u00e7\u00e3o dos servidores do Procon-MG Rhilmer Reis (BH) e Rilton Ferreira Chagas (da regional de Montes Claros, coordenada pelo promotor de Justi\u00e7a Felipe Caires), que se reuniram com representantes da Vigil\u00e2ncia Municipal para, em um contato inicial, tra\u00e7ar estrat\u00e9gias de atua\u00e7\u00e3o conjunta para a fiscaliza\u00e7\u00e3o de restaurantes, bares e a\u00e7ougues.<\/p>\n<p>Segundo Rhilmer, a Vigil\u00e2ncia Sanit\u00e1ria foi orientada a buscar meios de implanta\u00e7\u00e3o do Servi\u00e7o de Inspe\u00e7\u00e3o Municipal (SIM) para que os fornecedores de produtos de origem animal da regi\u00e3o possam sair da clandestinidade. Os servidores do Procon-MG ainda se reuniram com professores da rede p\u00fablica para distribuir cartilhas e divulgar o programa Procon Mirim.<\/p>\n<p><img decoding=\"async\" src=\"http:\/\/aconteceunovale.com.br\/portal\/wp-content\/uploads\/2015\/04\/mp_itinerante_varzelandia_2.jpg\" alt=\"\" \/><em>MP Itinerante desembarca em Varzel\u00e2ndia &#8211; Foto: MPMG\/Divulga\u00e7\u00e3o<\/em><br \/>\n<\/br><\/p>\n<p><strong>Previd\u00eancia, povos tradicionais, desenvolvimento sustent\u00e1vel, drogas<\/strong><\/p>\n<p>Outros servi\u00e7os bastante procurados pela popula\u00e7\u00e3o mais idosa da regi\u00e3o foram a orienta\u00e7\u00e3o previdenci\u00e1ria gratuita e a emiss\u00e3o de requerimentos de benef\u00edcios previdenci\u00e1rios administrativos. O trabalho foi conduzido pela professora da gradua\u00e7\u00e3o e da p\u00f3s-gradua\u00e7\u00e3o em Direito Previdenci\u00e1rio da Milton Campos e coordenadora do Programa de Inclus\u00e3o e Educa\u00e7\u00e3o Previdenci\u00e1ria (Piep), Dinor\u00e1 Carla de Oliveira, e pela ex-aluna da faculdade Let\u00edcia Dominique Medeiros Marques.<\/p>\n<p>Membros de conselhos de pol\u00edticas p\u00fablicas locais foram recebidos pela consultora Haydee da Cunha Frota, do Programa das Na\u00e7\u00f5es Unidas para o Desenvolvimento (PNUD), para uma roda de conversa sobre os Objetivos de Desenvolvimento do Mil\u00eanio (ODM) e a transi\u00e7\u00e3o para os Objetivos de Desenvolvimento Sustent\u00e1vel (ODS). <\/p>\n<p>Assim como em Ibiracatu, munic\u00edpio que recebeu o MPI nessa ter\u00e7a, 28, tamb\u00e9m foi realizada uma atividade com estudantes organizada pela servidora do Centro de Apoio Operacional de Defesa dos Direitos Humanos Fernanda Monteiro. Contando com a participa\u00e7\u00e3o do MC Kroif, do Movimento Coletivo Real da Rua, de Belo Horizonte, ela testou o conhecimento dos estudantes por meio de um jogo de perguntas e respostas sobre o Minist\u00e9rio P\u00fablico, povos tradicionais e direitos do cidad\u00e3o e aproveitou para falar aos jovens sobre a import\u00e2ncia de se preservar a paz nas escolas e sobre a projeto que tramita no Congresso para a redu\u00e7\u00e3o da maioridade penal.<\/p>\n<p>Al\u00e9m disso, foi realizado um bate-papo com povos e comunidades tradicionais da regi\u00e3o, trabalho conduzido por servidores da Coordenadoria de Inclus\u00e3o e Mobiliza\u00e7\u00e3o Sociais (Cimos).  <\/p>\n<p>A Pol\u00edcia Militar de Minas Gerais (PMMG) ministrou palestra aos estudantes sobre os males provocados pelas drogas.<\/p>\n<p><strong>Outros servi\u00e7os<\/strong><\/p>\n<p>A popula\u00e7\u00e3o de Varzel\u00e2ndia tamb\u00e9m teve acesso aos seguintes servi\u00e7os: emiss\u00e3o, pela Recivil, de segundas vias de certid\u00f5es de nascimento, casamento e \u00f3bito, al\u00e9m de retifica\u00e7\u00f5es de nome; orienta\u00e7\u00f5es e distribui\u00e7\u00e3o de cartilhas pela Emater;  aferi\u00e7\u00e3o de press\u00e3o e teste de glicemia; atividades recreativas e culturais.<\/p>\n<p><strong>Caravana<\/strong><\/p>\n<p>Ap\u00f3s visitar Ibiracatu, na ter\u00e7a, e Varzel\u00e2ndia, nesta quarta-feira, o MP Itinerante pega a estrada novamente e desembarca amanh\u00e3, quinta-feira, 30 de abril, em Pint\u00f3polis, pequeno munic\u00edpio com pouco mais de sete mil habitantes que fica a 45km de S\u00e3o Francisco, tamb\u00e9m no Norte de Minas Gerais.<\/p>\n<p><em>(Fonte: Minist\u00e9rio P\u00fablico de Minas Gerais)<\/em><\/p>\n","protected":false},"excerpt":{"rendered":"<p>Com cerca de 20 mil habitantes, Varzel\u00e2ndia, no Norte de Minas, recebeu nesta quarta-feira, 29 de abril, a caravana do Minist\u00e9rio P\u00fablico Itinerante (MPI). O alvoro\u00e7o de jovens, adultos e at\u00e9 mesmo idosos em torno da distribui\u00e7\u00e3o de senhas, logo pelo in\u00edcio da manh\u00e3, para a emiss\u00e3o de carteiras de identidade, um dos servi\u00e7os mais [&hellip;]<\/p>\n","protected":false},"author":1,"featured_media":58365,"comment_status":"open","ping_status":"closed","sticky":false,"template":"","format":"standard","meta":{"amp_status":"","footnotes":""},"categories":[1236],"tags":[43298,43296,43299,43297,43300,1713],"class_list":["post-58364","post","type-post","status-publish","format-standard","has-post-thumbnail","hentry","category-norte_de_minas","tag-mp-itinerante","tag-mp-itinerante-desembarca-em-varzelandia-levando-a-irreverencia-e-o-carisma-de-pachecao","tag-mp-itinerante-varzelandia","tag-pachecao","tag-professor-pachecao","tag-varzelandia"],"_links":{"self":[{"href":"https:\/\/aconteceunovale.com.br\/portal\/index.php?rest_route=\/wp\/v2\/posts\/58364","targetHints":{"allow":["GET"]}}],"collection":[{"href":"https:\/\/aconteceunovale.com.br\/portal\/index.php?rest_route=\/wp\/v2\/posts"}],"about":[{"href":"https:\/\/aconteceunovale.com.br\/portal\/index.php?rest_route=\/wp\/v2\/types\/post"}],"author":[{"embeddable":true,"href":"https:\/\/aconteceunovale.com.br\/portal\/index.php?rest_route=\/wp\/v2\/users\/1"}],"replies":[{"embeddable":true,"href":"https:\/\/aconteceunovale.com.br\/portal\/index.php?rest_route=%2Fwp%2Fv2%2Fcomments&post=58364"}],"version-history":[{"count":0,"href":"https:\/\/aconteceunovale.com.br\/portal\/index.php?rest_route=\/wp\/v2\/posts\/58364\/revisions"}],"wp:featuredmedia":[{"embeddable":true,"href":"https:\/\/aconteceunovale.com.br\/portal\/index.php?rest_route=\/wp\/v2\/media\/58365"}],"wp:attachment":[{"href":"https:\/\/aconteceunovale.com.br\/portal\/index.php?rest_route=%2Fwp%2Fv2%2Fmedia&parent=58364"}],"wp:term":[{"taxonomy":"category","embeddable":true,"href":"https:\/\/aconteceunovale.com.br\/portal\/index.php?rest_route=%2Fwp%2Fv2%2Fcategories&post=58364"},{"taxonomy":"post_tag","embeddable":true,"href":"https:\/\/aconteceunovale.com.br\/portal\/index.php?rest_route=%2Fwp%2Fv2%2Ftags&post=58364"}],"curies":[{"name":"wp","href":"https:\/\/api.w.org\/{rel}","templated":true}]}}