{"id":58362,"date":"2015-04-29T21:02:04","date_gmt":"2015-04-30T00:02:04","guid":{"rendered":"http:\/\/aconteceunovale.com.br\/portal\/?p=58362"},"modified":"2015-04-29T21:02:04","modified_gmt":"2015-04-30T00:02:04","slug":"regularizacao-dos-faltosos-as-tres-ultimas-eleicoes-termina-na-segunda-4","status":"publish","type":"post","link":"https:\/\/aconteceunovale.com.br\/portal\/?p=58362","title":{"rendered":"Regulariza\u00e7\u00e3o dos faltosos \u00e0s tr\u00eas \u00faltimas elei\u00e7\u00f5es termina na segunda (4)"},"content":{"rendered":"<p>Termina na segunda-feira (4 de maio), o prazo para os eleitores que n\u00e3o votaram nem justificaram aus\u00eancia \u00e0s tr\u00eas \u00faltimas elei\u00e7\u00f5es regularizarem sua situa\u00e7\u00e3o e ficarem quites com a Justi\u00e7a Eleitoral. Nestes \u00faltimos dias do prazo, os 853 munic\u00edpios de Minas Gerais ainda apresentam \u00edndices baixos de regulariza\u00e7\u00e3o. Em todo o Estado, apenas 4.418 eleitores dos 155.398 irregulares j\u00e1 est\u00e3o em dia com a Justi\u00e7a Eleitoral. Na Capital, 97% dos eleitores faltosos, do total de 22.611, continuam irregulares. No pa\u00eds, 97,5% dos t\u00edtulos ainda n\u00e3o foram regularizados.<\/p>\n<p>Muitos eleitores que faltaram e n\u00e3o justificaram aus\u00eancia a uma ou duas elei\u00e7\u00f5es t\u00eam comparecido aos cart\u00f3rios para regularizarem sua situa\u00e7\u00e3o, \u00e0s vezes enfrentando filas desnecessariamente. \u00c9 importante ressaltar que o prazo que se encerra no pr\u00f3ximo dia 4 \u00e9 para aqueles que n\u00e3o votaram nem justificaram aus\u00eancia \u00e0s tr\u00eas \u00faltimas elei\u00e7\u00f5es, sendo considerado cada turno uma elei\u00e7\u00e3o. Tamb\u00e9m poder\u00e3o ser contadas faltas \u00e0s elei\u00e7\u00f5es suplementares ocorridas entre 2012 e 2014.<\/p>\n<p>Quem n\u00e3o comparecer ao cart\u00f3rio para regularizar sua situa\u00e7\u00e3o ter\u00e1 o t\u00edtulo de eleitor cancelado automaticamente, al\u00e9m de n\u00e3o poder se candidatar a cargo eletivo, tirar passaporte, ser empossado em cargo p\u00fabico e nem se matricular em institui\u00e7\u00e3o de ensino p\u00fablico.<\/p>\n<p>Pelo fato de o universo de eleitores na situa\u00e7\u00e3o de pass\u00edveis de cancelamento ser restrito (1% do eleitorado), a Justi\u00e7a Eleitoral n\u00e3o funcionar\u00e1 no feriado do dia 1\u00ba de maio e nem ter\u00e1 plant\u00e3o no final de semana dos dias 2 e 3.<\/p>\n<p>Os eleitores no exerc\u00edcio do voto facultativo \u2013 com 16 e 17 anos, maiores de 70 e os analfabetos \u2013 n\u00e3o ser\u00e3o identificados como faltosos e, portanto, n\u00e3o est\u00e3o pass\u00edveis de cancelamento. As pessoas com defici\u00eancia para as quais o cumprimento das obriga\u00e7\u00f5es eleitorais seja imposs\u00edvel ou extremamente oneroso tamb\u00e9m n\u00e3o ter\u00e3o o t\u00edtulo cancelado. (TRE\/MG)<\/p>\n","protected":false},"excerpt":{"rendered":"<p>Termina na segunda-feira (4 de maio), o prazo para os eleitores que n\u00e3o votaram nem justificaram aus\u00eancia \u00e0s tr\u00eas \u00faltimas elei\u00e7\u00f5es regularizarem sua situa\u00e7\u00e3o e ficarem quites com a Justi\u00e7a Eleitoral. Nestes \u00faltimos dias do prazo, os 853 munic\u00edpios de Minas Gerais ainda apresentam \u00edndices baixos de regulariza\u00e7\u00e3o. Em todo o Estado, apenas 4.418 eleitores [&hellip;]<\/p>\n","protected":false},"author":1,"featured_media":27358,"comment_status":"open","ping_status":"closed","sticky":false,"template":"","format":"standard","meta":{"amp_status":"","footnotes":""},"categories":[123],"tags":[36040,43295,43294,43293],"class_list":["post-58362","post","type-post","status-publish","format-standard","has-post-thumbnail","hentry","category-gerais","tag-regularizacao-do-titulo","tag-regularizacao-do-titulo-eleitoral","tag-regularizacao-dos-faltosos-as-tres-ultimas-eleicoes","tag-regularizacao-dos-faltosos-as-tres-ultimas-eleicoes-termina-na-segunda-4"],"_links":{"self":[{"href":"https:\/\/aconteceunovale.com.br\/portal\/index.php?rest_route=\/wp\/v2\/posts\/58362","targetHints":{"allow":["GET"]}}],"collection":[{"href":"https:\/\/aconteceunovale.com.br\/portal\/index.php?rest_route=\/wp\/v2\/posts"}],"about":[{"href":"https:\/\/aconteceunovale.com.br\/portal\/index.php?rest_route=\/wp\/v2\/types\/post"}],"author":[{"embeddable":true,"href":"https:\/\/aconteceunovale.com.br\/portal\/index.php?rest_route=\/wp\/v2\/users\/1"}],"replies":[{"embeddable":true,"href":"https:\/\/aconteceunovale.com.br\/portal\/index.php?rest_route=%2Fwp%2Fv2%2Fcomments&post=58362"}],"version-history":[{"count":0,"href":"https:\/\/aconteceunovale.com.br\/portal\/index.php?rest_route=\/wp\/v2\/posts\/58362\/revisions"}],"wp:featuredmedia":[{"embeddable":true,"href":"https:\/\/aconteceunovale.com.br\/portal\/index.php?rest_route=\/wp\/v2\/media\/27358"}],"wp:attachment":[{"href":"https:\/\/aconteceunovale.com.br\/portal\/index.php?rest_route=%2Fwp%2Fv2%2Fmedia&parent=58362"}],"wp:term":[{"taxonomy":"category","embeddable":true,"href":"https:\/\/aconteceunovale.com.br\/portal\/index.php?rest_route=%2Fwp%2Fv2%2Fcategories&post=58362"},{"taxonomy":"post_tag","embeddable":true,"href":"https:\/\/aconteceunovale.com.br\/portal\/index.php?rest_route=%2Fwp%2Fv2%2Ftags&post=58362"}],"curies":[{"name":"wp","href":"https:\/\/api.w.org\/{rel}","templated":true}]}}