{"id":57780,"date":"2015-04-22T10:51:33","date_gmt":"2015-04-22T13:51:33","guid":{"rendered":"http:\/\/aconteceunovale.com.br\/portal\/?p=57780"},"modified":"2015-04-22T22:54:24","modified_gmt":"2015-04-23T01:54:24","slug":"acidente-deixa-um-morto-e-dois-feridos-no-municipio-de-governador-valadares","status":"publish","type":"post","link":"https:\/\/aconteceunovale.com.br\/portal\/?p=57780","title":{"rendered":"Acidente deixa um morto e dois feridos no munic\u00edpio de Governador Valadares"},"content":{"rendered":"<h4><strong><em>Mulher de 64 anos foi arremessada para fora do ve\u00edculo e morreu no local. De acordo com a PM, os ocupantes n\u00e3o usavam cinto de seguran\u00e7a.<\/em><\/strong><\/h4>\n<p>Uma idosa de 64 anos morreu e duas pessoas ficaram feridas em um acidente nessa ter\u00e7a-feira, 21 de abril, em Penha do Cassiano, distrito de Governador Valadares, no Vale do Rio Doce. De acordo com informa\u00e7\u00f5es da Pol\u00edcia Militar (PM), o motorista perdeu o controle da dire\u00e7\u00e3o e o ve\u00edculo capotou na estrada, que n\u00e3o tem pavimenta\u00e7\u00e3o. <\/p>\n<p>Ainda segundo a PM, os ocupantes do ve\u00edculo n\u00e3o usavam cinto de seguran\u00e7a. Maura Maria Meira da Silva foi arremessada para fora do ve\u00edculo e morreu no local. Os outros ocupantes ficaram feridos e foram encaminhados ao Hospital Municipal (HM). <\/p>\n<p><img decoding=\"async\" src=\"http:\/\/aconteceunovale.com.br\/portal\/wp-content\/uploads\/2015\/04\/acidente_penha_22_4.jpg\" alt=\"\" \/><em>Ve\u00edculo capotou na estrada de Penha do Cassiano &#8211; Foto: Rede em Alerta \/ Via WhatsApp<\/em><br \/>\n<\/br><\/p>\n<p><strong><em>(Fonte: Inter TV dos Vales)<\/em><\/strong><\/p>\n","protected":false},"excerpt":{"rendered":"<p>Mulher de 64 anos foi arremessada para fora do ve\u00edculo e morreu no local. De acordo com a PM, os ocupantes n\u00e3o usavam cinto de seguran\u00e7a. Uma idosa de 64 anos morreu e duas pessoas ficaram feridas em um acidente nessa ter\u00e7a-feira, 21 de abril, em Penha do Cassiano, distrito de Governador Valadares, no Vale [&hellip;]<\/p>\n","protected":false},"author":1,"featured_media":57781,"comment_status":"open","ping_status":"closed","sticky":false,"template":"","format":"standard","meta":{"amp_status":"","footnotes":""},"categories":[121],"tags":[42367,42369,247,42370,42467,42368],"class_list":["post-57780","post","type-post","status-publish","format-standard","has-post-thumbnail","hentry","category-leste","tag-acidente-deixa-um-morto-e-dois-feridos-no-municipio-de-governador-valadares","tag-acidente-na-estrada-da-penha-do-cassiano","tag-governador-valadares","tag-maria-de-moura-da-silva","tag-maura-maria-meira-da-silva","tag-penha-do-cassiano"],"_links":{"self":[{"href":"https:\/\/aconteceunovale.com.br\/portal\/index.php?rest_route=\/wp\/v2\/posts\/57780","targetHints":{"allow":["GET"]}}],"collection":[{"href":"https:\/\/aconteceunovale.com.br\/portal\/index.php?rest_route=\/wp\/v2\/posts"}],"about":[{"href":"https:\/\/aconteceunovale.com.br\/portal\/index.php?rest_route=\/wp\/v2\/types\/post"}],"author":[{"embeddable":true,"href":"https:\/\/aconteceunovale.com.br\/portal\/index.php?rest_route=\/wp\/v2\/users\/1"}],"replies":[{"embeddable":true,"href":"https:\/\/aconteceunovale.com.br\/portal\/index.php?rest_route=%2Fwp%2Fv2%2Fcomments&post=57780"}],"version-history":[{"count":0,"href":"https:\/\/aconteceunovale.com.br\/portal\/index.php?rest_route=\/wp\/v2\/posts\/57780\/revisions"}],"wp:featuredmedia":[{"embeddable":true,"href":"https:\/\/aconteceunovale.com.br\/portal\/index.php?rest_route=\/wp\/v2\/media\/57781"}],"wp:attachment":[{"href":"https:\/\/aconteceunovale.com.br\/portal\/index.php?rest_route=%2Fwp%2Fv2%2Fmedia&parent=57780"}],"wp:term":[{"taxonomy":"category","embeddable":true,"href":"https:\/\/aconteceunovale.com.br\/portal\/index.php?rest_route=%2Fwp%2Fv2%2Fcategories&post=57780"},{"taxonomy":"post_tag","embeddable":true,"href":"https:\/\/aconteceunovale.com.br\/portal\/index.php?rest_route=%2Fwp%2Fv2%2Ftags&post=57780"}],"curies":[{"name":"wp","href":"https:\/\/api.w.org\/{rel}","templated":true}]}}