{"id":57773,"date":"2015-04-22T09:55:06","date_gmt":"2015-04-22T12:55:06","guid":{"rendered":"http:\/\/aconteceunovale.com.br\/portal\/?p=57773"},"modified":"2015-04-22T09:55:06","modified_gmt":"2015-04-22T12:55:06","slug":"seda-investira-quase-r-9-milhoes-na-agricultura-familiar-em-2015","status":"publish","type":"post","link":"https:\/\/aconteceunovale.com.br\/portal\/?p=57773","title":{"rendered":"SEDA investir\u00e1 quase R$ 9 milh\u00f5es na agricultura familiar em 2015"},"content":{"rendered":"<h4><strong><em>Pol\u00edtica de Aquisi\u00e7\u00e3o de Alimentos da Agricultura Familiar e retorno ao Cr\u00e9dito Fundi\u00e1rio s\u00e3o algumas das a\u00e7\u00f5es previstas<\/em><\/strong><\/h4>\n<p>A Secretaria de Desenvolvimento Agr\u00e1rio (SEDA) de Minas Gerais, criada pela atual gest\u00e3o, vai investir R$ 8.829.180,00 este ano em agricultura familiar. A verba j\u00e1 est\u00e1 prevista na lei de or\u00e7amento e a inten\u00e7\u00e3o \u00e9 de ir aumentando gradativamente este valor ao longo dos tr\u00eas pr\u00f3ximos anos.<\/p>\n<p>\u201cMinas tem a segunda maior popula\u00e7\u00e3o rural do pa\u00eds, que \u00e9 respons\u00e1vel por um ter\u00e7o do PIB mineiro. Ter uma secretaria espec\u00edfica significa gente trabalhando prioritariamente pela quest\u00e3o agr\u00e1ria\u201d comemora o secret\u00e1rio Gl\u00eanio Martins, que ainda n\u00e3o assumiu oficialmente a pasta.<\/p>\n<p>Outra a\u00e7\u00e3o importante citada pelo secret\u00e1rio foi a publica\u00e7\u00e3o do decreto 46.172, de 30 de janeiro deste ano, que regulamenta Pol\u00edtica Estadual de Aquisi\u00e7\u00e3o de Alimentos da Agricultura Familiar (PAAfamiliar). Ele regulamenta a lei que define aplica\u00e7\u00e3o de no m\u00ednimo 30% dos recursos destinados \u00e0 compra de g\u00eaneros aliment\u00edcios em produtos da agricultura familiar, ampliando os canais de venda para os agricultores.<\/p>\n<p>J\u00e1 est\u00e1 garantida tamb\u00e9m a verba para retomar Cr\u00e9dito Fundi\u00e1rio, prevista j\u00e1 para o primeiro semestre, de acordo com Martins. O programa foi suspenso na gest\u00e3o passada por falta de repasse da verba estadual e falta de assessoramento ao trabalhador, que geraram problemas na libera\u00e7\u00e3o de verbas.<\/p>\n<p>O di\u00e1logo foi aberto atrav\u00e9s de plen\u00e1rias e audi\u00eancias para ouvir as demandas dos movimentos sociais. \u201cUma das prioridades do novo governo \u00e9 fortalecer os espa\u00e7os de controle social das pol\u00edticas p\u00fablicas como o Conselho Estadual de Desenvolvimento Rural Sustent\u00e1vel (CEDRAF-MG), o Conselho Diretor Pr\u00f3-Pequi, o Colegiado Gestor do PAAFamiliar e a Comiss\u00e3o Estadual para o Desenvolvimento Sustent\u00e1vel dos Povos e Comunidades Tradicionais (CEPCT-MG)\u201d, complementa o secret\u00e1rio.<\/p>\n<p><strong>A longo prazo<\/strong><\/p>\n<p>Outros desafios tamb\u00e9m j\u00e1 foram mapeados e divulgados no Balan\u00e7o MG para que sejam planejadas pol\u00edticas nos pr\u00f3ximos anos:<\/p>\n<p><em>Melhoria de infraestrutura no campo<\/em> &#8211; as cidades hoje s\u00e3o mais atrativas e por isso ainda h\u00e1 \u00eaxodo rural. Pretende-se fazer interc\u00e2mbio entre cidade e campo para melhorar as condi\u00e7\u00f5es de acesso \u00e0 sa\u00fade, educa\u00e7\u00e3o e transporte.<\/p>\n<p><em>Inova\u00e7\u00e3o cient\u00edfica<\/em> &#8211; h\u00e1 ainda conflitos entre o saber do homem do campo e o conhecimento cient\u00edfico. A proposta \u00e9 criar um interc\u00e2mbio de saberes que concilie estes dois tipos de conhecimento.<\/p>\n<p><em>Meio ambiente e mudan\u00e7as clim\u00e1ticas<\/em> \u2013 ser\u00e3o implantadas a\u00e7\u00f5es de conserva\u00e7\u00e3o de recursos, especialmente a \u00e1gua. Para isso, haver\u00e1 capacita\u00e7\u00e3o para os trabalhadores.<\/p>\n<p><strong>Conhe\u00e7a a agricultura familiar em Minas<\/strong><\/p>\n<p>Dados do censo agropecu\u00e1rio 2006 mostram que, em Minas Gerais, a popula\u00e7\u00e3o rural representa 14,7% da popula\u00e7\u00e3o total, somando 2.888.352 pessoas. Destas, 53% s\u00e3o homens e 47% mulheres. Os jovens entre 15 e 29 anos s\u00e3o 24,3% e os idosos acima de 65 nos, 9%<\/p>\n<p>Est\u00e3o registradas 551.617 propriedades rurais e 79% delas produzem por agricultura familiar, somando 437.415 estabelecimentos. Estima-se que os percentuais dos dados gerais estejam mantidos.<\/p>\n<p>A agricultura familiar est\u00e1 concentrada em regi\u00f5es como Norte e Sul de Minas e tem menos gente e menor produtividade na regi\u00e3o Central. O Norte abarca 24,8% do total de agricultores, 18% do total de estabelecimentos rurais, tem 28% das pol\u00edticas de acesso \u00e0 terra. <\/p>\n<p>A regi\u00e3o Central tem a menor popula\u00e7\u00e3o de agricultores: 1,6% do total, que est\u00e3o distribu\u00eddos em 1,8 % dos estabelecimentos. No vale do Mucuri, ainda n\u00e3o h\u00e1 nenhum programa de acesso a terra.<\/p>\n<p><img decoding=\"async\" src=\"http:\/\/aconteceunovale.com.br\/portal\/wp-content\/uploads\/2015\/04\/agricultura_familiar_minas_1.jpg\" alt=\"\" \/><\/p>\n<p><em>(Fonte: Ag\u00eancia Minas)<\/em><\/p>\n","protected":false},"excerpt":{"rendered":"<p>Pol\u00edtica de Aquisi\u00e7\u00e3o de Alimentos da Agricultura Familiar e retorno ao Cr\u00e9dito Fundi\u00e1rio s\u00e3o algumas das a\u00e7\u00f5es previstas A Secretaria de Desenvolvimento Agr\u00e1rio (SEDA) de Minas Gerais, criada pela atual gest\u00e3o, vai investir R$ 8.829.180,00 este ano em agricultura familiar. A verba j\u00e1 est\u00e1 prevista na lei de or\u00e7amento e a inten\u00e7\u00e3o \u00e9 de ir [&hellip;]<\/p>\n","protected":false},"author":1,"featured_media":57775,"comment_status":"open","ping_status":"closed","sticky":false,"template":"","format":"standard","meta":{"amp_status":"","footnotes":""},"categories":[123],"tags":[751,42352,42353,42351,37147,42349,31780,42350,31779,42346,42345,42348,42347],"class_list":["post-57773","post","type-post","status-publish","format-standard","has-post-thumbnail","hentry","category-gerais","tag-agricultura-familiar","tag-cedraf-mg","tag-conselho-diretor-pro-pequi","tag-conselho-estadual-de-desenvolvimento-rural-sustentavel","tag-glenio-martins","tag-investimento-na-agricultura-familiar","tag-paafamiliar","tag-pib-mineiro","tag-politica-estadual-de-aquisicao-de-alimentos-da-agricultura-familiar","tag-secretaria-de-desenvolvimento-agrario","tag-secretaria-de-desenvolvimento-agrario-investira-quase-r-9-milhoes-na-agricultura-familiar-em-2015","tag-seda","tag-seda-investira-quase-r-9-milhoes-na-agricultura-familiar-em-2015"],"_links":{"self":[{"href":"https:\/\/aconteceunovale.com.br\/portal\/index.php?rest_route=\/wp\/v2\/posts\/57773","targetHints":{"allow":["GET"]}}],"collection":[{"href":"https:\/\/aconteceunovale.com.br\/portal\/index.php?rest_route=\/wp\/v2\/posts"}],"about":[{"href":"https:\/\/aconteceunovale.com.br\/portal\/index.php?rest_route=\/wp\/v2\/types\/post"}],"author":[{"embeddable":true,"href":"https:\/\/aconteceunovale.com.br\/portal\/index.php?rest_route=\/wp\/v2\/users\/1"}],"replies":[{"embeddable":true,"href":"https:\/\/aconteceunovale.com.br\/portal\/index.php?rest_route=%2Fwp%2Fv2%2Fcomments&post=57773"}],"version-history":[{"count":0,"href":"https:\/\/aconteceunovale.com.br\/portal\/index.php?rest_route=\/wp\/v2\/posts\/57773\/revisions"}],"wp:featuredmedia":[{"embeddable":true,"href":"https:\/\/aconteceunovale.com.br\/portal\/index.php?rest_route=\/wp\/v2\/media\/57775"}],"wp:attachment":[{"href":"https:\/\/aconteceunovale.com.br\/portal\/index.php?rest_route=%2Fwp%2Fv2%2Fmedia&parent=57773"}],"wp:term":[{"taxonomy":"category","embeddable":true,"href":"https:\/\/aconteceunovale.com.br\/portal\/index.php?rest_route=%2Fwp%2Fv2%2Fcategories&post=57773"},{"taxonomy":"post_tag","embeddable":true,"href":"https:\/\/aconteceunovale.com.br\/portal\/index.php?rest_route=%2Fwp%2Fv2%2Ftags&post=57773"}],"curies":[{"name":"wp","href":"https:\/\/api.w.org\/{rel}","templated":true}]}}