{"id":57716,"date":"2015-04-21T19:16:58","date_gmt":"2015-04-21T22:16:58","guid":{"rendered":"http:\/\/aconteceunovale.com.br\/portal\/?p=57716"},"modified":"2015-04-21T19:26:41","modified_gmt":"2015-04-21T22:26:41","slug":"estudantes-de-governador-valadares-sao-premiados-na-olimpiada-brasileira-de-fisica","status":"publish","type":"post","link":"https:\/\/aconteceunovale.com.br\/portal\/?p=57716","title":{"rendered":"Estudantes de Governador Valadares s\u00e3o premiados na Olimp\u00edada Brasileira de F\u00edsica"},"content":{"rendered":"<h4><strong><em>Os alunos do IFMG conquistaram ouro, prata e bronze. Desde 2013 valadarenses participam com \u00eaxito de competi\u00e7\u00f5es na \u00e1rea de f\u00edsica. <\/em><\/strong><\/h4>\n<p>O C\u00e2mpus Governador Valadares do Instituto Federal de Minas Gerais (IFMG), a cada ano, tem evolu\u00eddo sua participa\u00e7\u00e3o em olimp\u00edadas de conhecimentos no Brasil e seus alunos veem se destacando e conquistando medalhas. Desde 2013, os estudantes participam, com \u00eaxito, de competi\u00e7\u00f5es na \u00e1rea de f\u00edsica como a Olimp\u00edada Brasileira de Astronomia e Astron\u00e1utica (OBA), Olimp\u00edada Brasileira de F\u00edsica (OBF), Mostra Brasileira de Foguetes (MOBFOG) e Olimp\u00edada Brasileira de F\u00edsica das Escolas P\u00fablicas (OBFEP). Em todas elas, o c\u00e2mpus conquistou premia\u00e7\u00f5es. Dessa vez, cinco estudantes tiveram \u00f3timo desempenho na OBFEP 2014, eles conquistaram uma medalha de ouro, uma de prata e tr\u00eas de bronze. Esses estudantes s\u00e3o os \u00fanicos de Governador Valadares premiados. Importante destacar que o c\u00e2mpus conquistou sua primeira medalha de ouro nesse tipo de olimp\u00edada.<\/p>\n<p><img decoding=\"async\" src=\"http:\/\/aconteceunovale.com.br\/portal\/wp-content\/uploads\/2015\/04\/estudantes_ifmg_premiados.png\" alt=\"\" \/><em>Alunos foram premiados na Olimp\u00edada Brasileira de F\u00edsica &#8211; Foto: Divulga\u00e7\u00e3o\/IFMG<\/em><br \/>\n<\/br><\/p>\n<p>O medalhista de ouro foi o estudante do 3\u00ba ano do ensino m\u00e9dio integrado, com forma\u00e7\u00e3o t\u00e9cnica na \u00e1rea de seguran\u00e7a do trabalho, Wagner de Oliveira Filho. Ele considera que a grande conquista deve-se aos esfor\u00e7os e estudos. \u201cEssa medalha \u00e9 um reflexo de todo desenvolvimento pelo qual passei desde que entrei no IFMG e tamb\u00e9m, de certa forma, vai ser um incentivo para que eu continue aprimorando meus conhecimentos e participando de outras olimp\u00edadas do conhecimento&#8221;, salienta.<\/p>\n<p>\u201cO ensino de qualidade que o IFMG oferece, atrav\u00e9s dos seus professores, foi um grande diferencial. Eu n\u00e3o passei por nenhuma aula especial para a OBFEP, utilizei apenas os conhecimentos de F\u00edsica obtidos em sala de aula&#8221;, completa.<\/p>\n<p>O medalhista de prata foi o concluinte do ensino m\u00e9dio, Jo\u00e3o Vitor Santana da Silva e os de bronze, os estudantes Kayo Santos Belchior e Jos\u00e9 Gustavo Coelho, al\u00e9m do formando Rafael Frossard. Iniciante em olimp\u00edadas, Kayo resume a conquista em esfor\u00e7o e dedica\u00e7\u00e3o e garante que vai continuar participando de outras competi\u00e7\u00f5es.<\/p>\n<p><strong>A OBFEP<\/strong><\/p>\n<p>A Obfep \u00e9 realizada pela Sociedade Brasileira de F\u00edsica (SBF) e, entre outros, tem os objetivos de contribuir para a melhoria da qualidade do ensino em ci\u00eancias na educa\u00e7\u00e3o b\u00e1sica; promover maior inclus\u00e3o social por meio da difus\u00e3o da ci\u00eancia; e ampliar o uso das tecnologias da informa\u00e7\u00e3o e da comunica\u00e7\u00e3o com fins educacionais. Mais informa\u00e7\u00f5es: <a href=\"http:\/\/www.obfep.org.br\" target=\"_blank\">www.obfep.org.br<\/a><\/p>\n<p><em>(Fonte: Ascom do IFMG)<\/em><\/p>\n","protected":false},"excerpt":{"rendered":"<p>Os alunos do IFMG conquistaram ouro, prata e bronze. Desde 2013 valadarenses participam com \u00eaxito de competi\u00e7\u00f5es na \u00e1rea de f\u00edsica. O C\u00e2mpus Governador Valadares do Instituto Federal de Minas Gerais (IFMG), a cada ano, tem evolu\u00eddo sua participa\u00e7\u00e3o em olimp\u00edadas de conhecimentos no Brasil e seus alunos veem se destacando e conquistando medalhas. Desde [&hellip;]<\/p>\n","protected":false},"author":1,"featured_media":57717,"comment_status":"open","ping_status":"closed","sticky":false,"template":"","format":"standard","meta":{"amp_status":"","footnotes":""},"categories":[40238,121],"tags":[42276,42275,42289,42288,42274,247,160,42284,42286,42285,42281,42278,19712,42282,42280,19715,42277,42279,42287,42283],"class_list":["post-57716","post","type-post","status-publish","format-standard","has-post-thumbnail","hentry","category-educacao-2","category-leste","tag-campus-governador-valadares-do-ifmg","tag-campus-governador-valadares-do-instituto-federal-de-minas-gerais","tag-estudantes-de-governador-valadares","tag-estudantes-de-governador-valadares-sao-premiados-na-olimpiada-brasileira-de-fisica","tag-ganhadores-de-medalhas-em-olimpiadas-de-fisica-em-governador-valadares","tag-governador-valadares","tag-ifmg","tag-joao-vitor-santana-da-silva","tag-jose-gustavo-coelho","tag-kayo-santos-belchior","tag-mobfog","tag-mostra-brasileira-de-foguetes","tag-oba","tag-obf","tag-obfep","tag-olimpiada-brasileira-de-astronomia-e-astronautica","tag-olimpiada-brasileira-de-fisica","tag-olimpiada-brasileira-de-fisica-das-escolas-publicas","tag-rafael-frossard","tag-wagner-de-oliveira-filho"],"_links":{"self":[{"href":"https:\/\/aconteceunovale.com.br\/portal\/index.php?rest_route=\/wp\/v2\/posts\/57716","targetHints":{"allow":["GET"]}}],"collection":[{"href":"https:\/\/aconteceunovale.com.br\/portal\/index.php?rest_route=\/wp\/v2\/posts"}],"about":[{"href":"https:\/\/aconteceunovale.com.br\/portal\/index.php?rest_route=\/wp\/v2\/types\/post"}],"author":[{"embeddable":true,"href":"https:\/\/aconteceunovale.com.br\/portal\/index.php?rest_route=\/wp\/v2\/users\/1"}],"replies":[{"embeddable":true,"href":"https:\/\/aconteceunovale.com.br\/portal\/index.php?rest_route=%2Fwp%2Fv2%2Fcomments&post=57716"}],"version-history":[{"count":0,"href":"https:\/\/aconteceunovale.com.br\/portal\/index.php?rest_route=\/wp\/v2\/posts\/57716\/revisions"}],"wp:featuredmedia":[{"embeddable":true,"href":"https:\/\/aconteceunovale.com.br\/portal\/index.php?rest_route=\/wp\/v2\/media\/57717"}],"wp:attachment":[{"href":"https:\/\/aconteceunovale.com.br\/portal\/index.php?rest_route=%2Fwp%2Fv2%2Fmedia&parent=57716"}],"wp:term":[{"taxonomy":"category","embeddable":true,"href":"https:\/\/aconteceunovale.com.br\/portal\/index.php?rest_route=%2Fwp%2Fv2%2Fcategories&post=57716"},{"taxonomy":"post_tag","embeddable":true,"href":"https:\/\/aconteceunovale.com.br\/portal\/index.php?rest_route=%2Fwp%2Fv2%2Ftags&post=57716"}],"curies":[{"name":"wp","href":"https:\/\/api.w.org\/{rel}","templated":true}]}}