{"id":57710,"date":"2015-04-21T11:48:05","date_gmt":"2015-04-21T14:48:05","guid":{"rendered":"http:\/\/aconteceunovale.com.br\/portal\/?p=57710"},"modified":"2015-04-21T11:49:15","modified_gmt":"2015-04-21T14:49:15","slug":"governador-e-vaiado-por-professores-durante-entrega-da-medalha-da-inconfidencia","status":"publish","type":"post","link":"https:\/\/aconteceunovale.com.br\/portal\/?p=57710","title":{"rendered":"Governador \u00e9 vaiado por professores durante entrega da medalha da Inconfid\u00eancia"},"content":{"rendered":"<h4><strong><em>Manifesta\u00e7\u00e3o acontece na cerim\u00f4nia de entrega da Medalha da Inconfid\u00eancia, que \u00e9 aberta ao p\u00fablico pela primeira vez em 12 anos<\/em><\/strong><\/h4>\n<p>Pela primeira vez nos \u00faltimos 12 anos, a solenidade de entrega da medalha da Inconfid\u00eancia, em Ouro Preto, \u00e9 aberta ao p\u00fablico, j\u00e1 que nas gest\u00f5es anteriores a cerim\u00f4nia tinha acesso restrito. Aproveitando que n\u00e3o h\u00e1 acesso restrito, parte dos profissionais da educa\u00e7\u00e3o compareceu em peso na pra\u00e7a Tiradentes, onde acontece o evento, para protestar pelo pagamento do piso nacional.<\/p>\n<p>O secret\u00e1rio estadual de Cultura \u00c2ngelo Oswaldo, ressaltou a import\u00e2ncia da solenidade aberta. &#8220;A pra\u00e7a (Tiradentes) tem sido cen\u00e1rio de sentimentos brasileiros e da pr\u00f3pria postura governamental. Quando o governo de Minas tamb\u00e9m se abre para nossa popula\u00e7\u00e3o, para as comunidades, para dialogar e estabelecer um governo diferente depois de 12 anos de pra\u00e7a totalmente lacrada com palanques de m\u00fasica para abafar qualquer ru\u00eddo que houvesse para desafinar o coro dos contentes. Hoje vemos uma postura diferente&#8221;, disse.<\/p>\n<p>Assim que o governador Fernando Pimentel (PT) apareceu, ele foi vaiado e os manifestantes passaram a entoar &#8220;1, 2, 3, 4, 5, mil. N\u00f3s \u00e9 que fizemos a hist\u00f3ria do Brasil&#8221;.<\/p>\n<p>Enquanto o governador acendia a pira da liberdade na pra\u00e7a, os manifestantes gritavam: &#8220;traidor, traidor&#8221;. A m\u00fasica &#8220;Ca\u00e7ador de mim&#8221; foi tocada em alto som, mesmo quando a banda da Pol\u00edcia Militar toca, no que parece ser uma tentativa de abafar os gritos dos manifestantes. <\/p>\n<p>A coordenadora do Sindicato \u00danico dos Trabalhadores em educa\u00e7\u00e3o de Minas (Sind-UTE) Beatriz Cerqueira, disse que espera cerca de 2.600 pessoas na manifesta\u00e7\u00e3o. Isso porque desde essa segunda-feira (20) a categoria iniciou um congresso em Contagem, que dever\u00e1 ser encerrado em Ouro Preto nesta ter\u00e7a.<\/p>\n<p>Segundo ela, tradicionalmente, o funcionalismo p\u00fablico se re\u00fane para protestar em Ouro Preto no dia 21 de abril e, neste ano, a bandeira \u00e9 o pagamento do piso nacional, que \u00e9 de R$ 1.917,00. \u201cA palavra n\u00e3o \u00e9 que estamos decepcionados com o governo atual, mas ele tem um compromisso de campanha assinado conosco e queremos que cumpra\u201d, disse.<\/p>\n<p>A expectativa de cerca de 2.600 manifestantes \u00e9 devido ao n\u00famero de trabalhadores no congresso, que seguem para Ouro Preto nesta ter\u00e7a. Al\u00e9m de carros e vans, 35 \u00f4nibus do Sind-UTE foram para o evento. Os trabalhadores est\u00e3o vestidos de preto com os dizeres \u201cluto pela educa\u00e7\u00e3o\u201d. <\/p>\n<p><img decoding=\"async\" src=\"http:\/\/aconteceunovale.com.br\/portal\/wp-content\/uploads\/2015\/04\/pimentel_vaiado_1.jpg\" alt=\"\" \/><em>Professores pedem o piso salarial durante a cerim\u00f4nia &#8211; Foto: Moises Silva \/ Jornal O Tempo<\/em><br \/>\n<\/br><\/p>\n<h4><strong>Veja a lista completa dos agraciados com a medalha:<\/strong><\/h4>\n<p><strong>Grande Colar<\/strong><br \/>\n&#8211; Enrique Ricardo Lewandowski, presidente do Supremo Tribunal Federal<\/p>\n<p><strong>Grande Medalha<\/strong><br \/>\n&#8211; Adalclever Ribeiro Lopes, presidente da Assembleia Legislativa &#8211; Ex-Officio<br \/>\n&#8211; Alexandre Corr\u00eaa Abreu, presidente do Banco do Brasil<br \/>\n&#8211; Alexandre Victor de Carvalho, desembargador do Tribunal de Justi\u00e7a do Estado de Minas Gerais &#8211; Promo\u00e7\u00e3o<br \/>\n&#8211; Alu\u00edzio Alberto da Cruz Quint\u00e3o, secret\u00e1rio-geral do Instituto Hist\u00f3rico e Geogr\u00e1fico de Minas Gerais &#8211; Promo\u00e7\u00e3o<br \/>\n&#8211; Aroldo Cedraz de Oliveira, presidente do Tribunal de Contas da Uni\u00e3o<br \/>\n&#8211; Beto Ferreira Martins Vasconcelos, secret\u00e1rio nacional de Justi\u00e7a &#8211; Promo\u00e7\u00e3o<br \/>\n&#8211; Bruno Dantas Nascimento, ministro do Tribunal de Contas da Uni\u00e3o &#8211; Promo\u00e7\u00e3o<br \/>\n&#8211; Carlos Eduardo Gabas, ministro de Estado da Previd\u00eancia Social<br \/>\n&#8211; Carlos Moura Murta, prefeito de Vespasiano &#8211; Promo\u00e7\u00e3o<br \/>\n&#8211; Giles Carriconde Azevedo, assessor especial da Presid\u00eancia da Rep\u00fablica<br \/>\n&#8211; H\u00e9lcio Pereira Fortes &#8211; In memoriam<br \/>\n&#8211; Helv\u00e9cio Miranda Magalh\u00e3es J\u00fanior, secret\u00e1rio de Estado de Planejamento e Gest\u00e3o &#8211; Promo\u00e7\u00e3o<br \/>\n&#8211; Isabel Mendes Cunha, artes\u00e3 &#8211; In memoriam<br \/>\n&#8211; Jo\u00e3o Pedro St\u00e9dile, dirigente do Movimento Sem Terra<br \/>\n&#8211; Jos\u00e9 Roberto Soares Scolforo, reitor da Universidade Federal de Lavras<br \/>\n&#8211; Lu\u00eds In\u00e1cio Lucena Adams, advogado-geral da Uni\u00e3o<br \/>\n&#8211; Luiz Henrique Gualberto Moreira, comandante-geral do Corpo de Bombeiros Militar de Minas Gerais &#8211; Ex- Officio<br \/>\n&#8211; Manoel Carlos de Almeida Neto, secret\u00e1rio-geral da presid\u00eancia do Supremo Tribunal Federal<br \/>\n&#8211; Marco Ant\u00f4nio Badar\u00f3 Bianchini, comandante-geral da Pol\u00edcia Militar do Estado de Minas Gerais -Ex-Officio<br \/>\n&#8211; Marcus Vin\u00edcius Furtado Coelho, presidente do Conselho Federal da Ordem dos Advogados do Brasil<br \/>\n&#8211; Nelson Henrique Barbosa Filho, ministro do Planejamento, Or\u00e7amento e Gest\u00e3o<br \/>\n&#8211; Odair Jos\u00e9 da Cunha, secret\u00e1rio de Estado de Governo &#8211; Promo\u00e7\u00e3o<br \/>\n&#8211; Pedro Carlos Bitencourt Marcondes, presidente do Tribunal de Justi\u00e7a do Estado de Minas Gerais- Ex-Officio<br \/>\n&#8211; Reynaldo Soares da Fonseca, desembargador Federal<br \/>\n&#8211; Wanderson Gomes da Silva, chefe da Pol\u00edcia Civil de Minas Gerais &#8211; Ex-Officio<\/p>\n<p><strong>Medalha de Honra<\/strong><br \/>\n&#8211; Ademir Camilo Prates Rodrigues, deputado federal<br \/>\n&#8211; Andr\u00e9 Agostinho Le\u00e3o de Oliveira, coronel PM<br \/>\n&#8211; Ant\u00f4nio Marcos Alves, tenente coronel PM<br \/>\n&#8211; Antonio Rulli J\u00fanior, desembargador do Tribunal de Justi\u00e7a de S\u00e3o Paulo<br \/>\n&#8211; Arlete Gon\u00e7alves Santos Magalh\u00e3es, deputada estadual<br \/>\n&#8211; Arnaldo Silva J\u00fanior, deputado estadual<br \/>\n&#8211; Celise Barreiros Laviola Cabral de Lira, deputada estadual<br \/>\n&#8211; Cor-Jesus do Esp\u00edrito Santo Maciel \u2013 Promo\u00e7\u00e3o<br \/>\n&#8211; Cristiano Tadeu da Silveira, deputado estadual<br \/>\n&#8211; Duarte Tomoyoshi Horimoto, coronel intendente<br \/>\n&#8211; \u00c9dson Alves Franco, coronel BM<br \/>\n&#8211; Edson Moreira da Silva, deputado federal &#8211; Promo\u00e7\u00e3o<br \/>\n&#8211; Eduardo Machado Costa, desembargador do Tribunal de Justi\u00e7a do Estado de Minas Gerais<br \/>\n&#8211; Elismar Fernandes Prado, deputado estadual<br \/>\n&#8211; Em\u00eddio Alves Madeira J\u00fanior, deputado estadual<br \/>\n&#8211; Estev\u00e3o Lucchesi de Carvalho, desembargador do Tribunal de Justi\u00e7a do Estado de Minas Gerais<br \/>\n&#8211; Fabio Avelar de Oliveira, deputado estadual<br \/>\n&#8211; Fausto Pereira dos Santos, secret\u00e1rio de Estado de Sa\u00fade<br \/>\n&#8211; Gabriel Guimar\u00e3es de Andrade, deputado federal<br \/>\n&#8211; Geisa Gomes Pereira Teixeira, deputada estadual<br \/>\n&#8211; Genival de Luna, coronel intendente<br \/>\n&#8211; Glycon Moreira Franco, deputado estadual<br \/>\n&#8211; Helbert Figueir\u00f3 de Lourdes, chefe do Gabinete Militar do Governador<br \/>\n&#8211; Helder \u00c2ngelo e Silva, chefe do Estado-Maior do Corpo de Bombeiros Militar de Minas Gerais<br \/>\n&#8211; Iran Almeida Barbosa, deputado estadual<br \/>\n&#8211; Isauro Jos\u00e9 de Calais Filho, deputado estadual<br \/>\n&#8211; Jacques Soares Guimar\u00e3es, m\u00e9dico &#8211; Promo\u00e7\u00e3o<br \/>\n&#8211; Jean Mark Freire Silva, deputado estadual<br \/>\n&#8211; Jo\u00e3o Vicente Barreto Ferreira, coronel EB<br \/>\n&#8211; Jorge Mascarenhas Lasmar, chefe do Departamento de Rela\u00e7\u00f5es Internacionais da Pontif\u00edcia Universidade Cat\u00f3lica de Minas Gerais &#8211; Promo\u00e7\u00e3o<br \/>\n&#8211; Jos\u00e9 C\u00e9lio de Alvarenga, deputado estadual<br \/>\n&#8211; Jos\u00e9 Edgard Penna Amorim Pereira, desembargador do Tribunal de Justi\u00e7a do Estado de Minas Gerais<br \/>\n&#8211; Jos\u00e9 Leonardo Costa Monteiro, deputado federal<br \/>\n&#8211; Jos\u00e9 Mauricio de Lima Nolasco, conselheiro do Tribunal de Contas do Estado do Rio de Janeiro<br \/>\n&#8211; Jos\u00e9 Renan da Cunha Melo, professor \u2013 Promo\u00e7\u00e3o<br \/>\n&#8211; Laud\u00edvio Alvarenga Carvalho, deputado federal<br \/>\n&#8211; Leonardo Henrique de Cavalcante Carvalho, conselheiro do Conselho Nacional do Minist\u00e9rio P\u00fablico<br \/>\n&#8211; Leonardo Morreale Diniz Portela, deputado estadual &#8211; Promo\u00e7\u00e3o<br \/>\n&#8211; Luis Henrique de Oliveira Resende, deputado federal &#8211; Promo\u00e7\u00e3o<br \/>\n&#8211; Luiz F\u00e1bio Cherem, deputado estadual<br \/>\n&#8211; Maca\u00e9 Maria Evaristo dos Santos, secret\u00e1ria de Estado de Educa\u00e7\u00e3o<br \/>\n&#8211; Marcelo Guilherme de Aro Ferreira, deputado federal<br \/>\n&#8211; Marcelo Henrique Teixeira Dias, deputado federal<br \/>\n&#8211; M\u00e1rcio Gon\u00e7alves de Almeida Neves, coronel EB<br \/>\n&#8211; Marcio Jos\u00e9 Machado Oliveira, deputado estadual<br \/>\n&#8211; Marco Anthony Steveson Villas Boas, vice-presidente e corregedor do Tribunal Regional Eleitoral do Tocantins<br \/>\n&#8211; Marco Ant\u00f4nio Bicalho, chefe do Estado-Maior da Pol\u00edcia Militar de Minas Gerais<br \/>\n&#8211; Marco Ant\u00f4nio Rezende Teixeira, secret\u00e1rio de Estado da Casa Civil e Rela\u00e7\u00f5es Institucionais<br \/>\n&#8211; Mar\u00edlia Aparecida Campos, deputada estadual<br \/>\n&#8211; M\u00e1rio Alberto Sim\u00f5es Hirs, vice-presidente do Tribunal Regional Eleitoral da Bahia<br \/>\n&#8211; M\u00e1rio Henrique da Silva, deputado estadual<br \/>\n&#8211; Mirian Cristina Correa Alves, deputada estadual<br \/>\n&#8211; Misael Artur Ferreira Varella, deputado federal<br \/>\n&#8211; Murilo de Campos Valadares, secret\u00e1rio de Estado de Transportes e Obras P\u00fablicas<br \/>\n&#8211; Newton Cardoso J\u00fanior, deputado federal<br \/>\n&#8211; Paulo Ricardo da Silva Mendes, coronel aviador<br \/>\n&#8211; Pedro Aleixo Neto, desembargador do Tribunal de Justi\u00e7a do Estado de Minas Gerais<br \/>\n&#8211; Raimundo Nonato de Barcelos, deputado estadual &#8211; Promo\u00e7\u00e3o<br \/>\n&#8211; Ricardo Rocha de Faria, deputado estadual<br \/>\n&#8211; Roberto Dias de Andrade, deputado estadual<br \/>\n&#8211; Rodrigo Ot\u00e1vio Soares Pacheco, deputado federal &#8211; Promo\u00e7\u00e3o<br \/>\n&#8211; Stefano Aguiar dos Santos, deputado federal<br \/>\n&#8211; Thiago Fellipe Motta Cota, deputado estadual<br \/>\n&#8211; Tim\u00f3teo Pereira Lima, coronel EB<br \/>\n&#8211; Ulysses Gomes de Oliveira Neto, deputado estadual<br \/>\n&#8211; Wadson Nathaniel Ribeiro, deputado federal &#8211; Promo\u00e7\u00e3o<br \/>\n&#8211; Yeda Prates Bernis, 2\u00ba vice-presidente da Academia Mineira de Letras &#8211; Promo\u00e7\u00e3o <\/p>\n<p><strong>Medalha da Inconfid\u00eancia<\/strong><br \/>\n&#8211; Abr\u00e3o Costa Martins J\u00fanior, cabo PM<br \/>\n&#8211; Alexandre Nocelli, tenente coronel PM<br \/>\n&#8211; \u00c1lvaro Mendon\u00e7a Pimentel, reitor da Faculdade Jesu\u00edta de Filosofia e Teologia<br \/>\n&#8211; Ana Cristina Santos Alves Pereira, escriv\u00e3 de Pol\u00edcia<br \/>\n&#8211; Andr\u00e9 Luiz Dias Machado, major PM<br \/>\n&#8211; Antonio Claudio Godinho, contador<br \/>\n&#8211; Carlos Alberto da Silveira Isoldi Filho, promotor de Justi\u00e7a do Minist\u00e9rio P\u00fablico de Minas Gerais<br \/>\n&#8211; Carlos Henrique Perp\u00e9tuo Braga, juiz diretor do Foro Eleitoral de Belo Horizonte<br \/>\n&#8211; C\u00e9sar Em\u00edlio Lopes Oliveira, prefeito de Capit\u00e3o En\u00e9as<br \/>\n&#8211; C\u00edcero Leonardo da Cunha, coronel PM<br \/>\n&#8211; Cl\u00e1udio Manoel Fernandes, investigador de Pol\u00edcia<br \/>\n&#8211; Daniela Correa Nogueira, prefeita de Ribeir\u00e3o das Neves<br \/>\n&#8211; Edilene L\u00f4bo, advogada<br \/>\n&#8211; Edson Machado de Andrade, empres\u00e1rio<br \/>\n&#8211; Elza de Moura, professora<br \/>\n&#8211; Fernando Edson Fernandes<br \/>\n&#8211; Geralda Carlos de Oliveira Gomes, professora<br \/>\n&#8211; Gilmar de Assis, promotor de Justi\u00e7a do Minist\u00e9rio P\u00fablico de Minas Gerais<br \/>\n&#8211; Gustavo Cheik de Figueiredo Teixeira, juiz de direito<br \/>\n&#8211; Henrique Leonardo Guerra, m\u00e9dico<br \/>\n&#8211; Jair Eduardo Santana, advogado<br \/>\n&#8211; Jo\u00e3o Am\u00e9rico Normanha Novaes, professor<br \/>\n&#8211; Jo\u00e3o Paulo Ribeiro, prefeito de Monte Si\u00e3o<br \/>\n&#8211; Jorge Ulisses Jacoby Fernandes, advogado<br \/>\n&#8211; Jos\u00e9 Eduardo Ciotola Gussem, subprocurador-geral de Justi\u00e7a de Planejamento Institucional do Minist\u00e9rio P\u00fablico do Estado do Rio de Janeiro<br \/>\n&#8211; Jos\u00e9 Eust\u00e1quio de Brito, vice-reitor da Universidade do Estado de Minas Gerais<br \/>\n&#8211; Jos\u00e9 Maria Andrade Porto, empres\u00e1rio<br \/>\n&#8211; Jos\u00e9 Roberto Quintino, cabo BM<br \/>\n&#8211; Josemar Otaviano de Alvarenga, m\u00e9dico<br \/>\n&#8211; L\u00e1zaro Tavares de Melo da Silva, major PM<br \/>\n&#8211; Lourdes Aparecida dos Santos Fernandes, atleta<br \/>\n&#8211; M\u00e1rcio Rosa Portes, subsecret\u00e1rio de Ensino Superior da Secretaria de Estado de Ci\u00eancia, Tecnologia e Ensino Superior de Minas Gerais<br \/>\n&#8211; Marco Ant\u00f4nio Martins de Almeida, secret\u00e1rio de Petr\u00f3leo, G\u00e1s Natural e Combust\u00edveis Renov\u00e1veis do Minist\u00e9rio de Minas e Energia<br \/>\n&#8211; Marcos Joseraldo Lemos, prefeito de Carbonita<br \/>\n&#8211; Maria Aparecida de Jesus, presidente do Partido dos Trabalhadores de Minas Gerais<br \/>\n&#8211; Maria Izabel da Silva Netto, prefeita de Alvarenga<br \/>\n&#8211; Mario Fernando Montenegro Campos, engenheiro civil<br \/>\n&#8211; M\u00f4nica Lib\u00e2nio Rocha Bretas, ju\u00edza de direito Auxiliar da Presid\u00eancia do Tribunal de Justi\u00e7a de Minas Gerais<br \/>\n&#8211; Neusa Maria Ribeiro, prefeita de Serra da Saudade<br \/>\n&#8211; Paulo Roberto Lopes Fonseca, advogado Regional do Estado de Minas Gerais<br \/>\n&#8211; Raquell Guimar\u00e3es, design de moda<br \/>\n&#8211; Roberto Lemos, coronel PM<br \/>\n&#8211; Romeu Donizete Rufino, diretor-geral da Ag\u00eancia Nacional de Energia El\u00e9trica<br \/>\n&#8211; Rui Moreira dos Santos, bailarino<br \/>\n&#8211; Teot\u00f4nio Bi\u00e1 Tobias Fran\u00e7a, m\u00e9dico<br \/>\n&#8211; Teresa Cristina Alvisi, professora<br \/>\n&#8211; Valdeci de Lima, padre<br \/>\n&#8211; Wesley Barbosa, tenente coronel PM<\/p>\n<p><strong><em>(Fonte: Jornal O Tempo)<\/em><\/strong><\/p>\n","protected":false},"excerpt":{"rendered":"<p>Manifesta\u00e7\u00e3o acontece na cerim\u00f4nia de entrega da Medalha da Inconfid\u00eancia, que \u00e9 aberta ao p\u00fablico pela primeira vez em 12 anos Pela primeira vez nos \u00faltimos 12 anos, a solenidade de entrega da medalha da Inconfid\u00eancia, em Ouro Preto, \u00e9 aberta ao p\u00fablico, j\u00e1 que nas gest\u00f5es anteriores a cerim\u00f4nia tinha acesso restrito. Aproveitando que [&hellip;]<\/p>\n","protected":false},"author":1,"featured_media":57711,"comment_status":"open","ping_status":"closed","sticky":false,"template":"","format":"standard","meta":{"amp_status":"","footnotes":""},"categories":[123],"tags":[42273,40013,42267,42271,42265,42264,42238,211,42266,42272,42270,42268,42269],"class_list":["post-57710","post","type-post","status-publish","format-standard","has-post-thumbnail","hentry","category-gerais","tag-agraciados-com-medalha-da-inconfidencia","tag-beatriz-cerqueira","tag-cerimonia-de-entrega-da-medalha-da-inconfidencia","tag-ganhadores-da-medalha-da-inconfidencia","tag-governador-e-vaiado-por-professores","tag-governador-e-vaiado-por-professores-durante-entrega-da-medalha-da-inconfidencia","tag-medalha-da-inconfidencia","tag-ouro-preto","tag-pimentel-e-vaiado-por-professores","tag-premiados-com-medalha-da-inconfidencia","tag-protesto-na-entrega-da-medalha-da-inconfidencia","tag-sind-ute","tag-sindicato-unico-dos-trabalhadores-em-educacao-de-minas"],"_links":{"self":[{"href":"https:\/\/aconteceunovale.com.br\/portal\/index.php?rest_route=\/wp\/v2\/posts\/57710","targetHints":{"allow":["GET"]}}],"collection":[{"href":"https:\/\/aconteceunovale.com.br\/portal\/index.php?rest_route=\/wp\/v2\/posts"}],"about":[{"href":"https:\/\/aconteceunovale.com.br\/portal\/index.php?rest_route=\/wp\/v2\/types\/post"}],"author":[{"embeddable":true,"href":"https:\/\/aconteceunovale.com.br\/portal\/index.php?rest_route=\/wp\/v2\/users\/1"}],"replies":[{"embeddable":true,"href":"https:\/\/aconteceunovale.com.br\/portal\/index.php?rest_route=%2Fwp%2Fv2%2Fcomments&post=57710"}],"version-history":[{"count":0,"href":"https:\/\/aconteceunovale.com.br\/portal\/index.php?rest_route=\/wp\/v2\/posts\/57710\/revisions"}],"wp:featuredmedia":[{"embeddable":true,"href":"https:\/\/aconteceunovale.com.br\/portal\/index.php?rest_route=\/wp\/v2\/media\/57711"}],"wp:attachment":[{"href":"https:\/\/aconteceunovale.com.br\/portal\/index.php?rest_route=%2Fwp%2Fv2%2Fmedia&parent=57710"}],"wp:term":[{"taxonomy":"category","embeddable":true,"href":"https:\/\/aconteceunovale.com.br\/portal\/index.php?rest_route=%2Fwp%2Fv2%2Fcategories&post=57710"},{"taxonomy":"post_tag","embeddable":true,"href":"https:\/\/aconteceunovale.com.br\/portal\/index.php?rest_route=%2Fwp%2Fv2%2Ftags&post=57710"}],"curies":[{"name":"wp","href":"https:\/\/api.w.org\/{rel}","templated":true}]}}