{"id":57692,"date":"2015-04-20T18:09:41","date_gmt":"2015-04-20T21:09:41","guid":{"rendered":"http:\/\/aconteceunovale.com.br\/portal\/?p=57692"},"modified":"2015-04-20T18:30:44","modified_gmt":"2015-04-20T21:30:44","slug":"policia-segue-a-procura-de-homens-que-atiraram-em-prefeito-no-norte-de-minas","status":"publish","type":"post","link":"https:\/\/aconteceunovale.com.br\/portal\/?p=57692","title":{"rendered":"Pol\u00edcia segue \u00e0 procura de homens que atiraram em prefeito no Norte de Minas"},"content":{"rendered":"<h4><strong><em>Joel Ferreira Lima (PT) foi atingido por quatro tiros enquanto participava de uma festa religiosa no povoado de Alforges.<\/em><\/strong><\/h4>\n<p>A Pol\u00edcia Civil de Minas Gerais continua trabalhando para encontrar os suspeitos da tentativa de homic\u00eddio contra o prefeito da cidade de Ibiracatu, no Norte de Minas Gerais, Joel Ferreira de Lima (PT). Ele foi baleado durante uma festa religiosa na cidade no \u00faltimo s\u00e1bado (18).<\/p>\n<p>De acordo com a assessoria de imprensa da Pol\u00edcia Civil, o delegado regional de Janu\u00e1ria, Raimundo Nonato, foi at\u00e9 o local do crime neste domingo (19). O delegado aguarda uma melhora no estado de sa\u00fade do prefeito para ouvi-lo em rela\u00e7\u00e3o ao crime.<\/p>\n<p>Lima est\u00e1 internado na Santa Casa de Montes Claros. Na tarde desta segunda-feira (20), o estado de sa\u00fade dele \u00e9 est\u00e1vel e n\u00e3o h\u00e1 risco de morte. Conforme a assessoria do hospital, ele passou por uma cirurgia de reconstitui\u00e7\u00e3o do olho esquerdo na manh\u00e3 de domingo e vai passar por uma avalia\u00e7\u00e3o com um oftalmologista. <\/p>\n<h4><strong>Entenda o caso<\/strong><\/h4>\n<p>De acordo com a Pol\u00edcia Militar (PM), o prefeito estava na companhia de duas pessoas no momento do atentado, que aconteceu no povoado de Alforges. Os tiros acertaram o olho esquerdo, pesco\u00e7o, ombro e t\u00f3rax de Joel. Os suspeitos fugiram logo em seguida. A v\u00edtima foi levada para o Hospital Municipal de Varzel\u00e2ndia, depois para Bras\u00edlia de Minas, e, em seguida, transferido em uma UTI M\u00f3vel para a Santa Casa de Montes Claros.<\/p>\n<p>O Batalh\u00e3o da PM de Janu\u00e1ria, respons\u00e1vel pelo policiamento no munic\u00edpio onde aconteceu a tentativa de homic\u00eddio, enviou uma equipe para Ibiracatu para ajudar na identifica\u00e7\u00e3o e captura dos suspeitos. A motiva\u00e7\u00e3o do crime ainda \u00e9 desconhecida. A comunidade de Alforges fica distante 15 quil\u00f4metros da sede de Ibiracatu, que tem popula\u00e7\u00e3o estimada em 6.228 pessoas. Joel est\u00e1 no segundo mandato na prefeitura da cidade. <\/p>\n<p><img decoding=\"async\" src=\"http:\/\/aconteceunovale.com.br\/portal\/wp-content\/uploads\/2015\/04\/prefeito_ibiracatu.jpg\" alt=\"\" \/><em>Joel Ferreira Lima (PT) recebeu 2.272 Votos nas elei\u00e7\u00f5es 2012 \u2013 Foto: TSE<\/em><br \/>\n<\/br><\/p>\n<p><strong><em>(Fonte: Jornal Estado de Minas \/ O Tempo)<\/em><\/strong><\/p>\n","protected":false},"excerpt":{"rendered":"<p>Joel Ferreira Lima (PT) foi atingido por quatro tiros enquanto participava de uma festa religiosa no povoado de Alforges. A Pol\u00edcia Civil de Minas Gerais continua trabalhando para encontrar os suspeitos da tentativa de homic\u00eddio contra o prefeito da cidade de Ibiracatu, no Norte de Minas Gerais, Joel Ferreira de Lima (PT). Ele foi baleado [&hellip;]<\/p>\n","protected":false},"author":1,"featured_media":0,"comment_status":"open","ping_status":"closed","sticky":false,"template":"","format":"standard","meta":{"amp_status":"","footnotes":""},"categories":[1236],"tags":[42243,1704,205,42242,210,42245,42246,42244,8043],"class_list":["post-57692","post","type-post","status-publish","format-standard","hentry","category-norte_de_minas","tag-delegado-regional-de-januaria","tag-ibiracatu","tag-januaria","tag-joel-ferreira-de-lima","tag-montes-claros","tag-policia-segue-a-procura-de-homens-que-atiraram-em-prefeito-no-norte-de-minas","tag-policia-segue-a-procura-de-homens-que-atiraram-no-prefeito-de-ibiracatu","tag-raimundo-nonato","tag-santa-casa-de-montes-claros"],"_links":{"self":[{"href":"https:\/\/aconteceunovale.com.br\/portal\/index.php?rest_route=\/wp\/v2\/posts\/57692","targetHints":{"allow":["GET"]}}],"collection":[{"href":"https:\/\/aconteceunovale.com.br\/portal\/index.php?rest_route=\/wp\/v2\/posts"}],"about":[{"href":"https:\/\/aconteceunovale.com.br\/portal\/index.php?rest_route=\/wp\/v2\/types\/post"}],"author":[{"embeddable":true,"href":"https:\/\/aconteceunovale.com.br\/portal\/index.php?rest_route=\/wp\/v2\/users\/1"}],"replies":[{"embeddable":true,"href":"https:\/\/aconteceunovale.com.br\/portal\/index.php?rest_route=%2Fwp%2Fv2%2Fcomments&post=57692"}],"version-history":[{"count":0,"href":"https:\/\/aconteceunovale.com.br\/portal\/index.php?rest_route=\/wp\/v2\/posts\/57692\/revisions"}],"wp:attachment":[{"href":"https:\/\/aconteceunovale.com.br\/portal\/index.php?rest_route=%2Fwp%2Fv2%2Fmedia&parent=57692"}],"wp:term":[{"taxonomy":"category","embeddable":true,"href":"https:\/\/aconteceunovale.com.br\/portal\/index.php?rest_route=%2Fwp%2Fv2%2Fcategories&post=57692"},{"taxonomy":"post_tag","embeddable":true,"href":"https:\/\/aconteceunovale.com.br\/portal\/index.php?rest_route=%2Fwp%2Fv2%2Ftags&post=57692"}],"curies":[{"name":"wp","href":"https:\/\/api.w.org\/{rel}","templated":true}]}}