{"id":57688,"date":"2015-04-20T16:10:31","date_gmt":"2015-04-20T19:10:31","guid":{"rendered":"http:\/\/aconteceunovale.com.br\/portal\/?p=57688"},"modified":"2015-04-20T16:10:31","modified_gmt":"2015-04-20T19:10:31","slug":"artesa-do-vale-do-jequitinhonha-sera-premiada-com-a-medalha-da-inconfidencia","status":"publish","type":"post","link":"https:\/\/aconteceunovale.com.br\/portal\/?p=57688","title":{"rendered":"Artes\u00e3 do Vale do Jequitinhonha ser\u00e1 premiada com a Medalha da Inconfid\u00eancia"},"content":{"rendered":"<h4><strong><em>A bonequeira Dona Izabel foi reconhecida pelo Governo por representar Minas no mundo. A homenagem in memorian ser\u00e1 recebida pelo filho dela.<\/em><\/strong><\/h4>\n<p>A solenidade de entrega da Medalha da Inconfid\u00eancia, que acontece na ter\u00e7a-feira (21\/4), vai homenagear mineiros de destaque que contribu\u00edram com o desenvolvimento do estado e do pa\u00eds. Entre eles estar\u00e1 a dona Izabel, bonequeira do Vale do Jequitinhonha que mudou a realidade da sua regi\u00e3o atrav\u00e9s da arte.<\/p>\n<p><img decoding=\"async\" src=\"http:\/\/aconteceunovale.com.br\/portal\/wp-content\/uploads\/2014\/10\/dona_izabel_vale_2.jpg\" alt=\"\" \/><em>Dona Izabel (in memorian), artes\u00e3 do Vale do Jequitinhonha &#8211; Foto: Divulga\u00e7\u00e3o<\/em><br \/>\n<\/br><\/p>\n<p>Izabel Mendes da Cunha nasceu na Fazenda C\u00f3rrego Novo munic\u00edpio mineiro de Itinga, em 1924. Desde a inf\u00e2ncia, dona Izabel j\u00e1 criava pequenas figuras de barro, imitando sua m\u00e3e que se dedicava \u00e0 produ\u00e7\u00e3o de panelas de cer\u00e2mica. Mudou-se ainda jovem para Santana do Ara\u00e7ua\u00ed, distrito de Ponto dos Volantes, onde se casou e teve 4 filhos.<\/p>\n<p>Quando adulta, passou a fazer pe\u00e7as utilit\u00e1rias com o barro, e as vendiam nas feiras da regi\u00e3o. Quando ficou vi\u00fava come\u00e7ou a modelar outros tipos de pe\u00e7as, como animais e bonecas de barro para ampliar a produ\u00e7\u00e3o e ajudar no sustento da casa. Nos anos 70, incentivada por um cliente franc\u00eas que visitava a regi\u00e3o, passou a se especializar nas bonecas. Usando a inspira\u00e7\u00e3o da realidade local fazia casais de noivos, com o homem vestido de terno e a mulher vestida de branco, bonecas de janela, que s\u00e3o as marcas de seu trabalho.<\/p>\n<p>As pe\u00e7as de dona Izabel logo ganharam fama nas feiras da regi\u00e3o. Ela ensinou o of\u00edcio \u00e0 fam\u00edlia, depois moradores de Santana do Ara\u00e7ua\u00ed. Com o passar dos anos, familiares se organizaram para criar a escola de cer\u00e2mica e a Associa\u00e7\u00e3o dos Artes\u00e3os de Santana do Ara\u00e7ua\u00ed que hoje  mant\u00e9m uma loja para a venda das pe\u00e7as.<\/p>\n<p>Atualmente as bonecas de dona Izabel s\u00e3o pe\u00e7as altamente valorizadas no mercado da arte e vendidas em todo Brasil e alguns pa\u00edses do mundo. Seu estilo passou a representar a regi\u00e3o pelo mundo. A artes\u00e3 faleceu em outubro do ano passado aos 90 anos de idade.<\/p>\n<p><strong><a href=\"http:\/\/jornal.iof.mg.gov.br\/xmlui\/handle\/123456789\/142233\" target=\"_blank\">Saiba mais sobre a lista de agraciados e detalhes da solenidade neste link (www.jornal.iof.mg.gov.br)<\/a>.<\/strong><\/p>\n<p><img decoding=\"async\" src=\"http:\/\/aconteceunovale.com.br\/portal\/wp-content\/uploads\/2015\/04\/dona_izabel.jpg\" alt=\"\" \/><em>Dona Izabel (in memorian), artes\u00e3 do Vale do Jequitinhonha &#8211; Foto: Divulga\u00e7\u00e3o<\/em><br \/>\n<\/br><\/p>\n<p><strong><em>(Ag\u00eancia Minas)<\/em><\/strong><\/p>\n","protected":false},"excerpt":{"rendered":"<p>A bonequeira Dona Izabel foi reconhecida pelo Governo por representar Minas no mundo. A homenagem in memorian ser\u00e1 recebida pelo filho dela. A solenidade de entrega da Medalha da Inconfid\u00eancia, que acontece na ter\u00e7a-feira (21\/4), vai homenagear mineiros de destaque que contribu\u00edram com o desenvolvimento do estado e do pa\u00eds. Entre eles estar\u00e1 a dona [&hellip;]<\/p>\n","protected":false},"author":1,"featured_media":57689,"comment_status":"open","ping_status":"closed","sticky":false,"template":"","format":"standard","meta":{"amp_status":"","footnotes":""},"categories":[120],"tags":[42241,21256,42237,42236,1018,21250,42240,189,21254,42238,444,10909,42239],"class_list":["post-57688","post","type-post","status-publish","format-standard","has-post-thumbnail","hentry","category-jequi","tag-artesa-do-vale-do-jequitinhonha-sera-premiada-com-a-medalha-da-inconfidencia","tag-bonequeira-do-vale-do-jequitinhonha","tag-bonequeira-dona-izabel","tag-bonequeira-dona-izabel-foi-reconhecida-pelo-governo-por-representar-minas-no-mundo","tag-destaque","tag-dona-izabel","tag-entrega-da-medalha-da-inconfidencia","tag-itinga","tag-izabel-mendes-da-cunha","tag-medalha-da-inconfidencia","tag-ponto-dos-volantes","tag-santana-do-aracuai","tag-solenidade-de-entrega-da-medalha-da-inconfidencia"],"_links":{"self":[{"href":"https:\/\/aconteceunovale.com.br\/portal\/index.php?rest_route=\/wp\/v2\/posts\/57688","targetHints":{"allow":["GET"]}}],"collection":[{"href":"https:\/\/aconteceunovale.com.br\/portal\/index.php?rest_route=\/wp\/v2\/posts"}],"about":[{"href":"https:\/\/aconteceunovale.com.br\/portal\/index.php?rest_route=\/wp\/v2\/types\/post"}],"author":[{"embeddable":true,"href":"https:\/\/aconteceunovale.com.br\/portal\/index.php?rest_route=\/wp\/v2\/users\/1"}],"replies":[{"embeddable":true,"href":"https:\/\/aconteceunovale.com.br\/portal\/index.php?rest_route=%2Fwp%2Fv2%2Fcomments&post=57688"}],"version-history":[{"count":0,"href":"https:\/\/aconteceunovale.com.br\/portal\/index.php?rest_route=\/wp\/v2\/posts\/57688\/revisions"}],"wp:featuredmedia":[{"embeddable":true,"href":"https:\/\/aconteceunovale.com.br\/portal\/index.php?rest_route=\/wp\/v2\/media\/57689"}],"wp:attachment":[{"href":"https:\/\/aconteceunovale.com.br\/portal\/index.php?rest_route=%2Fwp%2Fv2%2Fmedia&parent=57688"}],"wp:term":[{"taxonomy":"category","embeddable":true,"href":"https:\/\/aconteceunovale.com.br\/portal\/index.php?rest_route=%2Fwp%2Fv2%2Fcategories&post=57688"},{"taxonomy":"post_tag","embeddable":true,"href":"https:\/\/aconteceunovale.com.br\/portal\/index.php?rest_route=%2Fwp%2Fv2%2Ftags&post=57688"}],"curies":[{"name":"wp","href":"https:\/\/api.w.org\/{rel}","templated":true}]}}