{"id":57679,"date":"2015-04-20T10:19:09","date_gmt":"2015-04-20T13:19:09","guid":{"rendered":"http:\/\/aconteceunovale.com.br\/portal\/?p=57679"},"modified":"2015-04-20T18:23:19","modified_gmt":"2015-04-20T21:23:19","slug":"agente-penitenciario-e-assassinado-proximo-ao-presidio-regional-de-montes-claros","status":"publish","type":"post","link":"https:\/\/aconteceunovale.com.br\/portal\/?p=57679","title":{"rendered":"Agente penitenci\u00e1rio \u00e9 assassinado pr\u00f3ximo ao Pres\u00eddio Regional de Montes Claros"},"content":{"rendered":"<h4><strong><em>Wesley Ribeiro seguia para o trabalho no Pres\u00eddio Regional. Ele foi socorrido pelo Samu, mas n\u00e3o resistiu e morreu a caminho do hospital.<\/em><\/strong><\/h4>\n<p>O agente penitenci\u00e1rio Wesley Fabr\u00edcio Ribeiro, de 25 anos, foi assassinado no in\u00edcio da manh\u00e3 desta segunda-feira, 20 de abril, no bairro Jaragu\u00e1, em Montes Claros (MG). De acordo com as primeiras informa\u00e7\u00f5es da Pol\u00edcia Militar (PM), a v\u00edtima seguia para o trabalho no Pres\u00eddio Regional, quando foi abordado por dois homens em uma motocicleta. <\/p>\n<p>Ainda segundo a PM, o garupa atirou v\u00e1rias vezes e Wesley foi atingido na cabe\u00e7a. Funcion\u00e1rios do pres\u00eddio prestaram os primeiros socorros at\u00e9 a chegada da equipe do Servi\u00e7o de Atendimento M\u00f3vel de Urg\u00eancia (SAMU). A v\u00edtima n\u00e3o resistiu ao ferimento e faleceu durante o trajeto para um hospital da cidade.<\/p>\n<p><img decoding=\"async\" src=\"http:\/\/aconteceunovale.com.br\/portal\/wp-content\/uploads\/2015\/04\/agente_wesley_moc.jpg\" alt=\"\" \/><em>Wesley Fabr\u00edcio Ribeiro era funcion\u00e1rio do Pres\u00eddio Regional (Foto: Reprodu\u00e7\u00e3o\/Facebook)<\/em><br \/>\n<\/br><\/p>\n<p>Os dois homens fugiram sentido ao bairro Village do Lago II. Rapidamente viaturas do batalh\u00e3o de Rondas Ostensivas T\u00e1ticas Metropolitanas (Rotam) e de agentes penitenci\u00e1rios se deslocaram at\u00e9 a casa de um poss\u00edvel autor, onde encontraram uma moto semelhante \u00e0 usada no crime, mas n\u00e3o o suspeito, de 19 anos.<\/p>\n<p>A princ\u00edpio esse suspeito foi apontado como principal por, na semana passada, ter se envolvido em um um acidente pr\u00f3ximo ao pres\u00eddio. Na data, agentes penitenci\u00e1rios fizeram a pris\u00e3o do rapaz, que j\u00e1 tem v\u00e1rias passagens pela pol\u00edcia e proferiu diversas amea\u00e7as de morte contra os servidores do pres\u00eddio que participaram da ocorr\u00eancia.<\/p>\n<p>Apesar disso, o delegado Bruno Rezende Silveira, respons\u00e1vel pela investiga\u00e7\u00e3o, j\u00e1 descartou essa hip\u00f3tese. &#8220;Ele n\u00e3o poderia ter sido o autor por j\u00e1 se encontrar preso. Talvez pudesse ser uma repres\u00e1lia de pessoas ligadas a ele, mas isso ser\u00e1 investigado&#8221;, explicou o policial. No momento, as equipes da Delegacia de Homic\u00eddios de Montes Claros j\u00e1 est\u00e3o fazendo levantamentos para tentarem estabelecer uma linha investigativa que leve at\u00e9 os criminosos. <\/p>\n<p>&#8220;Quando o homic\u00eddio envolve pessoas ligadas \u00e0 seguran\u00e7a p\u00fablica a hip\u00f3tese de ataque direto contra o sistema prisional, tendo escolhido o agente de forma aleat\u00f3ria, sempre \u00e9 levantada. Pode ser uma repres\u00e1lia contra o trabalho dos agentes da cidade, que facilmente poderiam ter despertado a ira de grandes traficantes. Essa possibilidade \u00e9 grave e estamos atuando para confirmar ou afast\u00e1-la&#8221;, precisou o delegado Bruno Silveira. <\/p>\n<p>Ainda de acordo com o policial, a diretoria do Pres\u00eddio Regional informou que nos cinco meses em que Wesley trabalhava no pres\u00eddio n\u00e3o teria havido qualquer problema relacionado com ele e nem amea\u00e7as diretas. &#8220;Estamos checando c\u00e2meras de vigil\u00e2ncia da regi\u00e3o, a atua\u00e7\u00e3o de fac\u00e7\u00f5es criminosas daqui, poss\u00edveis amea\u00e7as contra ele, chamadas telef\u00f4nicas pr\u00f3ximas ao hor\u00e1rio, entre outras coisas. Por enquanto n\u00e3o temos pista efetiva e nem indica\u00e7\u00e3o de suspeita determinada&#8221;, finalizou o policial. <\/p>\n<p>A Secretaria de Estado de Defesa Social (Seds) informou que o agente \u00e9 funcion\u00e1rio efetivo do pres\u00eddio desde o dia 11 de novembro de 2014. A secretaria aguardar\u00e1 a conclus\u00e3o das investiga\u00e7\u00f5es para saber se o crime tem alguma rela\u00e7\u00e3o com o trabalho, uma vez que ele foi morto do lado de fora da unidade prisional.<\/p>\n<p><em>(Fonte: Jornal O Tempo \/ G1)<\/em><\/p>\n","protected":false},"excerpt":{"rendered":"<p>Wesley Ribeiro seguia para o trabalho no Pres\u00eddio Regional. Ele foi socorrido pelo Samu, mas n\u00e3o resistiu e morreu a caminho do hospital. O agente penitenci\u00e1rio Wesley Fabr\u00edcio Ribeiro, de 25 anos, foi assassinado no in\u00edcio da manh\u00e3 desta segunda-feira, 20 de abril, no bairro Jaragu\u00e1, em Montes Claros (MG). De acordo com as primeiras [&hellip;]<\/p>\n","protected":false},"author":1,"featured_media":57681,"comment_status":"open","ping_status":"closed","sticky":false,"template":"","format":"standard","meta":{"amp_status":"","footnotes":""},"categories":[1236],"tags":[42227,42228,42225,42226,210,42224,42223,42221,42222],"class_list":["post-57679","post","type-post","status-publish","format-standard","has-post-thumbnail","hentry","category-norte_de_minas","tag-agente-penitenciario-e-assassinado-proximo-ao-presidio-regional-de-montes-claros","tag-assassinado-proximo-ao-presidio-regional-de-montes-claros","tag-assassinato-de-agente-penitenciario-em-montes-claros","tag-homicidio-de-agente-penitenciario-em-montes-claros","tag-montes-claros","tag-morte-de-agente-penitenciario-em-montes-claros","tag-morte-do-agente-penitenciario-wesley-fabricio-ribeiro","tag-wesley-fabricio-ribeiro","tag-wesley-ribeiro"],"_links":{"self":[{"href":"https:\/\/aconteceunovale.com.br\/portal\/index.php?rest_route=\/wp\/v2\/posts\/57679","targetHints":{"allow":["GET"]}}],"collection":[{"href":"https:\/\/aconteceunovale.com.br\/portal\/index.php?rest_route=\/wp\/v2\/posts"}],"about":[{"href":"https:\/\/aconteceunovale.com.br\/portal\/index.php?rest_route=\/wp\/v2\/types\/post"}],"author":[{"embeddable":true,"href":"https:\/\/aconteceunovale.com.br\/portal\/index.php?rest_route=\/wp\/v2\/users\/1"}],"replies":[{"embeddable":true,"href":"https:\/\/aconteceunovale.com.br\/portal\/index.php?rest_route=%2Fwp%2Fv2%2Fcomments&post=57679"}],"version-history":[{"count":0,"href":"https:\/\/aconteceunovale.com.br\/portal\/index.php?rest_route=\/wp\/v2\/posts\/57679\/revisions"}],"wp:featuredmedia":[{"embeddable":true,"href":"https:\/\/aconteceunovale.com.br\/portal\/index.php?rest_route=\/wp\/v2\/media\/57681"}],"wp:attachment":[{"href":"https:\/\/aconteceunovale.com.br\/portal\/index.php?rest_route=%2Fwp%2Fv2%2Fmedia&parent=57679"}],"wp:term":[{"taxonomy":"category","embeddable":true,"href":"https:\/\/aconteceunovale.com.br\/portal\/index.php?rest_route=%2Fwp%2Fv2%2Fcategories&post=57679"},{"taxonomy":"post_tag","embeddable":true,"href":"https:\/\/aconteceunovale.com.br\/portal\/index.php?rest_route=%2Fwp%2Fv2%2Ftags&post=57679"}],"curies":[{"name":"wp","href":"https:\/\/api.w.org\/{rel}","templated":true}]}}