{"id":57675,"date":"2015-04-19T23:12:07","date_gmt":"2015-04-20T02:12:07","guid":{"rendered":"http:\/\/aconteceunovale.com.br\/portal\/?p=57675"},"modified":"2015-04-19T23:13:28","modified_gmt":"2015-04-20T02:13:28","slug":"prefeito-de-municipio-do-norte-de-minas-e-detido-apos-se-envolver-em-briga","status":"publish","type":"post","link":"https:\/\/aconteceunovale.com.br\/portal\/?p=57675","title":{"rendered":"Prefeito de munic\u00edpio do Norte de Minas \u00e9 detido ap\u00f3s se envolver em briga"},"content":{"rendered":"<h4><strong><em>O prefeito e seu desafeto foram conduzidos \u00e0 Delegacia de Montes Claros.<\/em> <\/strong><\/h4>\n<p>O prefeito de Itacambira, munic\u00edpio da regi\u00e3o Norte de Minas Gerais, foi detido na noite de ontem, 18 de abril, ap\u00f3s se envolver em uma briga. De acordo com a Pol\u00edcia Militar (PM), Jose Francisco Ferreira (PSDB) e o seu desafeto foram encaminhados \u00e0 Delegacia de Pol\u00edcia Civil de Montes Claros.<\/p>\n<p>Ainda segundo a PM, o prefeito, que \u00e9 conhecido na cidade como \u201cZequinha\u201d, passava pela Avenida Frank Forte, no Centro da cidade, quando foi agredido verbalmente por um homem. O gestor municipal parou o carro e os dois come\u00e7aram a brigar.<\/p>\n<p>Os envolvidos foram detidos e conduzidos a Delegacia, onde prestaram depoimento. A briga, segundo a PM, tem motiva\u00e7\u00f5es pol\u00edticas. <\/p>\n<p><img decoding=\"async\" src=\"http:\/\/aconteceunovale.com.br\/portal\/wp-content\/uploads\/2015\/04\/itacambira_mg.jpg\" alt=\"\" \/><em>Itacambira tem cerca de cinco mil habitantes &#8211; Foto: P\u00e1gina Itacambira &#8211; MG \/ Facebook<\/em><br \/>\n<\/br><\/p>\n<p><strong><em>(Fonte: Inter TV Grande Minas)<\/em><\/strong><\/p>\n","protected":false},"excerpt":{"rendered":"<p>O prefeito e seu desafeto foram conduzidos \u00e0 Delegacia de Montes Claros. O prefeito de Itacambira, munic\u00edpio da regi\u00e3o Norte de Minas Gerais, foi detido na noite de ontem, 18 de abril, ap\u00f3s se envolver em uma briga. De acordo com a Pol\u00edcia Militar (PM), Jose Francisco Ferreira (PSDB) e o seu desafeto foram encaminhados [&hellip;]<\/p>\n","protected":false},"author":1,"featured_media":57676,"comment_status":"open","ping_status":"closed","sticky":false,"template":"","format":"standard","meta":{"amp_status":"","footnotes":""},"categories":[1236],"tags":[1696,42220,42219,42218,42217,42216],"class_list":["post-57675","post","type-post","status-publish","format-standard","has-post-thumbnail","hentry","category-norte_de_minas","tag-itacambira","tag-jose-francisco-ferreira","tag-prefeito-de-itacambira","tag-prefeito-de-itacambira-e-preso","tag-prefeito-de-itacambira-e-preso-apos-se-envolver-em-briga","tag-prefeito-de-municipio-do-norte-de-minas-e-preso-apos-se-envolver-em-briga"],"_links":{"self":[{"href":"https:\/\/aconteceunovale.com.br\/portal\/index.php?rest_route=\/wp\/v2\/posts\/57675","targetHints":{"allow":["GET"]}}],"collection":[{"href":"https:\/\/aconteceunovale.com.br\/portal\/index.php?rest_route=\/wp\/v2\/posts"}],"about":[{"href":"https:\/\/aconteceunovale.com.br\/portal\/index.php?rest_route=\/wp\/v2\/types\/post"}],"author":[{"embeddable":true,"href":"https:\/\/aconteceunovale.com.br\/portal\/index.php?rest_route=\/wp\/v2\/users\/1"}],"replies":[{"embeddable":true,"href":"https:\/\/aconteceunovale.com.br\/portal\/index.php?rest_route=%2Fwp%2Fv2%2Fcomments&post=57675"}],"version-history":[{"count":0,"href":"https:\/\/aconteceunovale.com.br\/portal\/index.php?rest_route=\/wp\/v2\/posts\/57675\/revisions"}],"wp:featuredmedia":[{"embeddable":true,"href":"https:\/\/aconteceunovale.com.br\/portal\/index.php?rest_route=\/wp\/v2\/media\/57676"}],"wp:attachment":[{"href":"https:\/\/aconteceunovale.com.br\/portal\/index.php?rest_route=%2Fwp%2Fv2%2Fmedia&parent=57675"}],"wp:term":[{"taxonomy":"category","embeddable":true,"href":"https:\/\/aconteceunovale.com.br\/portal\/index.php?rest_route=%2Fwp%2Fv2%2Fcategories&post=57675"},{"taxonomy":"post_tag","embeddable":true,"href":"https:\/\/aconteceunovale.com.br\/portal\/index.php?rest_route=%2Fwp%2Fv2%2Ftags&post=57675"}],"curies":[{"name":"wp","href":"https:\/\/api.w.org\/{rel}","templated":true}]}}