{"id":57671,"date":"2015-04-19T22:46:28","date_gmt":"2015-04-20T01:46:28","guid":{"rendered":"http:\/\/aconteceunovale.com.br\/portal\/?p=57671"},"modified":"2015-04-20T17:17:31","modified_gmt":"2015-04-20T20:17:31","slug":"carga-de-carvao-pega-fogo-na-br-116-proximo-a-teofilo-otoni","status":"publish","type":"post","link":"https:\/\/aconteceunovale.com.br\/portal\/?p=57671","title":{"rendered":"Carga de carv\u00e3o pega fogo na BR-116 pr\u00f3ximo a Te\u00f3filo Otoni"},"content":{"rendered":"<p>Uma carga de carv\u00e3o pegou fogo no in\u00edcio da noite deste domingo, 19 de abril, na BR-116, pr\u00f3ximo a Te\u00f3filo Otoni, no Vale do Mucuri. De acordo com informa\u00e7\u00f5es da Pol\u00edcia Rodovi\u00e1ria Federal (PRF), o condutor da carreta foi r\u00e1pido e conseguiu desengatar o \u201ccavalinho\u201d.<\/p>\n<p>Ainda segundo a PRF, as chamas foram controladas pelo Corpo de Bombeiros de Te\u00f3filo Otoni, que tamb\u00e9m fez o resfriamento do restante da carga. A causa do inc\u00eandio n\u00e3o foi divulgada. <\/p>\n<p><img decoding=\"async\" src=\"http:\/\/aconteceunovale.com.br\/portal\/wp-content\/uploads\/2015\/04\/fogo_no_caminhao_1.jpg\" alt=\"\" \/><em>Bombeiros de Te\u00f3filo Otoni controlaram as chamas &#8211; Foto: Fantoni Pesso \/ TV Leste<\/em><br \/>\n<\/br><\/p>\n<p><img decoding=\"async\" src=\"http:\/\/aconteceunovale.com.br\/portal\/wp-content\/uploads\/2015\/04\/fogo_no_caminhao_2.jpg\" alt=\"\" \/><em>Bombeiros de Te\u00f3filo Otoni controlaram as chamas &#8211; Foto: Fantoni Pesso \/ TV Leste<\/em><\/p>\n","protected":false},"excerpt":{"rendered":"<p>Uma carga de carv\u00e3o pegou fogo no in\u00edcio da noite deste domingo, 19 de abril, na BR-116, pr\u00f3ximo a Te\u00f3filo Otoni, no Vale do Mucuri. De acordo com informa\u00e7\u00f5es da Pol\u00edcia Rodovi\u00e1ria Federal (PRF), o condutor da carreta foi r\u00e1pido e conseguiu desengatar o \u201ccavalinho\u201d. Ainda segundo a PRF, as chamas foram controladas pelo Corpo [&hellip;]<\/p>\n","protected":false},"author":1,"featured_media":57672,"comment_status":"open","ping_status":"closed","sticky":false,"template":"","format":"standard","meta":{"amp_status":"","footnotes":""},"categories":[122],"tags":[18262,42212,42215,42213,42214,1104,164],"class_list":["post-57671","post","type-post","status-publish","format-standard","has-post-thumbnail","hentry","category-mucuri","tag-candido-sales","tag-carga-de-carvao-pega-fogo-na-br-116-em-teofilo-otoni","tag-carga-de-carvao-pega-fogo-na-br-116-proximo-a-teofilo-otoni","tag-carreta-pega-fogo-em-teofilo-otoni","tag-incendio-em-carreta-de-carvao-em-teofilo-otoni","tag-rio-de-janeiro","tag-teofilo-otoni"],"_links":{"self":[{"href":"https:\/\/aconteceunovale.com.br\/portal\/index.php?rest_route=\/wp\/v2\/posts\/57671","targetHints":{"allow":["GET"]}}],"collection":[{"href":"https:\/\/aconteceunovale.com.br\/portal\/index.php?rest_route=\/wp\/v2\/posts"}],"about":[{"href":"https:\/\/aconteceunovale.com.br\/portal\/index.php?rest_route=\/wp\/v2\/types\/post"}],"author":[{"embeddable":true,"href":"https:\/\/aconteceunovale.com.br\/portal\/index.php?rest_route=\/wp\/v2\/users\/1"}],"replies":[{"embeddable":true,"href":"https:\/\/aconteceunovale.com.br\/portal\/index.php?rest_route=%2Fwp%2Fv2%2Fcomments&post=57671"}],"version-history":[{"count":0,"href":"https:\/\/aconteceunovale.com.br\/portal\/index.php?rest_route=\/wp\/v2\/posts\/57671\/revisions"}],"wp:featuredmedia":[{"embeddable":true,"href":"https:\/\/aconteceunovale.com.br\/portal\/index.php?rest_route=\/wp\/v2\/media\/57672"}],"wp:attachment":[{"href":"https:\/\/aconteceunovale.com.br\/portal\/index.php?rest_route=%2Fwp%2Fv2%2Fmedia&parent=57671"}],"wp:term":[{"taxonomy":"category","embeddable":true,"href":"https:\/\/aconteceunovale.com.br\/portal\/index.php?rest_route=%2Fwp%2Fv2%2Fcategories&post=57671"},{"taxonomy":"post_tag","embeddable":true,"href":"https:\/\/aconteceunovale.com.br\/portal\/index.php?rest_route=%2Fwp%2Fv2%2Ftags&post=57671"}],"curies":[{"name":"wp","href":"https:\/\/api.w.org\/{rel}","templated":true}]}}