{"id":57668,"date":"2015-04-19T21:52:36","date_gmt":"2015-04-20T00:52:36","guid":{"rendered":"http:\/\/aconteceunovale.com.br\/portal\/?p=57668"},"modified":"2015-04-19T21:52:36","modified_gmt":"2015-04-20T00:52:36","slug":"caldense-e-atletico-disputarao-o-titulo-do-campeonato-mineiro-2015","status":"publish","type":"post","link":"https:\/\/aconteceunovale.com.br\/portal\/?p=57668","title":{"rendered":"Caldense e Atl\u00e9tico disputar\u00e3o o t\u00edtulo do Campeonato Mineiro 2015"},"content":{"rendered":"<h4><strong><em>Equipe de Po\u00e7os de Caldas dominou a partida desde os minutos iniciais e n\u00e3o deu chances para o Tombense, que agora volta suas aten\u00e7\u00f5es para a disputa da S\u00e9rie C<\/em><\/strong><\/h4>\n<p>A Caldense est\u00e1 na final do Campeonato Mineiro. Jogando em Po\u00e7os de Caldas (MG) na noite deste domingo (19), no Est\u00e1dio Ronald\u00e3o, a Veterana n\u00e3o deu chances para o Tombense e venceu por 2 a 0. Tiago Azul\u00e3o e Luiz Eduardo fizeram os gols da partida, que foi marcada pelo dom\u00ednio da equipe do Sul de Minas desde os minutos iniciais.<\/p>\n<p>Esta \u00e9 a primeira vez que a Caldense chega a uma final de Campeonato Mineiro contando com a participa\u00e7\u00e3o dos grandes times do estado. Em 2002, a Veterana conquistou o t\u00edtulo em um formato de campeonato que n\u00e3o teve a participa\u00e7\u00e3o de Atl\u00e9tico-MG, Cruzeiro e Am\u00e9rica-MG.<\/p>\n<p>Agora a Caldense espera a divulga\u00e7\u00e3o das datas para enfrentar o Atl\u00e9tico-MG, mas j\u00e1 sabe que por ter feito a melhor campanha na primeira fase da competi\u00e7\u00e3o, ter\u00e1 o direito de jogar por dois resultados iguais. O mando de jogo da \u00faltima partida tamb\u00e9m ser\u00e1 da Veterana. J\u00e1 o Tombense, agora come\u00e7a a prepara\u00e7\u00e3o para a disputa da S\u00e9rie C do Campeonato Brasileiro.<\/p>\n<p><strong>O Jogo<\/strong><\/p>\n<p>Mostrando superioridade desde os primeiros minutos de partida, a Caldense foi para cima do Tombense na base do abafa. Logo aos 10 minutos, Luiz Eduardo teve a chance de abrir o placar, mas acabou desperdi\u00e7ando grande chance. O time de Po\u00e7os de Caldas pressionava e o goleiro Darley, do Tombense, foi obrigado a fazer grande defesa aos 17, quando Luiz Eduardo apareceu de novo e escorou de cabe\u00e7a. O Tombense parecia assustado e n\u00e3o conseguia chegar com firmeza ao ataque. O bom momento da Veterana na partida foi coroado aos 22 minutos, quando Tiago Azul\u00e3o recebeu cruzamento na \u00e1rea e s\u00f3 desviou para abrir o placar: 1 a 0 Caldense.<\/p>\n<p>O Tombense at\u00e9 tentou dar a resposta ap\u00f3s levar o gol em boa jogada de contra-ataque com Joilson, mas foi a Caldense que quase chegou ao segundo gol ainda no primeiro tempo, com Tiago Azul\u00e3o e N\u00e1dson, desperdi\u00e7ando chances.<\/p>\n<p>Na volta para o segundo tempo, o t\u00e9cnico J\u00fanior Lopes sacou Rafael Pern\u00e3o e Jean Silva e colocou Luiz Fernando e Daniel Amorim, na tentativa de dar mais mobilidade \u00e0 equipe de Tombos (MG). No entanto, o golpe final viria aos 13 minutos, quando ap\u00f3s boa troca de passes pelo meio, Luiz Eduardo recebeu no meio da \u00e1rea para bater na sa\u00edda do goleiro Darley. 2 a 0 Veterana. Praticamente de m\u00e3os atadas em campo, o Tombense s\u00f3 assistia a torcida de Po\u00e7os de Caldas gritar &#8220;ol\u00e9&#8221;. O que j\u00e1 era ruim para o time de Tombos por pouco n\u00e3o ficou pior aos 42, quando Tiago Azul\u00e3o perdeu mais um gol praticamente dentro da pequena \u00e1rea<\/p>\n<p><strong>Caldense 2 x 0 Tombense<\/strong><\/p>\n<p>CALDENSE: Rodrigo; Jefferson Feij\u00e3o (Andrezinho Feij\u00e3o), Marcelinho, Paul\u00e3o e Rafael Estevam; Serginho, Yuri, Tiago Azul\u00e3o e Nadson; Zambi (Cristiano) e Luiz Eduardo (Ewerton Maradona). T\u00c9CNICO: Leonardo Cond\u00e9<\/p>\n<p>TOMBENSE: Darley; Gede\u00edlson, Heitor, Gustavo Carbonieri e Anderson; Coutinho, Mateus, Betinho e Joilson (Andr\u00e9 Gava); Rafael Pern\u00e3o (Luiz Fernando) e Jean Silva (Daniel Amorim). T\u00c9CNICO: J\u00fanior Lopes<\/p>\n<p>GOLS: Tiago Azul\u00e3o (23&#8242; 1\u00baT); Luiz Eduardo (13&#8242; 2\u00baT)<br \/>\nMOTIVO: jogo de volta da semifinal do Mineiro<br \/>\nLOCAL: Est\u00e1dio Dr. Ronaldo Junqueira, em Po\u00e7os de Caldas<br \/>\nDATA: domingo, 19 de abril de 2015, \u00e0s 18h30<br \/>\n\u00c1RBITRO: Emerson de Almeida Ferreira (CBF\/FMF)<br \/>\nASSISTENTES: Celso Luiz da Silva (CBF\/FMF) e Felipe Alan Costa Oliveira (CBF\/FMF)<br \/>\nCART\u00c3O AMARELO: Joilson\/30&#8242; 1\u00baT e Daniel Amorim\/43&#8242; 2\u00baT<\/p>\n<p><strong><em>(Fonte: Globo Esporte)<\/em><\/strong><\/p>\n","protected":false},"excerpt":{"rendered":"<p>Equipe de Po\u00e7os de Caldas dominou a partida desde os minutos iniciais e n\u00e3o deu chances para o Tombense, que agora volta suas aten\u00e7\u00f5es para a disputa da S\u00e9rie C A Caldense est\u00e1 na final do Campeonato Mineiro. Jogando em Po\u00e7os de Caldas (MG) na noite deste domingo (19), no Est\u00e1dio Ronald\u00e3o, a Veterana n\u00e3o [&hellip;]<\/p>\n","protected":false},"author":1,"featured_media":57669,"comment_status":"open","ping_status":"closed","sticky":false,"template":"","format":"standard","meta":{"amp_status":"","footnotes":""},"categories":[59],"tags":[42208,42211,12311,2741,32921,42210,37483,42204,42207,32016,12312,215,42206,23161,42205,42209],"class_list":["post-57668","post","type-post","status-publish","format-standard","has-post-thumbnail","hentry","category-sports","tag-a","tag-associacao-atletica-caldense","tag-atletico","tag-atletico-mineiro","tag-caldense","tag-caldense-2-x-0-tombense","tag-caldense-de-pocos-de-caldas","tag-caldense-e-atletico-disputarao-o-titulo-do-campeonato-mineiro-2015","tag-caldense-esta-na-final-do-campeonato-mineiro","tag-campeonato-mineiro-2015","tag-galo","tag-pocos-de-caldas","tag-titulo-do-campeonato-mineiro-2015","tag-tombense","tag-velha-senhora","tag-veterana"],"_links":{"self":[{"href":"https:\/\/aconteceunovale.com.br\/portal\/index.php?rest_route=\/wp\/v2\/posts\/57668","targetHints":{"allow":["GET"]}}],"collection":[{"href":"https:\/\/aconteceunovale.com.br\/portal\/index.php?rest_route=\/wp\/v2\/posts"}],"about":[{"href":"https:\/\/aconteceunovale.com.br\/portal\/index.php?rest_route=\/wp\/v2\/types\/post"}],"author":[{"embeddable":true,"href":"https:\/\/aconteceunovale.com.br\/portal\/index.php?rest_route=\/wp\/v2\/users\/1"}],"replies":[{"embeddable":true,"href":"https:\/\/aconteceunovale.com.br\/portal\/index.php?rest_route=%2Fwp%2Fv2%2Fcomments&post=57668"}],"version-history":[{"count":0,"href":"https:\/\/aconteceunovale.com.br\/portal\/index.php?rest_route=\/wp\/v2\/posts\/57668\/revisions"}],"wp:featuredmedia":[{"embeddable":true,"href":"https:\/\/aconteceunovale.com.br\/portal\/index.php?rest_route=\/wp\/v2\/media\/57669"}],"wp:attachment":[{"href":"https:\/\/aconteceunovale.com.br\/portal\/index.php?rest_route=%2Fwp%2Fv2%2Fmedia&parent=57668"}],"wp:term":[{"taxonomy":"category","embeddable":true,"href":"https:\/\/aconteceunovale.com.br\/portal\/index.php?rest_route=%2Fwp%2Fv2%2Fcategories&post=57668"},{"taxonomy":"post_tag","embeddable":true,"href":"https:\/\/aconteceunovale.com.br\/portal\/index.php?rest_route=%2Fwp%2Fv2%2Ftags&post=57668"}],"curies":[{"name":"wp","href":"https:\/\/api.w.org\/{rel}","templated":true}]}}