{"id":57660,"date":"2015-04-19T20:22:59","date_gmt":"2015-04-19T23:22:59","guid":{"rendered":"http:\/\/aconteceunovale.com.br\/portal\/?p=57660"},"modified":"2015-04-19T20:22:59","modified_gmt":"2015-04-19T23:22:59","slug":"meio-seculo-da-homenagem-a-jose-da-silva-xavier","status":"publish","type":"post","link":"https:\/\/aconteceunovale.com.br\/portal\/?p=57660","title":{"rendered":"Meio s\u00e9culo da homenagem a Jos\u00e9 da Silva Xavier"},"content":{"rendered":"<h4><strong><em>Em 2015, completa-se 50 anos da Lei que declara Joaquim Jos\u00e9 da Silva Xavier, o Tiradentes, como Patrono C\u00edvico da Na\u00e7\u00e3o Brasileira<\/em><\/strong><\/h4>\n<p>H\u00e1 cinquenta anos, tornou-se lei federal a proposta do deputado mineiro \u00daltimo de Carvalho (1889-1980), pela qual Joaquim Jos\u00e9 da Silva Xavier, o Tiradentes, foi declarado Patrono C\u00edvico da Na\u00e7\u00e3o Brasileira. Uma das lideran\u00e7as mais reconhecidas do antigo Partido Social Democr\u00e1tico (PDS) mineiro, \u00daltimo de Carvalho apresentou o projeto em 1963, mas a aprova\u00e7\u00e3o pela C\u00e2mara s\u00f3 ocorreu em 1965. Em 9 de dezembro do mesmo ano, o marechal Humberto Castelo Branco, presidente da Rep\u00fablica, sancionou a lei n\u00ba 4.897.<\/p>\n<p>Em encontro na Secretaria de Estado da Cultura, o secret\u00e1rio Angelo Oswaldo congratulou-se com S\u00edlvio de Carvalho Grossi, neto do parlamentar, destacando a import\u00e2ncia hist\u00f3rica da iniciativa, sobretudo pelo fato de o regime de exce\u00e7\u00e3o ter sido levado a proclamar o her\u00f3i da liberdade como patrono da na\u00e7\u00e3o brasileira. Ambos recordaram a intelig\u00eancia pol\u00edtica de \u00daltimo de Carvalho e casos pelos quais ele \u00e9 uma das figuras mais citadas da cr\u00f4nica pol\u00edtica de Minas Gerais.<\/p>\n<p>\u201cA a\u00e7\u00e3o de vanguarda do meu av\u00f4, o deputado \u00daltimo de Carvalho, em homenagem a esse que foi um dos grandes patriotas mineiros, em um per\u00edodo revolucion\u00e1rio como a d\u00e9cada de 60, foi de suma import\u00e2ncia e merece rever\u00eancia. Esta data jamais poder\u00e1 ser esquecida por um Estado que valoriza a liberdade, pela qual Tiradentes lutou\u201d, considerou S\u00edlvio Grossi.<\/p>\n<p>O t\u00edtulo de Patrono C\u00edvico da Na\u00e7\u00e3o reconhece em Tiradentes o l\u00edder do primeiro movimento pela liberdade e independ\u00eancia do Brasil, consagrando o sentimento popular que desde sempre cercou de respeito \u00e0 legenda do her\u00f3i mineiro.  <\/p>\n<p><center><img decoding=\"async\" src=\"http:\/\/aconteceunovale.com.br\/portal\/wp-content\/uploads\/2015\/04\/meio-seculo-da-homenagem-a-tiradentes.png\" alt=\"\" \/><em>\u00d3leo sobre tela de Jos\u00e9 Wasth Rodrigues mostra<br \/>\no alferes Joaquim Jos\u00e9 da Silva Xavier<\/em><\/center><\/p>\n","protected":false},"excerpt":{"rendered":"<p>Em 2015, completa-se 50 anos da Lei que declara Joaquim Jos\u00e9 da Silva Xavier, o Tiradentes, como Patrono C\u00edvico da Na\u00e7\u00e3o Brasileira H\u00e1 cinquenta anos, tornou-se lei federal a proposta do deputado mineiro \u00daltimo de Carvalho (1889-1980), pela qual Joaquim Jos\u00e9 da Silva Xavier, o Tiradentes, foi declarado Patrono C\u00edvico da Na\u00e7\u00e3o Brasileira. Uma das [&hellip;]<\/p>\n","protected":false},"author":1,"featured_media":57663,"comment_status":"open","ping_status":"closed","sticky":false,"template":"","format":"standard","meta":{"amp_status":"","footnotes":""},"categories":[123],"tags":[42198,42199,42201,42197,42203,42200,711,42202],"class_list":["post-57660","post","type-post","status-publish","format-standard","has-post-thumbnail","hentry","category-gerais","tag-jose-da-silva-xavier","tag-lei-que-declara-joaquim-jose-da-silva-xavier-como-patrono-civico-da-nacao-brasileira","tag-lei-que-declara-tiradentes-como-patrono-civico-da-nacao-brasileira","tag-meio-seculo-da-homenagem-a-jose-da-silva-xavier","tag-oleo-sobre-tela-de-jose-wasth-rodrigues-mostra-o-alferes-joaquim-jose-da-silva-xavier","tag-patrono-civico-da-nacao-brasileira","tag-tiradentes","tag-ultimo-de-carvalho"],"yoast_head":"<!-- This site is optimized with the Yoast SEO plugin v28.3 - https:\/\/yoast.com\/product\/yoast-seo-wordpress\/ -->\n<title>Meio s\u00e9culo da homenagem a Jos\u00e9 da Silva Xavier - Aconteceu no Vale<\/title>\n<meta name=\"robots\" content=\"index, follow, max-snippet:-1, max-image-preview:large, max-video-preview:-1\" \/>\n<link rel=\"canonical\" href=\"https:\/\/aconteceunovale.com.br\/portal\/?p=57660\" \/>\n<meta property=\"og:locale\" content=\"pt_BR\" \/>\n<meta property=\"og:type\" content=\"article\" \/>\n<meta property=\"og:title\" content=\"Meio s\u00e9culo da homenagem a Jos\u00e9 da Silva Xavier - Aconteceu no Vale\" \/>\n<meta property=\"og:description\" content=\"Em 2015, completa-se 50 anos da Lei que declara Joaquim Jos\u00e9 da Silva Xavier, o Tiradentes, como Patrono C\u00edvico da Na\u00e7\u00e3o Brasileira H\u00e1 cinquenta anos, tornou-se lei federal a proposta do deputado mineiro \u00daltimo de Carvalho (1889-1980), pela qual Joaquim Jos\u00e9 da Silva Xavier, o Tiradentes, foi declarado Patrono C\u00edvico da Na\u00e7\u00e3o Brasileira. Uma das [&hellip;]\" \/>\n<meta property=\"og:url\" content=\"https:\/\/aconteceunovale.com.br\/portal\/?p=57660\" \/>\n<meta property=\"og:site_name\" content=\"Aconteceu no Vale\" \/>\n<meta property=\"article:publisher\" content=\"https:\/\/www.facebook.com\/aconteceunovale\/\" \/>\n<meta property=\"article:published_time\" content=\"2015-04-19T23:22:59+00:00\" \/>\n<meta property=\"og:image\" content=\"https:\/\/aconteceunovale.com.br\/portal\/wp-content\/uploads\/2015\/04\/tiradentes.jpg\" \/>\n\t<meta property=\"og:image:width\" content=\"640\" \/>\n\t<meta property=\"og:image:height\" content=\"391\" \/>\n\t<meta property=\"og:image:type\" content=\"image\/jpeg\" \/>\n<meta name=\"author\" content=\"Aconteceu no Vale\" \/>\n<meta name=\"twitter:card\" content=\"summary_large_image\" \/>\n<meta name=\"twitter:creator\" content=\"@noticiadosvales\" \/>\n<meta name=\"twitter:site\" content=\"@noticiadosvales\" \/>\n<meta name=\"twitter:label1\" content=\"Escrito por\" \/>\n\t<meta name=\"twitter:data1\" content=\"Aconteceu no Vale\" \/>\n\t<meta name=\"twitter:label2\" content=\"Est. tempo de leitura\" \/>\n\t<meta name=\"twitter:data2\" content=\"2 minutos\" \/>\n<script type=\"application\/ld+json\" class=\"yoast-schema-graph\">{\"@context\":\"https:\\\/\\\/schema.org\",\"@graph\":[{\"@type\":\"Article\",\"@id\":\"https:\\\/\\\/aconteceunovale.com.br\\\/portal\\\/?p=57660#article\",\"isPartOf\":{\"@id\":\"https:\\\/\\\/aconteceunovale.com.br\\\/portal\\\/?p=57660\"},\"author\":{\"name\":\"Aconteceu no Vale\",\"@id\":\"https:\\\/\\\/aconteceunovale.com.br\\\/portal\\\/#\\\/schema\\\/person\\\/633529146f2c94272bef50ac2953d589\"},\"headline\":\"Meio s\u00e9culo da homenagem a Jos\u00e9 da Silva Xavier\",\"datePublished\":\"2015-04-19T23:22:59+00:00\",\"mainEntityOfPage\":{\"@id\":\"https:\\\/\\\/aconteceunovale.com.br\\\/portal\\\/?p=57660\"},\"wordCount\":321,\"commentCount\":0,\"image\":{\"@id\":\"https:\\\/\\\/aconteceunovale.com.br\\\/portal\\\/?p=57660#primaryimage\"},\"thumbnailUrl\":\"https:\\\/\\\/aconteceunovale.com.br\\\/portal\\\/wp-content\\\/uploads\\\/2015\\\/04\\\/tiradentes.jpg\",\"keywords\":[\"Jos\u00e9 da Silva Xavier\",\"Lei que declara Joaquim Jos\u00e9 da Silva Xavier como Patrono C\u00edvico da Na\u00e7\u00e3o Brasileira\",\"Lei que declara Tiradentes como Patrono C\u00edvico da Na\u00e7\u00e3o Brasileira\",\"Meio s\u00e9culo da homenagem a Jos\u00e9 da Silva Xavier\",\"\u00d3leo sobre tela de Jos\u00e9 Wasth Rodrigues mostra o alferes Joaquim Jos\u00e9 da Silva Xavier\",\"Patrono C\u00edvico da Na\u00e7\u00e3o Brasileira\",\"Tiradentes\",\"\u00daltimo de Carvalho\"],\"articleSection\":[\"Minas Gerais\"],\"inLanguage\":\"pt-BR\",\"potentialAction\":[{\"@type\":\"CommentAction\",\"name\":\"Comment\",\"target\":[\"https:\\\/\\\/aconteceunovale.com.br\\\/portal\\\/?p=57660#respond\"]}]},{\"@type\":\"WebPage\",\"@id\":\"https:\\\/\\\/aconteceunovale.com.br\\\/portal\\\/?p=57660\",\"url\":\"https:\\\/\\\/aconteceunovale.com.br\\\/portal\\\/?p=57660\",\"name\":\"Meio s\u00e9culo da homenagem a Jos\u00e9 da Silva Xavier - Aconteceu no Vale\",\"isPartOf\":{\"@id\":\"https:\\\/\\\/aconteceunovale.com.br\\\/portal\\\/#website\"},\"primaryImageOfPage\":{\"@id\":\"https:\\\/\\\/aconteceunovale.com.br\\\/portal\\\/?p=57660#primaryimage\"},\"image\":{\"@id\":\"https:\\\/\\\/aconteceunovale.com.br\\\/portal\\\/?p=57660#primaryimage\"},\"thumbnailUrl\":\"https:\\\/\\\/aconteceunovale.com.br\\\/portal\\\/wp-content\\\/uploads\\\/2015\\\/04\\\/tiradentes.jpg\",\"datePublished\":\"2015-04-19T23:22:59+00:00\",\"author\":{\"@id\":\"https:\\\/\\\/aconteceunovale.com.br\\\/portal\\\/#\\\/schema\\\/person\\\/633529146f2c94272bef50ac2953d589\"},\"breadcrumb\":{\"@id\":\"https:\\\/\\\/aconteceunovale.com.br\\\/portal\\\/?p=57660#breadcrumb\"},\"inLanguage\":\"pt-BR\",\"potentialAction\":[{\"@type\":\"ReadAction\",\"target\":[\"https:\\\/\\\/aconteceunovale.com.br\\\/portal\\\/?p=57660\"]}]},{\"@type\":\"ImageObject\",\"inLanguage\":\"pt-BR\",\"@id\":\"https:\\\/\\\/aconteceunovale.com.br\\\/portal\\\/?p=57660#primaryimage\",\"url\":\"https:\\\/\\\/aconteceunovale.com.br\\\/portal\\\/wp-content\\\/uploads\\\/2015\\\/04\\\/tiradentes.jpg\",\"contentUrl\":\"https:\\\/\\\/aconteceunovale.com.br\\\/portal\\\/wp-content\\\/uploads\\\/2015\\\/04\\\/tiradentes.jpg\",\"width\":640,\"height\":391},{\"@type\":\"BreadcrumbList\",\"@id\":\"https:\\\/\\\/aconteceunovale.com.br\\\/portal\\\/?p=57660#breadcrumb\",\"itemListElement\":[{\"@type\":\"ListItem\",\"position\":1,\"name\":\"In\u00edcio\",\"item\":\"https:\\\/\\\/aconteceunovale.com.br\\\/portal\\\/\"},{\"@type\":\"ListItem\",\"position\":2,\"name\":\"Meio s\u00e9culo da homenagem a Jos\u00e9 da Silva Xavier\"}]},{\"@type\":\"WebSite\",\"@id\":\"https:\\\/\\\/aconteceunovale.com.br\\\/portal\\\/#website\",\"url\":\"https:\\\/\\\/aconteceunovale.com.br\\\/portal\\\/\",\"name\":\"Aconteceu no Vale\",\"description\":\"Portal de Not\u00edcias\",\"potentialAction\":[{\"@type\":\"SearchAction\",\"target\":{\"@type\":\"EntryPoint\",\"urlTemplate\":\"https:\\\/\\\/aconteceunovale.com.br\\\/portal\\\/?s={search_term_string}\"},\"query-input\":{\"@type\":\"PropertyValueSpecification\",\"valueRequired\":true,\"valueName\":\"search_term_string\"}}],\"inLanguage\":\"pt-BR\"},{\"@type\":\"Person\",\"@id\":\"https:\\\/\\\/aconteceunovale.com.br\\\/portal\\\/#\\\/schema\\\/person\\\/633529146f2c94272bef50ac2953d589\",\"name\":\"Aconteceu no Vale\",\"description\":\"Equipe de reportagem do Aconteceu no Vale, portal de not\u00edcias do Vale do Jequitinhonha, em Minas Gerais. Cobrimos as 51 cidades do Vale desde 2013. Sugest\u00f5es de pauta e pedidos de corre\u00e7\u00e3o: contato@aconteceunovale.com.br\",\"sameAs\":[\"http:\\\/\\\/www.aconteceunovale.com.br\"],\"url\":\"https:\\\/\\\/aconteceunovale.com.br\\\/portal\\\/?author=1\"}]}<\/script>\n<!-- \/ Yoast SEO plugin. -->","yoast_head_json":{"title":"Meio s\u00e9culo da homenagem a Jos\u00e9 da Silva Xavier - Aconteceu no Vale","robots":{"index":"index","follow":"follow","max-snippet":"max-snippet:-1","max-image-preview":"max-image-preview:large","max-video-preview":"max-video-preview:-1"},"canonical":"https:\/\/aconteceunovale.com.br\/portal\/?p=57660","og_locale":"pt_BR","og_type":"article","og_title":"Meio s\u00e9culo da homenagem a Jos\u00e9 da Silva Xavier - Aconteceu no Vale","og_description":"Em 2015, completa-se 50 anos da Lei que declara Joaquim Jos\u00e9 da Silva Xavier, o Tiradentes, como Patrono C\u00edvico da Na\u00e7\u00e3o Brasileira H\u00e1 cinquenta anos, tornou-se lei federal a proposta do deputado mineiro \u00daltimo de Carvalho (1889-1980), pela qual Joaquim Jos\u00e9 da Silva Xavier, o Tiradentes, foi declarado Patrono C\u00edvico da Na\u00e7\u00e3o Brasileira. Uma das [&hellip;]","og_url":"https:\/\/aconteceunovale.com.br\/portal\/?p=57660","og_site_name":"Aconteceu no Vale","article_publisher":"https:\/\/www.facebook.com\/aconteceunovale\/","article_published_time":"2015-04-19T23:22:59+00:00","og_image":[{"width":640,"height":391,"url":"https:\/\/aconteceunovale.com.br\/portal\/wp-content\/uploads\/2015\/04\/tiradentes.jpg","type":"image\/jpeg"}],"author":"Aconteceu no Vale","twitter_card":"summary_large_image","twitter_creator":"@noticiadosvales","twitter_site":"@noticiadosvales","twitter_misc":{"Escrito por":"Aconteceu no Vale","Est. tempo de leitura":"2 minutos"},"schema":{"@context":"https:\/\/schema.org","@graph":[{"@type":"Article","@id":"https:\/\/aconteceunovale.com.br\/portal\/?p=57660#article","isPartOf":{"@id":"https:\/\/aconteceunovale.com.br\/portal\/?p=57660"},"author":{"name":"Aconteceu no Vale","@id":"https:\/\/aconteceunovale.com.br\/portal\/#\/schema\/person\/633529146f2c94272bef50ac2953d589"},"headline":"Meio s\u00e9culo da homenagem a Jos\u00e9 da Silva Xavier","datePublished":"2015-04-19T23:22:59+00:00","mainEntityOfPage":{"@id":"https:\/\/aconteceunovale.com.br\/portal\/?p=57660"},"wordCount":321,"commentCount":0,"image":{"@id":"https:\/\/aconteceunovale.com.br\/portal\/?p=57660#primaryimage"},"thumbnailUrl":"https:\/\/aconteceunovale.com.br\/portal\/wp-content\/uploads\/2015\/04\/tiradentes.jpg","keywords":["Jos\u00e9 da Silva Xavier","Lei que declara Joaquim Jos\u00e9 da Silva Xavier como Patrono C\u00edvico da Na\u00e7\u00e3o Brasileira","Lei que declara Tiradentes como Patrono C\u00edvico da Na\u00e7\u00e3o Brasileira","Meio s\u00e9culo da homenagem a Jos\u00e9 da Silva Xavier","\u00d3leo sobre tela de Jos\u00e9 Wasth Rodrigues mostra o alferes Joaquim Jos\u00e9 da Silva Xavier","Patrono C\u00edvico da Na\u00e7\u00e3o Brasileira","Tiradentes","\u00daltimo de Carvalho"],"articleSection":["Minas Gerais"],"inLanguage":"pt-BR","potentialAction":[{"@type":"CommentAction","name":"Comment","target":["https:\/\/aconteceunovale.com.br\/portal\/?p=57660#respond"]}]},{"@type":"WebPage","@id":"https:\/\/aconteceunovale.com.br\/portal\/?p=57660","url":"https:\/\/aconteceunovale.com.br\/portal\/?p=57660","name":"Meio s\u00e9culo da homenagem a Jos\u00e9 da Silva Xavier - Aconteceu no Vale","isPartOf":{"@id":"https:\/\/aconteceunovale.com.br\/portal\/#website"},"primaryImageOfPage":{"@id":"https:\/\/aconteceunovale.com.br\/portal\/?p=57660#primaryimage"},"image":{"@id":"https:\/\/aconteceunovale.com.br\/portal\/?p=57660#primaryimage"},"thumbnailUrl":"https:\/\/aconteceunovale.com.br\/portal\/wp-content\/uploads\/2015\/04\/tiradentes.jpg","datePublished":"2015-04-19T23:22:59+00:00","author":{"@id":"https:\/\/aconteceunovale.com.br\/portal\/#\/schema\/person\/633529146f2c94272bef50ac2953d589"},"breadcrumb":{"@id":"https:\/\/aconteceunovale.com.br\/portal\/?p=57660#breadcrumb"},"inLanguage":"pt-BR","potentialAction":[{"@type":"ReadAction","target":["https:\/\/aconteceunovale.com.br\/portal\/?p=57660"]}]},{"@type":"ImageObject","inLanguage":"pt-BR","@id":"https:\/\/aconteceunovale.com.br\/portal\/?p=57660#primaryimage","url":"https:\/\/aconteceunovale.com.br\/portal\/wp-content\/uploads\/2015\/04\/tiradentes.jpg","contentUrl":"https:\/\/aconteceunovale.com.br\/portal\/wp-content\/uploads\/2015\/04\/tiradentes.jpg","width":640,"height":391},{"@type":"BreadcrumbList","@id":"https:\/\/aconteceunovale.com.br\/portal\/?p=57660#breadcrumb","itemListElement":[{"@type":"ListItem","position":1,"name":"In\u00edcio","item":"https:\/\/aconteceunovale.com.br\/portal\/"},{"@type":"ListItem","position":2,"name":"Meio s\u00e9culo da homenagem a Jos\u00e9 da Silva Xavier"}]},{"@type":"WebSite","@id":"https:\/\/aconteceunovale.com.br\/portal\/#website","url":"https:\/\/aconteceunovale.com.br\/portal\/","name":"Aconteceu no Vale","description":"Portal de Not\u00edcias","potentialAction":[{"@type":"SearchAction","target":{"@type":"EntryPoint","urlTemplate":"https:\/\/aconteceunovale.com.br\/portal\/?s={search_term_string}"},"query-input":{"@type":"PropertyValueSpecification","valueRequired":true,"valueName":"search_term_string"}}],"inLanguage":"pt-BR"},{"@type":"Person","@id":"https:\/\/aconteceunovale.com.br\/portal\/#\/schema\/person\/633529146f2c94272bef50ac2953d589","name":"Aconteceu no Vale","description":"Equipe de reportagem do Aconteceu no Vale, portal de not\u00edcias do Vale do Jequitinhonha, em Minas Gerais. Cobrimos as 51 cidades do Vale desde 2013. Sugest\u00f5es de pauta e pedidos de corre\u00e7\u00e3o: contato@aconteceunovale.com.br","sameAs":["http:\/\/www.aconteceunovale.com.br"],"url":"https:\/\/aconteceunovale.com.br\/portal\/?author=1"}]}},"_links":{"self":[{"href":"https:\/\/aconteceunovale.com.br\/portal\/index.php?rest_route=\/wp\/v2\/posts\/57660","targetHints":{"allow":["GET"]}}],"collection":[{"href":"https:\/\/aconteceunovale.com.br\/portal\/index.php?rest_route=\/wp\/v2\/posts"}],"about":[{"href":"https:\/\/aconteceunovale.com.br\/portal\/index.php?rest_route=\/wp\/v2\/types\/post"}],"author":[{"embeddable":true,"href":"https:\/\/aconteceunovale.com.br\/portal\/index.php?rest_route=\/wp\/v2\/users\/1"}],"replies":[{"embeddable":true,"href":"https:\/\/aconteceunovale.com.br\/portal\/index.php?rest_route=%2Fwp%2Fv2%2Fcomments&post=57660"}],"version-history":[{"count":0,"href":"https:\/\/aconteceunovale.com.br\/portal\/index.php?rest_route=\/wp\/v2\/posts\/57660\/revisions"}],"wp:featuredmedia":[{"embeddable":true,"href":"https:\/\/aconteceunovale.com.br\/portal\/index.php?rest_route=\/wp\/v2\/media\/57663"}],"wp:attachment":[{"href":"https:\/\/aconteceunovale.com.br\/portal\/index.php?rest_route=%2Fwp%2Fv2%2Fmedia&parent=57660"}],"wp:term":[{"taxonomy":"category","embeddable":true,"href":"https:\/\/aconteceunovale.com.br\/portal\/index.php?rest_route=%2Fwp%2Fv2%2Fcategories&post=57660"},{"taxonomy":"post_tag","embeddable":true,"href":"https:\/\/aconteceunovale.com.br\/portal\/index.php?rest_route=%2Fwp%2Fv2%2Ftags&post=57660"}],"curies":[{"name":"wp","href":"https:\/\/api.w.org\/{rel}","templated":true}]}}