{"id":57638,"date":"2015-04-19T12:17:16","date_gmt":"2015-04-19T15:17:16","guid":{"rendered":"http:\/\/aconteceunovale.com.br\/portal\/?p=57638"},"modified":"2015-04-19T12:17:16","modified_gmt":"2015-04-19T15:17:16","slug":"alteracoes-climaticas-sao-a-maior-ameaca-ao-planeta-diz-obama","status":"publish","type":"post","link":"https:\/\/aconteceunovale.com.br\/portal\/?p=57638","title":{"rendered":"Altera\u00e7\u00f5es clim\u00e1ticas s\u00e3o a maior amea\u00e7a ao planeta, diz Obama"},"content":{"rendered":"<p>O presidente dos Estados Unidos, Barack Obama, afirmou ontem (18) que as altera\u00e7\u00f5es clim\u00e1ticas s\u00e3o &#8220;a maior amea\u00e7a ao planeta&#8221;. Ele disse esperar que os piores efeitos possam ser evitados. &#8220;Atualmente, n\u00e3o h\u00e1 maior amea\u00e7a ao nosso planeta do que as altera\u00e7\u00f5es clim\u00e1ticas&#8221;, enfatizou Obama, em sua mensagem radiof\u00f4nica semanal.<\/p>\n<p>&#8220;As altera\u00e7\u00f5es clim\u00e1ticas n\u00e3o podem ser negada, nem ignoradas. O mundo olha para os Estados Unidos esperando que [o pa\u00eds] assuma a lideran\u00e7a nesta mat\u00e9ria, e \u00e9 o que estamos fazendo&#8221;, disse o chefe do governo americano, lembrando que o ano passado foi o mais quente desde que os registos de temperaturas come\u00e7aram a ser feitos em 1880.<\/p>\n<p><img decoding=\"async\" src=\"http:\/\/aconteceunovale.com.br\/portal\/wp-content\/uploads\/2015\/04\/obama.jpg\" alt=\"\" \/><em>Obama promete reduzir a polui\u00e7\u00e3o provocada pelo pa\u00eds &#8211; Foto: Michael Reynolds\/EPA\/Ag\u00eancia Lusa<\/em><br \/>\n<\/br><\/p>\n<p>Obama anunciou que viajar\u00e1 para a Fl\u00f3rida na quarta-feira (22), Dia Mundial da Terra. Ele vai ao Parque Nacional de Everglades, &#8220;um dos locais mais singulares do planeta, mas tamb\u00e9m um dos mais fr\u00e1geis&#8221;. O presidente lembrou sua aposta nas &#8220;energias limpas&#8221; e disse que as emiss\u00f5es de carbono dos Estados Unidos ca\u00edram 10% desde 2007.<\/p>\n<p>&#8220;Comprometemo-nos a duplicar o ritmo de diminui\u00e7\u00e3o da polui\u00e7\u00e3o, e a China comprometeu-se, pela primeira vez, a limitar suas emiss\u00f5es&#8221;, destacou o presidente, referindo-se a um entendimento alcan\u00e7ado em novembro de 2014 com o presidente chin\u00eas, Xi Jinping.<\/p>\n<p>Barack Obama acredita que a uni\u00e3o das &#8220;maiores economias do mundo&#8221; em torno do tema d\u00e1 &#8220;novas esperan\u00e7as&#8221; para que o mundo alcance, ainda neste ano, &#8220;um acordo para evitar os piores impactos das altera\u00e7\u00f5es clim\u00e1ticas, antes que seja muito tarde&#8221;.<\/p>\n<p>A expectativa do presidente \u00e9 que se alcance um acordo sobre clima na reuni\u00e3o de c\u00fapula marcada para dezembro, em Paris, seis anos ap\u00f3s o fracasso da C\u00fapula de Copenhague. (Ag\u00eancia Brasil)<\/p>\n","protected":false},"excerpt":{"rendered":"<p>O presidente dos Estados Unidos, Barack Obama, afirmou ontem (18) que as altera\u00e7\u00f5es clim\u00e1ticas s\u00e3o &#8220;a maior amea\u00e7a ao planeta&#8221;. Ele disse esperar que os piores efeitos possam ser evitados. &#8220;Atualmente, n\u00e3o h\u00e1 maior amea\u00e7a ao nosso planeta do que as altera\u00e7\u00f5es clim\u00e1ticas&#8221;, enfatizou Obama, em sua mensagem radiof\u00f4nica semanal. &#8220;As altera\u00e7\u00f5es clim\u00e1ticas n\u00e3o podem [&hellip;]<\/p>\n","protected":false},"author":1,"featured_media":57639,"comment_status":"open","ping_status":"closed","sticky":false,"template":"","format":"standard","meta":{"amp_status":"","footnotes":""},"categories":[28848],"tags":[42163,42160,42162,15836,21171,42164,42166,15469,42161,42165,15835],"class_list":["post-57638","post","type-post","status-publish","format-standard","has-post-thumbnail","hentry","category-mundo","tag-alteracoes-climaticas","tag-alteracoes-climaticas-sao-a-maior-ameaca-ao-planeta","tag-ameaca-ao-planeta","tag-barack-obama","tag-clima","tag-cupula-de-copenhague","tag-emissao","tag-estados-unidos","tag-maior-ameaca-ao-planeta","tag-poluentes","tag-presidente-dos-estados-unidos"],"yoast_head":"<!-- This site is optimized with the Yoast SEO plugin v28.3 - https:\/\/yoast.com\/product\/yoast-seo-wordpress\/ -->\n<title>Altera\u00e7\u00f5es clim\u00e1ticas s\u00e3o a maior amea\u00e7a ao planeta, diz Obama - Aconteceu no Vale<\/title>\n<meta name=\"robots\" content=\"index, follow, max-snippet:-1, max-image-preview:large, max-video-preview:-1\" \/>\n<link rel=\"canonical\" href=\"https:\/\/aconteceunovale.com.br\/portal\/?p=57638\" \/>\n<meta property=\"og:locale\" content=\"pt_BR\" \/>\n<meta property=\"og:type\" content=\"article\" \/>\n<meta property=\"og:title\" content=\"Altera\u00e7\u00f5es clim\u00e1ticas s\u00e3o a maior amea\u00e7a ao planeta, diz Obama - Aconteceu no Vale\" \/>\n<meta property=\"og:description\" content=\"O presidente dos Estados Unidos, Barack Obama, afirmou ontem (18) que as altera\u00e7\u00f5es clim\u00e1ticas s\u00e3o &#8220;a maior amea\u00e7a ao planeta&#8221;. Ele disse esperar que os piores efeitos possam ser evitados. &#8220;Atualmente, n\u00e3o h\u00e1 maior amea\u00e7a ao nosso planeta do que as altera\u00e7\u00f5es clim\u00e1ticas&#8221;, enfatizou Obama, em sua mensagem radiof\u00f4nica semanal. &#8220;As altera\u00e7\u00f5es clim\u00e1ticas n\u00e3o podem [&hellip;]\" \/>\n<meta property=\"og:url\" content=\"https:\/\/aconteceunovale.com.br\/portal\/?p=57638\" \/>\n<meta property=\"og:site_name\" content=\"Aconteceu no Vale\" \/>\n<meta property=\"article:publisher\" content=\"https:\/\/www.facebook.com\/aconteceunovale\/\" \/>\n<meta property=\"article:published_time\" content=\"2015-04-19T15:17:16+00:00\" \/>\n<meta property=\"og:image\" content=\"https:\/\/aconteceunovale.com.br\/portal\/wp-content\/uploads\/2015\/04\/obama.jpg\" \/>\n\t<meta property=\"og:image:width\" content=\"628\" \/>\n\t<meta property=\"og:image:height\" content=\"420\" \/>\n\t<meta property=\"og:image:type\" content=\"image\/jpeg\" \/>\n<meta name=\"author\" content=\"Aconteceu no Vale\" \/>\n<meta name=\"twitter:card\" content=\"summary_large_image\" \/>\n<meta name=\"twitter:creator\" content=\"@noticiadosvales\" \/>\n<meta name=\"twitter:site\" content=\"@noticiadosvales\" \/>\n<meta name=\"twitter:label1\" content=\"Escrito por\" \/>\n\t<meta name=\"twitter:data1\" content=\"Aconteceu no Vale\" \/>\n\t<meta name=\"twitter:label2\" content=\"Est. tempo de leitura\" \/>\n\t<meta name=\"twitter:data2\" content=\"2 minutos\" \/>\n<script type=\"application\/ld+json\" class=\"yoast-schema-graph\">{\"@context\":\"https:\\\/\\\/schema.org\",\"@graph\":[{\"@type\":\"Article\",\"@id\":\"https:\\\/\\\/aconteceunovale.com.br\\\/portal\\\/?p=57638#article\",\"isPartOf\":{\"@id\":\"https:\\\/\\\/aconteceunovale.com.br\\\/portal\\\/?p=57638\"},\"author\":{\"name\":\"Aconteceu no Vale\",\"@id\":\"https:\\\/\\\/aconteceunovale.com.br\\\/portal\\\/#\\\/schema\\\/person\\\/633529146f2c94272bef50ac2953d589\"},\"headline\":\"Altera\u00e7\u00f5es clim\u00e1ticas s\u00e3o a maior amea\u00e7a ao planeta, diz Obama\",\"datePublished\":\"2015-04-19T15:17:16+00:00\",\"mainEntityOfPage\":{\"@id\":\"https:\\\/\\\/aconteceunovale.com.br\\\/portal\\\/?p=57638\"},\"wordCount\":334,\"commentCount\":0,\"image\":{\"@id\":\"https:\\\/\\\/aconteceunovale.com.br\\\/portal\\\/?p=57638#primaryimage\"},\"thumbnailUrl\":\"https:\\\/\\\/aconteceunovale.com.br\\\/portal\\\/wp-content\\\/uploads\\\/2015\\\/04\\\/obama.jpg\",\"keywords\":[\"Altera\u00e7\u00f5es clim\u00e1ticas\",\"Altera\u00e7\u00f5es clim\u00e1ticas s\u00e3o a maior amea\u00e7a ao planeta\",\"amea\u00e7a ao planeta\",\"Barack Obama\",\"clima\",\"C\u00fapula de Copenhague\",\"emiss\u00e3o\",\"Estados Unidos\",\"maior amea\u00e7a ao planeta\",\"poluentes\",\"presidente dos Estados Unidos\"],\"articleSection\":[\"Mundo\"],\"inLanguage\":\"pt-BR\",\"potentialAction\":[{\"@type\":\"CommentAction\",\"name\":\"Comment\",\"target\":[\"https:\\\/\\\/aconteceunovale.com.br\\\/portal\\\/?p=57638#respond\"]}]},{\"@type\":\"WebPage\",\"@id\":\"https:\\\/\\\/aconteceunovale.com.br\\\/portal\\\/?p=57638\",\"url\":\"https:\\\/\\\/aconteceunovale.com.br\\\/portal\\\/?p=57638\",\"name\":\"Altera\u00e7\u00f5es clim\u00e1ticas s\u00e3o a maior amea\u00e7a ao planeta, diz Obama - Aconteceu no Vale\",\"isPartOf\":{\"@id\":\"https:\\\/\\\/aconteceunovale.com.br\\\/portal\\\/#website\"},\"primaryImageOfPage\":{\"@id\":\"https:\\\/\\\/aconteceunovale.com.br\\\/portal\\\/?p=57638#primaryimage\"},\"image\":{\"@id\":\"https:\\\/\\\/aconteceunovale.com.br\\\/portal\\\/?p=57638#primaryimage\"},\"thumbnailUrl\":\"https:\\\/\\\/aconteceunovale.com.br\\\/portal\\\/wp-content\\\/uploads\\\/2015\\\/04\\\/obama.jpg\",\"datePublished\":\"2015-04-19T15:17:16+00:00\",\"author\":{\"@id\":\"https:\\\/\\\/aconteceunovale.com.br\\\/portal\\\/#\\\/schema\\\/person\\\/633529146f2c94272bef50ac2953d589\"},\"breadcrumb\":{\"@id\":\"https:\\\/\\\/aconteceunovale.com.br\\\/portal\\\/?p=57638#breadcrumb\"},\"inLanguage\":\"pt-BR\",\"potentialAction\":[{\"@type\":\"ReadAction\",\"target\":[\"https:\\\/\\\/aconteceunovale.com.br\\\/portal\\\/?p=57638\"]}]},{\"@type\":\"ImageObject\",\"inLanguage\":\"pt-BR\",\"@id\":\"https:\\\/\\\/aconteceunovale.com.br\\\/portal\\\/?p=57638#primaryimage\",\"url\":\"https:\\\/\\\/aconteceunovale.com.br\\\/portal\\\/wp-content\\\/uploads\\\/2015\\\/04\\\/obama.jpg\",\"contentUrl\":\"https:\\\/\\\/aconteceunovale.com.br\\\/portal\\\/wp-content\\\/uploads\\\/2015\\\/04\\\/obama.jpg\",\"width\":628,\"height\":420},{\"@type\":\"BreadcrumbList\",\"@id\":\"https:\\\/\\\/aconteceunovale.com.br\\\/portal\\\/?p=57638#breadcrumb\",\"itemListElement\":[{\"@type\":\"ListItem\",\"position\":1,\"name\":\"In\u00edcio\",\"item\":\"https:\\\/\\\/aconteceunovale.com.br\\\/portal\\\/\"},{\"@type\":\"ListItem\",\"position\":2,\"name\":\"Altera\u00e7\u00f5es clim\u00e1ticas s\u00e3o a maior amea\u00e7a ao planeta, diz Obama\"}]},{\"@type\":\"WebSite\",\"@id\":\"https:\\\/\\\/aconteceunovale.com.br\\\/portal\\\/#website\",\"url\":\"https:\\\/\\\/aconteceunovale.com.br\\\/portal\\\/\",\"name\":\"Aconteceu no Vale\",\"description\":\"Portal de Not\u00edcias\",\"potentialAction\":[{\"@type\":\"SearchAction\",\"target\":{\"@type\":\"EntryPoint\",\"urlTemplate\":\"https:\\\/\\\/aconteceunovale.com.br\\\/portal\\\/?s={search_term_string}\"},\"query-input\":{\"@type\":\"PropertyValueSpecification\",\"valueRequired\":true,\"valueName\":\"search_term_string\"}}],\"inLanguage\":\"pt-BR\"},{\"@type\":\"Person\",\"@id\":\"https:\\\/\\\/aconteceunovale.com.br\\\/portal\\\/#\\\/schema\\\/person\\\/633529146f2c94272bef50ac2953d589\",\"name\":\"Aconteceu no Vale\",\"description\":\"Equipe de reportagem do Aconteceu no Vale, portal de not\u00edcias do Vale do Jequitinhonha, em Minas Gerais. Cobrimos as 51 cidades do Vale desde 2013. Sugest\u00f5es de pauta e pedidos de corre\u00e7\u00e3o: contato@aconteceunovale.com.br\",\"sameAs\":[\"http:\\\/\\\/www.aconteceunovale.com.br\"],\"url\":\"https:\\\/\\\/aconteceunovale.com.br\\\/portal\\\/?author=1\"}]}<\/script>\n<!-- \/ Yoast SEO plugin. -->","yoast_head_json":{"title":"Altera\u00e7\u00f5es clim\u00e1ticas s\u00e3o a maior amea\u00e7a ao planeta, diz Obama - Aconteceu no Vale","robots":{"index":"index","follow":"follow","max-snippet":"max-snippet:-1","max-image-preview":"max-image-preview:large","max-video-preview":"max-video-preview:-1"},"canonical":"https:\/\/aconteceunovale.com.br\/portal\/?p=57638","og_locale":"pt_BR","og_type":"article","og_title":"Altera\u00e7\u00f5es clim\u00e1ticas s\u00e3o a maior amea\u00e7a ao planeta, diz Obama - Aconteceu no Vale","og_description":"O presidente dos Estados Unidos, Barack Obama, afirmou ontem (18) que as altera\u00e7\u00f5es clim\u00e1ticas s\u00e3o &#8220;a maior amea\u00e7a ao planeta&#8221;. Ele disse esperar que os piores efeitos possam ser evitados. &#8220;Atualmente, n\u00e3o h\u00e1 maior amea\u00e7a ao nosso planeta do que as altera\u00e7\u00f5es clim\u00e1ticas&#8221;, enfatizou Obama, em sua mensagem radiof\u00f4nica semanal. &#8220;As altera\u00e7\u00f5es clim\u00e1ticas n\u00e3o podem [&hellip;]","og_url":"https:\/\/aconteceunovale.com.br\/portal\/?p=57638","og_site_name":"Aconteceu no Vale","article_publisher":"https:\/\/www.facebook.com\/aconteceunovale\/","article_published_time":"2015-04-19T15:17:16+00:00","og_image":[{"width":628,"height":420,"url":"https:\/\/aconteceunovale.com.br\/portal\/wp-content\/uploads\/2015\/04\/obama.jpg","type":"image\/jpeg"}],"author":"Aconteceu no Vale","twitter_card":"summary_large_image","twitter_creator":"@noticiadosvales","twitter_site":"@noticiadosvales","twitter_misc":{"Escrito por":"Aconteceu no Vale","Est. tempo de leitura":"2 minutos"},"schema":{"@context":"https:\/\/schema.org","@graph":[{"@type":"Article","@id":"https:\/\/aconteceunovale.com.br\/portal\/?p=57638#article","isPartOf":{"@id":"https:\/\/aconteceunovale.com.br\/portal\/?p=57638"},"author":{"name":"Aconteceu no Vale","@id":"https:\/\/aconteceunovale.com.br\/portal\/#\/schema\/person\/633529146f2c94272bef50ac2953d589"},"headline":"Altera\u00e7\u00f5es clim\u00e1ticas s\u00e3o a maior amea\u00e7a ao planeta, diz Obama","datePublished":"2015-04-19T15:17:16+00:00","mainEntityOfPage":{"@id":"https:\/\/aconteceunovale.com.br\/portal\/?p=57638"},"wordCount":334,"commentCount":0,"image":{"@id":"https:\/\/aconteceunovale.com.br\/portal\/?p=57638#primaryimage"},"thumbnailUrl":"https:\/\/aconteceunovale.com.br\/portal\/wp-content\/uploads\/2015\/04\/obama.jpg","keywords":["Altera\u00e7\u00f5es clim\u00e1ticas","Altera\u00e7\u00f5es clim\u00e1ticas s\u00e3o a maior amea\u00e7a ao planeta","amea\u00e7a ao planeta","Barack Obama","clima","C\u00fapula de Copenhague","emiss\u00e3o","Estados Unidos","maior amea\u00e7a ao planeta","poluentes","presidente dos Estados Unidos"],"articleSection":["Mundo"],"inLanguage":"pt-BR","potentialAction":[{"@type":"CommentAction","name":"Comment","target":["https:\/\/aconteceunovale.com.br\/portal\/?p=57638#respond"]}]},{"@type":"WebPage","@id":"https:\/\/aconteceunovale.com.br\/portal\/?p=57638","url":"https:\/\/aconteceunovale.com.br\/portal\/?p=57638","name":"Altera\u00e7\u00f5es clim\u00e1ticas s\u00e3o a maior amea\u00e7a ao planeta, diz Obama - Aconteceu no Vale","isPartOf":{"@id":"https:\/\/aconteceunovale.com.br\/portal\/#website"},"primaryImageOfPage":{"@id":"https:\/\/aconteceunovale.com.br\/portal\/?p=57638#primaryimage"},"image":{"@id":"https:\/\/aconteceunovale.com.br\/portal\/?p=57638#primaryimage"},"thumbnailUrl":"https:\/\/aconteceunovale.com.br\/portal\/wp-content\/uploads\/2015\/04\/obama.jpg","datePublished":"2015-04-19T15:17:16+00:00","author":{"@id":"https:\/\/aconteceunovale.com.br\/portal\/#\/schema\/person\/633529146f2c94272bef50ac2953d589"},"breadcrumb":{"@id":"https:\/\/aconteceunovale.com.br\/portal\/?p=57638#breadcrumb"},"inLanguage":"pt-BR","potentialAction":[{"@type":"ReadAction","target":["https:\/\/aconteceunovale.com.br\/portal\/?p=57638"]}]},{"@type":"ImageObject","inLanguage":"pt-BR","@id":"https:\/\/aconteceunovale.com.br\/portal\/?p=57638#primaryimage","url":"https:\/\/aconteceunovale.com.br\/portal\/wp-content\/uploads\/2015\/04\/obama.jpg","contentUrl":"https:\/\/aconteceunovale.com.br\/portal\/wp-content\/uploads\/2015\/04\/obama.jpg","width":628,"height":420},{"@type":"BreadcrumbList","@id":"https:\/\/aconteceunovale.com.br\/portal\/?p=57638#breadcrumb","itemListElement":[{"@type":"ListItem","position":1,"name":"In\u00edcio","item":"https:\/\/aconteceunovale.com.br\/portal\/"},{"@type":"ListItem","position":2,"name":"Altera\u00e7\u00f5es clim\u00e1ticas s\u00e3o a maior amea\u00e7a ao planeta, diz Obama"}]},{"@type":"WebSite","@id":"https:\/\/aconteceunovale.com.br\/portal\/#website","url":"https:\/\/aconteceunovale.com.br\/portal\/","name":"Aconteceu no Vale","description":"Portal de Not\u00edcias","potentialAction":[{"@type":"SearchAction","target":{"@type":"EntryPoint","urlTemplate":"https:\/\/aconteceunovale.com.br\/portal\/?s={search_term_string}"},"query-input":{"@type":"PropertyValueSpecification","valueRequired":true,"valueName":"search_term_string"}}],"inLanguage":"pt-BR"},{"@type":"Person","@id":"https:\/\/aconteceunovale.com.br\/portal\/#\/schema\/person\/633529146f2c94272bef50ac2953d589","name":"Aconteceu no Vale","description":"Equipe de reportagem do Aconteceu no Vale, portal de not\u00edcias do Vale do Jequitinhonha, em Minas Gerais. Cobrimos as 51 cidades do Vale desde 2013. Sugest\u00f5es de pauta e pedidos de corre\u00e7\u00e3o: contato@aconteceunovale.com.br","sameAs":["http:\/\/www.aconteceunovale.com.br"],"url":"https:\/\/aconteceunovale.com.br\/portal\/?author=1"}]}},"_links":{"self":[{"href":"https:\/\/aconteceunovale.com.br\/portal\/index.php?rest_route=\/wp\/v2\/posts\/57638","targetHints":{"allow":["GET"]}}],"collection":[{"href":"https:\/\/aconteceunovale.com.br\/portal\/index.php?rest_route=\/wp\/v2\/posts"}],"about":[{"href":"https:\/\/aconteceunovale.com.br\/portal\/index.php?rest_route=\/wp\/v2\/types\/post"}],"author":[{"embeddable":true,"href":"https:\/\/aconteceunovale.com.br\/portal\/index.php?rest_route=\/wp\/v2\/users\/1"}],"replies":[{"embeddable":true,"href":"https:\/\/aconteceunovale.com.br\/portal\/index.php?rest_route=%2Fwp%2Fv2%2Fcomments&post=57638"}],"version-history":[{"count":0,"href":"https:\/\/aconteceunovale.com.br\/portal\/index.php?rest_route=\/wp\/v2\/posts\/57638\/revisions"}],"wp:featuredmedia":[{"embeddable":true,"href":"https:\/\/aconteceunovale.com.br\/portal\/index.php?rest_route=\/wp\/v2\/media\/57639"}],"wp:attachment":[{"href":"https:\/\/aconteceunovale.com.br\/portal\/index.php?rest_route=%2Fwp%2Fv2%2Fmedia&parent=57638"}],"wp:term":[{"taxonomy":"category","embeddable":true,"href":"https:\/\/aconteceunovale.com.br\/portal\/index.php?rest_route=%2Fwp%2Fv2%2Fcategories&post=57638"},{"taxonomy":"post_tag","embeddable":true,"href":"https:\/\/aconteceunovale.com.br\/portal\/index.php?rest_route=%2Fwp%2Fv2%2Ftags&post=57638"}],"curies":[{"name":"wp","href":"https:\/\/api.w.org\/{rel}","templated":true}]}}