{"id":57629,"date":"2015-04-19T11:29:24","date_gmt":"2015-04-19T14:29:24","guid":{"rendered":"http:\/\/aconteceunovale.com.br\/portal\/?p=57629"},"modified":"2015-04-19T16:36:44","modified_gmt":"2015-04-19T19:36:44","slug":"prefeito-de-ibiracatu-no-norte-de-minas-sofre-atentado-na-zona-rural-do-municipio","status":"publish","type":"post","link":"https:\/\/aconteceunovale.com.br\/portal\/?p=57629","title":{"rendered":"Prefeito de Ibiracatu, no Norte de Minas, sofre atentado na zona rural do munic\u00edpio"},"content":{"rendered":"<h4><strong><em>Joel Ferreira Lima (PT) participava de uma festa na zona rural do munic\u00edpio. Pol\u00edcia procura por dois homens que fugiram em uma moto.<\/em><\/strong><\/h4>\n<p>O prefeito de Ibiracatu, na regi\u00e3o Norte do Estado de Minas Gerais, sofreu um atentado na noite deste s\u00e1bado, 18 de abril, quando participava de uma festa religiosa no povoado de Alforges, na zona rural do munic\u00edpio. Segundo a Pol\u00edcia Militar, Joel Ferreira Lima (PT), de 49 anos, foi atingido por quatro tiros.<\/p>\n<p>Ainda segundo a PM, os autores estavam em uma motocicleta e efetuaram seis disparos quando o prefeito se aproximou de um carro para ir embora do povoado com a fam\u00edlia. Os tiros atingiram o olho esquerdo, pesco\u00e7o, ombro e t\u00f3rax. O gestor municipal foi socorrido ao hospital de Varzel\u00e2ndia, depois para Bras\u00edlia de Minas, e, em seguida, transferido em uma UTI M\u00f3vel para a Santa Casa de Montes Claros devido a seu delicado estado de sa\u00fade. <\/p>\n<p>A motiva\u00e7\u00e3o do crime ainda \u00e9 desconhecida. A Pol\u00edcia Militar iniciou opera\u00e7\u00e3o de cerco\/bloqueio na regi\u00e3o com intuito de localizar e prender os autores.<\/p>\n<p><center><img decoding=\"async\" src=\"http:\/\/aconteceunovale.com.br\/portal\/wp-content\/uploads\/2015\/04\/prefeito_ibiracatu.jpg\" alt=\"\" \/><em>Joel Ferreira Lima (PT) recebeu 2.272 Votos nas elei\u00e7\u00f5es 2012 &#8211; Foto: TSE<\/em><\/center><\/p>\n","protected":false},"excerpt":{"rendered":"<p>Joel Ferreira Lima (PT) participava de uma festa na zona rural do munic\u00edpio. Pol\u00edcia procura por dois homens que fugiram em uma moto. O prefeito de Ibiracatu, na regi\u00e3o Norte do Estado de Minas Gerais, sofreu um atentado na noite deste s\u00e1bado, 18 de abril, quando participava de uma festa religiosa no povoado de Alforges, [&hellip;]<\/p>\n","protected":false},"author":1,"featured_media":57630,"comment_status":"open","ping_status":"closed","sticky":false,"template":"","format":"standard","meta":{"amp_status":"","footnotes":""},"categories":[1236],"tags":[42151,195,1704,30588,42150,42153,42152,1713],"class_list":["post-57629","post","type-post","status-publish","format-standard","has-post-thumbnail","hentry","category-norte_de_minas","tag-atentado-contra-o-prefeito-de-ibiracatu","tag-brasilia-de-minas","tag-ibiracatu","tag-joel-ferreira-lima","tag-prefeito-de-ibiracatu","tag-prefeito-de-ibiracatu-sofre-atentado-na-zona-rural-do-municipio","tag-tentativa-de-homicidio-contra-o-prefeito-de-ibiracatu","tag-varzelandia"],"yoast_head":"<!-- This site is optimized with the Yoast SEO plugin v28.3 - https:\/\/yoast.com\/product\/yoast-seo-wordpress\/ -->\n<title>Prefeito de Ibiracatu, no Norte de Minas, sofre atentado na zona rural do munic\u00edpio - Aconteceu no Vale<\/title>\n<meta name=\"robots\" content=\"index, follow, max-snippet:-1, max-image-preview:large, max-video-preview:-1\" \/>\n<link rel=\"canonical\" href=\"https:\/\/aconteceunovale.com.br\/portal\/?p=57629\" \/>\n<meta property=\"og:locale\" content=\"pt_BR\" \/>\n<meta property=\"og:type\" content=\"article\" \/>\n<meta property=\"og:title\" content=\"Prefeito de Ibiracatu, no Norte de Minas, sofre atentado na zona rural do munic\u00edpio - Aconteceu no Vale\" \/>\n<meta property=\"og:description\" content=\"Joel Ferreira Lima (PT) participava de uma festa na zona rural do munic\u00edpio. Pol\u00edcia procura por dois homens que fugiram em uma moto. O prefeito de Ibiracatu, na regi\u00e3o Norte do Estado de Minas Gerais, sofreu um atentado na noite deste s\u00e1bado, 18 de abril, quando participava de uma festa religiosa no povoado de Alforges, [&hellip;]\" \/>\n<meta property=\"og:url\" content=\"https:\/\/aconteceunovale.com.br\/portal\/?p=57629\" \/>\n<meta property=\"og:site_name\" content=\"Aconteceu no Vale\" \/>\n<meta property=\"article:publisher\" content=\"https:\/\/www.facebook.com\/aconteceunovale\/\" \/>\n<meta property=\"article:published_time\" content=\"2015-04-19T14:29:24+00:00\" \/>\n<meta property=\"article:modified_time\" content=\"2015-04-19T19:36:44+00:00\" \/>\n<meta property=\"og:image\" content=\"https:\/\/aconteceunovale.com.br\/portal\/wp-content\/uploads\/2015\/04\/prefeito_ibiracatu.jpg\" \/>\n\t<meta property=\"og:image:width\" content=\"676\" \/>\n\t<meta property=\"og:image:height\" content=\"450\" \/>\n\t<meta property=\"og:image:type\" content=\"image\/jpeg\" \/>\n<meta name=\"author\" content=\"Aconteceu no Vale\" \/>\n<meta name=\"twitter:card\" content=\"summary_large_image\" \/>\n<meta name=\"twitter:creator\" content=\"@noticiadosvales\" \/>\n<meta name=\"twitter:site\" content=\"@noticiadosvales\" \/>\n<meta name=\"twitter:label1\" content=\"Escrito por\" \/>\n\t<meta name=\"twitter:data1\" content=\"Aconteceu no Vale\" \/>\n\t<meta name=\"twitter:label2\" content=\"Est. tempo de leitura\" \/>\n\t<meta name=\"twitter:data2\" content=\"1 minuto\" \/>\n<script type=\"application\/ld+json\" class=\"yoast-schema-graph\">{\"@context\":\"https:\\\/\\\/schema.org\",\"@graph\":[{\"@type\":\"Article\",\"@id\":\"https:\\\/\\\/aconteceunovale.com.br\\\/portal\\\/?p=57629#article\",\"isPartOf\":{\"@id\":\"https:\\\/\\\/aconteceunovale.com.br\\\/portal\\\/?p=57629\"},\"author\":{\"name\":\"Aconteceu no Vale\",\"@id\":\"https:\\\/\\\/aconteceunovale.com.br\\\/portal\\\/#\\\/schema\\\/person\\\/633529146f2c94272bef50ac2953d589\"},\"headline\":\"Prefeito de Ibiracatu, no Norte de Minas, sofre atentado na zona rural do munic\u00edpio\",\"datePublished\":\"2015-04-19T14:29:24+00:00\",\"dateModified\":\"2015-04-19T19:36:44+00:00\",\"mainEntityOfPage\":{\"@id\":\"https:\\\/\\\/aconteceunovale.com.br\\\/portal\\\/?p=57629\"},\"wordCount\":218,\"commentCount\":0,\"image\":{\"@id\":\"https:\\\/\\\/aconteceunovale.com.br\\\/portal\\\/?p=57629#primaryimage\"},\"thumbnailUrl\":\"https:\\\/\\\/aconteceunovale.com.br\\\/portal\\\/wp-content\\\/uploads\\\/2015\\\/04\\\/prefeito_ibiracatu.jpg\",\"keywords\":[\"atentado contra o prefeito de Ibiracatu\",\"Bras\u00edlia de Minas\",\"Ibiracatu\",\"Joel Ferreira Lima\",\"prefeito de Ibiracatu\",\"Prefeito de Ibiracatu sofre atentado na zona rural do munic\u00edpio\",\"tentativa de homic\u00eddio contra o prefeito de Ibiracatu\",\"Varzel\u00e2ndia\"],\"articleSection\":[\"Norte de Minas\"],\"inLanguage\":\"pt-BR\",\"potentialAction\":[{\"@type\":\"CommentAction\",\"name\":\"Comment\",\"target\":[\"https:\\\/\\\/aconteceunovale.com.br\\\/portal\\\/?p=57629#respond\"]}]},{\"@type\":\"WebPage\",\"@id\":\"https:\\\/\\\/aconteceunovale.com.br\\\/portal\\\/?p=57629\",\"url\":\"https:\\\/\\\/aconteceunovale.com.br\\\/portal\\\/?p=57629\",\"name\":\"Prefeito de Ibiracatu, no Norte de Minas, sofre atentado na zona rural do munic\u00edpio - Aconteceu no Vale\",\"isPartOf\":{\"@id\":\"https:\\\/\\\/aconteceunovale.com.br\\\/portal\\\/#website\"},\"primaryImageOfPage\":{\"@id\":\"https:\\\/\\\/aconteceunovale.com.br\\\/portal\\\/?p=57629#primaryimage\"},\"image\":{\"@id\":\"https:\\\/\\\/aconteceunovale.com.br\\\/portal\\\/?p=57629#primaryimage\"},\"thumbnailUrl\":\"https:\\\/\\\/aconteceunovale.com.br\\\/portal\\\/wp-content\\\/uploads\\\/2015\\\/04\\\/prefeito_ibiracatu.jpg\",\"datePublished\":\"2015-04-19T14:29:24+00:00\",\"dateModified\":\"2015-04-19T19:36:44+00:00\",\"author\":{\"@id\":\"https:\\\/\\\/aconteceunovale.com.br\\\/portal\\\/#\\\/schema\\\/person\\\/633529146f2c94272bef50ac2953d589\"},\"breadcrumb\":{\"@id\":\"https:\\\/\\\/aconteceunovale.com.br\\\/portal\\\/?p=57629#breadcrumb\"},\"inLanguage\":\"pt-BR\",\"potentialAction\":[{\"@type\":\"ReadAction\",\"target\":[\"https:\\\/\\\/aconteceunovale.com.br\\\/portal\\\/?p=57629\"]}]},{\"@type\":\"ImageObject\",\"inLanguage\":\"pt-BR\",\"@id\":\"https:\\\/\\\/aconteceunovale.com.br\\\/portal\\\/?p=57629#primaryimage\",\"url\":\"https:\\\/\\\/aconteceunovale.com.br\\\/portal\\\/wp-content\\\/uploads\\\/2015\\\/04\\\/prefeito_ibiracatu.jpg\",\"contentUrl\":\"https:\\\/\\\/aconteceunovale.com.br\\\/portal\\\/wp-content\\\/uploads\\\/2015\\\/04\\\/prefeito_ibiracatu.jpg\",\"width\":676,\"height\":450},{\"@type\":\"BreadcrumbList\",\"@id\":\"https:\\\/\\\/aconteceunovale.com.br\\\/portal\\\/?p=57629#breadcrumb\",\"itemListElement\":[{\"@type\":\"ListItem\",\"position\":1,\"name\":\"In\u00edcio\",\"item\":\"https:\\\/\\\/aconteceunovale.com.br\\\/portal\\\/\"},{\"@type\":\"ListItem\",\"position\":2,\"name\":\"Prefeito de Ibiracatu, no Norte de Minas, sofre atentado na zona rural do munic\u00edpio\"}]},{\"@type\":\"WebSite\",\"@id\":\"https:\\\/\\\/aconteceunovale.com.br\\\/portal\\\/#website\",\"url\":\"https:\\\/\\\/aconteceunovale.com.br\\\/portal\\\/\",\"name\":\"Aconteceu no Vale\",\"description\":\"Portal de Not\u00edcias\",\"potentialAction\":[{\"@type\":\"SearchAction\",\"target\":{\"@type\":\"EntryPoint\",\"urlTemplate\":\"https:\\\/\\\/aconteceunovale.com.br\\\/portal\\\/?s={search_term_string}\"},\"query-input\":{\"@type\":\"PropertyValueSpecification\",\"valueRequired\":true,\"valueName\":\"search_term_string\"}}],\"inLanguage\":\"pt-BR\"},{\"@type\":\"Person\",\"@id\":\"https:\\\/\\\/aconteceunovale.com.br\\\/portal\\\/#\\\/schema\\\/person\\\/633529146f2c94272bef50ac2953d589\",\"name\":\"Aconteceu no Vale\",\"description\":\"Equipe de reportagem do Aconteceu no Vale, portal de not\u00edcias do Vale do Jequitinhonha, em Minas Gerais. Cobrimos as 51 cidades do Vale desde 2013. Sugest\u00f5es de pauta e pedidos de corre\u00e7\u00e3o: contato@aconteceunovale.com.br\",\"sameAs\":[\"http:\\\/\\\/www.aconteceunovale.com.br\"],\"url\":\"https:\\\/\\\/aconteceunovale.com.br\\\/portal\\\/?author=1\"}]}<\/script>\n<!-- \/ Yoast SEO plugin. -->","yoast_head_json":{"title":"Prefeito de Ibiracatu, no Norte de Minas, sofre atentado na zona rural do munic\u00edpio - Aconteceu no Vale","robots":{"index":"index","follow":"follow","max-snippet":"max-snippet:-1","max-image-preview":"max-image-preview:large","max-video-preview":"max-video-preview:-1"},"canonical":"https:\/\/aconteceunovale.com.br\/portal\/?p=57629","og_locale":"pt_BR","og_type":"article","og_title":"Prefeito de Ibiracatu, no Norte de Minas, sofre atentado na zona rural do munic\u00edpio - Aconteceu no Vale","og_description":"Joel Ferreira Lima (PT) participava de uma festa na zona rural do munic\u00edpio. Pol\u00edcia procura por dois homens que fugiram em uma moto. O prefeito de Ibiracatu, na regi\u00e3o Norte do Estado de Minas Gerais, sofreu um atentado na noite deste s\u00e1bado, 18 de abril, quando participava de uma festa religiosa no povoado de Alforges, [&hellip;]","og_url":"https:\/\/aconteceunovale.com.br\/portal\/?p=57629","og_site_name":"Aconteceu no Vale","article_publisher":"https:\/\/www.facebook.com\/aconteceunovale\/","article_published_time":"2015-04-19T14:29:24+00:00","article_modified_time":"2015-04-19T19:36:44+00:00","og_image":[{"width":676,"height":450,"url":"https:\/\/aconteceunovale.com.br\/portal\/wp-content\/uploads\/2015\/04\/prefeito_ibiracatu.jpg","type":"image\/jpeg"}],"author":"Aconteceu no Vale","twitter_card":"summary_large_image","twitter_creator":"@noticiadosvales","twitter_site":"@noticiadosvales","twitter_misc":{"Escrito por":"Aconteceu no Vale","Est. tempo de leitura":"1 minuto"},"schema":{"@context":"https:\/\/schema.org","@graph":[{"@type":"Article","@id":"https:\/\/aconteceunovale.com.br\/portal\/?p=57629#article","isPartOf":{"@id":"https:\/\/aconteceunovale.com.br\/portal\/?p=57629"},"author":{"name":"Aconteceu no Vale","@id":"https:\/\/aconteceunovale.com.br\/portal\/#\/schema\/person\/633529146f2c94272bef50ac2953d589"},"headline":"Prefeito de Ibiracatu, no Norte de Minas, sofre atentado na zona rural do munic\u00edpio","datePublished":"2015-04-19T14:29:24+00:00","dateModified":"2015-04-19T19:36:44+00:00","mainEntityOfPage":{"@id":"https:\/\/aconteceunovale.com.br\/portal\/?p=57629"},"wordCount":218,"commentCount":0,"image":{"@id":"https:\/\/aconteceunovale.com.br\/portal\/?p=57629#primaryimage"},"thumbnailUrl":"https:\/\/aconteceunovale.com.br\/portal\/wp-content\/uploads\/2015\/04\/prefeito_ibiracatu.jpg","keywords":["atentado contra o prefeito de Ibiracatu","Bras\u00edlia de Minas","Ibiracatu","Joel Ferreira Lima","prefeito de Ibiracatu","Prefeito de Ibiracatu sofre atentado na zona rural do munic\u00edpio","tentativa de homic\u00eddio contra o prefeito de Ibiracatu","Varzel\u00e2ndia"],"articleSection":["Norte de Minas"],"inLanguage":"pt-BR","potentialAction":[{"@type":"CommentAction","name":"Comment","target":["https:\/\/aconteceunovale.com.br\/portal\/?p=57629#respond"]}]},{"@type":"WebPage","@id":"https:\/\/aconteceunovale.com.br\/portal\/?p=57629","url":"https:\/\/aconteceunovale.com.br\/portal\/?p=57629","name":"Prefeito de Ibiracatu, no Norte de Minas, sofre atentado na zona rural do munic\u00edpio - Aconteceu no Vale","isPartOf":{"@id":"https:\/\/aconteceunovale.com.br\/portal\/#website"},"primaryImageOfPage":{"@id":"https:\/\/aconteceunovale.com.br\/portal\/?p=57629#primaryimage"},"image":{"@id":"https:\/\/aconteceunovale.com.br\/portal\/?p=57629#primaryimage"},"thumbnailUrl":"https:\/\/aconteceunovale.com.br\/portal\/wp-content\/uploads\/2015\/04\/prefeito_ibiracatu.jpg","datePublished":"2015-04-19T14:29:24+00:00","dateModified":"2015-04-19T19:36:44+00:00","author":{"@id":"https:\/\/aconteceunovale.com.br\/portal\/#\/schema\/person\/633529146f2c94272bef50ac2953d589"},"breadcrumb":{"@id":"https:\/\/aconteceunovale.com.br\/portal\/?p=57629#breadcrumb"},"inLanguage":"pt-BR","potentialAction":[{"@type":"ReadAction","target":["https:\/\/aconteceunovale.com.br\/portal\/?p=57629"]}]},{"@type":"ImageObject","inLanguage":"pt-BR","@id":"https:\/\/aconteceunovale.com.br\/portal\/?p=57629#primaryimage","url":"https:\/\/aconteceunovale.com.br\/portal\/wp-content\/uploads\/2015\/04\/prefeito_ibiracatu.jpg","contentUrl":"https:\/\/aconteceunovale.com.br\/portal\/wp-content\/uploads\/2015\/04\/prefeito_ibiracatu.jpg","width":676,"height":450},{"@type":"BreadcrumbList","@id":"https:\/\/aconteceunovale.com.br\/portal\/?p=57629#breadcrumb","itemListElement":[{"@type":"ListItem","position":1,"name":"In\u00edcio","item":"https:\/\/aconteceunovale.com.br\/portal\/"},{"@type":"ListItem","position":2,"name":"Prefeito de Ibiracatu, no Norte de Minas, sofre atentado na zona rural do munic\u00edpio"}]},{"@type":"WebSite","@id":"https:\/\/aconteceunovale.com.br\/portal\/#website","url":"https:\/\/aconteceunovale.com.br\/portal\/","name":"Aconteceu no Vale","description":"Portal de Not\u00edcias","potentialAction":[{"@type":"SearchAction","target":{"@type":"EntryPoint","urlTemplate":"https:\/\/aconteceunovale.com.br\/portal\/?s={search_term_string}"},"query-input":{"@type":"PropertyValueSpecification","valueRequired":true,"valueName":"search_term_string"}}],"inLanguage":"pt-BR"},{"@type":"Person","@id":"https:\/\/aconteceunovale.com.br\/portal\/#\/schema\/person\/633529146f2c94272bef50ac2953d589","name":"Aconteceu no Vale","description":"Equipe de reportagem do Aconteceu no Vale, portal de not\u00edcias do Vale do Jequitinhonha, em Minas Gerais. Cobrimos as 51 cidades do Vale desde 2013. Sugest\u00f5es de pauta e pedidos de corre\u00e7\u00e3o: contato@aconteceunovale.com.br","sameAs":["http:\/\/www.aconteceunovale.com.br"],"url":"https:\/\/aconteceunovale.com.br\/portal\/?author=1"}]}},"_links":{"self":[{"href":"https:\/\/aconteceunovale.com.br\/portal\/index.php?rest_route=\/wp\/v2\/posts\/57629","targetHints":{"allow":["GET"]}}],"collection":[{"href":"https:\/\/aconteceunovale.com.br\/portal\/index.php?rest_route=\/wp\/v2\/posts"}],"about":[{"href":"https:\/\/aconteceunovale.com.br\/portal\/index.php?rest_route=\/wp\/v2\/types\/post"}],"author":[{"embeddable":true,"href":"https:\/\/aconteceunovale.com.br\/portal\/index.php?rest_route=\/wp\/v2\/users\/1"}],"replies":[{"embeddable":true,"href":"https:\/\/aconteceunovale.com.br\/portal\/index.php?rest_route=%2Fwp%2Fv2%2Fcomments&post=57629"}],"version-history":[{"count":0,"href":"https:\/\/aconteceunovale.com.br\/portal\/index.php?rest_route=\/wp\/v2\/posts\/57629\/revisions"}],"wp:featuredmedia":[{"embeddable":true,"href":"https:\/\/aconteceunovale.com.br\/portal\/index.php?rest_route=\/wp\/v2\/media\/57630"}],"wp:attachment":[{"href":"https:\/\/aconteceunovale.com.br\/portal\/index.php?rest_route=%2Fwp%2Fv2%2Fmedia&parent=57629"}],"wp:term":[{"taxonomy":"category","embeddable":true,"href":"https:\/\/aconteceunovale.com.br\/portal\/index.php?rest_route=%2Fwp%2Fv2%2Fcategories&post=57629"},{"taxonomy":"post_tag","embeddable":true,"href":"https:\/\/aconteceunovale.com.br\/portal\/index.php?rest_route=%2Fwp%2Fv2%2Ftags&post=57629"}],"curies":[{"name":"wp","href":"https:\/\/api.w.org\/{rel}","templated":true}]}}