{"id":57626,"date":"2015-04-19T11:07:19","date_gmt":"2015-04-19T14:07:19","guid":{"rendered":"http:\/\/aconteceunovale.com.br\/portal\/?p=57626"},"modified":"2015-04-19T21:28:31","modified_gmt":"2015-04-20T00:28:31","slug":"motorista-morre-em-acidente-envolvendo-carro-e-onibus-na-br-251-em-salinas","status":"publish","type":"post","link":"https:\/\/aconteceunovale.com.br\/portal\/?p=57626","title":{"rendered":"Professor do Instituto Federal do Norte de Minas morre em acidente na BR-251"},"content":{"rendered":"<h4><strong><em>Carro colidiu contra um \u00f4nibus pr\u00f3ximo ao posto Jenipapo. V\u00edtima era professor do Campus Salinas do IFNMG.<\/em><\/strong><\/h4>\n<p>O professor do Instituto Federal do Norte de Minas Gerais (IFNMG), Eduardo Roman Albuquerque, de 45 anos, morreu em um grav\u00edssimo acidente no in\u00edcio da manh\u00e3 deste domingo, 19 de abril, na BR-251, em Salinas, no Norte de Minas Gerais. <\/p>\n<p><img decoding=\"async\" src=\"http:\/\/aconteceunovale.com.br\/portal\/wp-content\/uploads\/2015\/04\/eduardo_roman.jpg\" alt=\"\" \/><em>Eduardo Roman Albuquerque era professor do IFNMG-Campus Salinas &#8211; Foto: Reprodu\u00e7\u00e3o<\/em><br \/>\n<\/br><\/p>\n<p>De acordo com informa\u00e7\u00f5es da Pol\u00edcia Rodovi\u00e1ria Federal (PRF), o ve\u00edculo Siena, placas GKS-6522, de Barbacena (MG), colidiu contra um \u00f4nibus da empresa Xavier Turismo pr\u00f3ximo ao Posto Jenipapo. Com o impacto do acidente, o condutor ficou preso \u00e0s ferragens e morreu no local. <\/p>\n<p>De acordo com a Ascom do Samu Macro Norte, ningu\u00e9m do \u00f4nibus ficou ferido. O ve\u00edculo conduzido pelo professor tamb\u00e9m atingiu uma caminhonete, que era ocupado por duas pessoas. Uma mulher e um homem, de 20 e 30 anos, receberam atendimento no local e foram liberados.<\/p>\n<p>Ainda segundo a PRF, parte da pista ficou parcialmente interditada, mas o tr\u00e2nsito n\u00e3o foi prejudicado. A din\u00e2mica do acidente ainda n\u00e3o foi esclarecida.<\/p>\n<p><strong>Eduardo Roman<\/strong><\/p>\n<p>Eduardo Roman era graduado em Ci\u00eancia da Computa\u00e7\u00e3o pela UNIPAC, mestre em Desenvolvimento Regional e Meio Ambiente pela UESC-BA e exercia a fun\u00e7\u00e3o de professor efetivo no Curso T\u00e9cnico em Inform\u00e1tica do IFNMG-Campus Salinas. Roman tamb\u00e9m trabalhou na antiga Escola Agrot\u00e9cnica Federal de S\u00e3o Jo\u00e3o Evangelista (EAFSJE), atual IFMG-Campus S\u00e3o Jo\u00e3o Evangelista, no Vale do Rio Doce.<\/p>\n<p><img decoding=\"async\" src=\"http:\/\/aconteceunovale.com.br\/portal\/wp-content\/uploads\/2015\/04\/acidente_salinas_19_4.jpg\" alt=\"\" \/><em>Motorista do carro de passeio morreu no local &#8211; Fotos: J\u00falio C\u00e9sar<\/em><br \/>\n<\/br><\/p>\n<p><img decoding=\"async\" src=\"http:\/\/aconteceunovale.com.br\/portal\/wp-content\/uploads\/2015\/04\/acidente_bus_salinas_1.jpg\" alt=\"\" \/><em>Carro colidiu contra um \u00f4nibus da Xavier Tur &#8211; Foto: Ascom Samu Macro Norte<\/em><br \/>\n<\/br><\/p>\n<p><img decoding=\"async\" src=\"http:\/\/aconteceunovale.com.br\/portal\/wp-content\/uploads\/2015\/04\/acidente_bus_salinas_2.jpg\" alt=\"\" \/><em>Motorista do carro de passeio morreu no local &#8211; Foto: Ascom Samu Macro Norte<\/em><\/p>\n","protected":false},"excerpt":{"rendered":"<p>Carro colidiu contra um \u00f4nibus pr\u00f3ximo ao posto Jenipapo. V\u00edtima era professor do Campus Salinas do IFNMG. O professor do Instituto Federal do Norte de Minas Gerais (IFNMG), Eduardo Roman Albuquerque, de 45 anos, morreu em um grav\u00edssimo acidente no in\u00edcio da manh\u00e3 deste domingo, 19 de abril, na BR-251, em Salinas, no Norte de [&hellip;]<\/p>\n","protected":false},"author":1,"featured_media":57633,"comment_status":"open","ping_status":"closed","sticky":false,"template":"","format":"standard","meta":{"amp_status":"","footnotes":""},"categories":[1236],"tags":[42185,42149,42178,42179,42180,42183,42184,42147,193,1018,42187,42154,42156,42155,42148,42188,42190,2921,42186,42189,42182,42181,42158,42145,42146,42175,42176,42159,42157,42174,190,162,42177],"class_list":["post-57626","post","type-post","status-publish","format-standard","has-post-thumbnail","hentry","category-norte_de_minas","tag-acidente-com-eduardo-roman","tag-acidente-com-eduardo-ronan-albuquerque","tag-acidente-com-onibus-da-xavier-turismo","tag-acidente-com-onibus-da-xavier-turismo-em-salinas","tag-acidente-com-onibus-da-xavier-turismo-na-br-251","tag-acidente-com-professor-do-ifnmg","tag-acidente-com-professor-do-ifnmg-campus-salinas","tag-acidente-proximo-ao-posto-jenipapo","tag-barbacena","tag-destaque","tag-eafsje","tag-eduardo-ramos-albuquerque","tag-eduardo-roman","tag-eduardo-roman-albuquerque","tag-eduardo-ronan-albuquerque","tag-escola-agrotecnica-federal-de-sao-joao-evangelista","tag-ex-professor-da-antiga-eafsje-morre-em-acidente-no-norte-de-minas","tag-ifmg-campus-sao-joao-evangelista","tag-morte-de-eduardo-roman","tag-morte-de-professor-da-escola-agrotecnica-federal-de-sao-joao-evangelista","tag-morte-de-professor-do-ifnmg","tag-morte-de-professor-do-ifnmg-campus-salinas","tag-motorista-do-ifnmg-salinas-morre-em-acidente-na-br-251","tag-motorista-morre-em-acidente-envolvendo-carro-e-onibus-na-br-251","tag-motorista-morre-em-acidente-envolvendo-carro-e-onibus-na-br-251-em-salinas","tag-onibus-da-xavier-tur","tag-onibus-da-xavier-turismo","tag-professor-do-ifnmg-campus-salinas-morre-em-acidente-na-br-251","tag-professor-do-ifnmg-morre-em-acidente-na-br-251","tag-professor-do-instituto-federal-do-norte-de-minas-morre-em-acidente-na-br-251","tag-salinas","tag-sao-joao-evangelista","tag-xavier-turismo"],"yoast_head":"<!-- This site is optimized with the Yoast SEO plugin v28.3 - https:\/\/yoast.com\/product\/yoast-seo-wordpress\/ -->\n<title>Professor do Instituto Federal do Norte de Minas morre em acidente na BR-251 - Aconteceu no Vale<\/title>\n<meta name=\"robots\" content=\"index, follow, max-snippet:-1, max-image-preview:large, max-video-preview:-1\" \/>\n<link rel=\"canonical\" href=\"https:\/\/aconteceunovale.com.br\/portal\/?p=57626\" \/>\n<meta property=\"og:locale\" content=\"pt_BR\" \/>\n<meta property=\"og:type\" content=\"article\" \/>\n<meta property=\"og:title\" content=\"Professor do Instituto Federal do Norte de Minas morre em acidente na BR-251 - Aconteceu no Vale\" \/>\n<meta property=\"og:description\" content=\"Carro colidiu contra um \u00f4nibus pr\u00f3ximo ao posto Jenipapo. V\u00edtima era professor do Campus Salinas do IFNMG. O professor do Instituto Federal do Norte de Minas Gerais (IFNMG), Eduardo Roman Albuquerque, de 45 anos, morreu em um grav\u00edssimo acidente no in\u00edcio da manh\u00e3 deste domingo, 19 de abril, na BR-251, em Salinas, no Norte de [&hellip;]\" \/>\n<meta property=\"og:url\" content=\"https:\/\/aconteceunovale.com.br\/portal\/?p=57626\" \/>\n<meta property=\"og:site_name\" content=\"Aconteceu no Vale\" \/>\n<meta property=\"article:publisher\" content=\"https:\/\/www.facebook.com\/aconteceunovale\/\" \/>\n<meta property=\"article:published_time\" content=\"2015-04-19T14:07:19+00:00\" \/>\n<meta property=\"article:modified_time\" content=\"2015-04-20T00:28:31+00:00\" \/>\n<meta property=\"og:image\" content=\"https:\/\/aconteceunovale.com.br\/portal\/wp-content\/uploads\/2015\/04\/acidente_bus_salinas_1.jpg\" \/>\n\t<meta property=\"og:image:width\" content=\"678\" \/>\n\t<meta property=\"og:image:height\" content=\"435\" \/>\n\t<meta property=\"og:image:type\" content=\"image\/jpeg\" \/>\n<meta name=\"author\" content=\"Aconteceu no Vale\" \/>\n<meta name=\"twitter:card\" content=\"summary_large_image\" \/>\n<meta name=\"twitter:creator\" content=\"@noticiadosvales\" \/>\n<meta name=\"twitter:site\" content=\"@noticiadosvales\" \/>\n<meta name=\"twitter:label1\" content=\"Escrito por\" \/>\n\t<meta name=\"twitter:data1\" content=\"Aconteceu no Vale\" \/>\n\t<meta name=\"twitter:label2\" content=\"Est. tempo de leitura\" \/>\n\t<meta name=\"twitter:data2\" content=\"2 minutos\" \/>\n<script type=\"application\/ld+json\" class=\"yoast-schema-graph\">{\"@context\":\"https:\\\/\\\/schema.org\",\"@graph\":[{\"@type\":\"Article\",\"@id\":\"https:\\\/\\\/aconteceunovale.com.br\\\/portal\\\/?p=57626#article\",\"isPartOf\":{\"@id\":\"https:\\\/\\\/aconteceunovale.com.br\\\/portal\\\/?p=57626\"},\"author\":{\"name\":\"Aconteceu no Vale\",\"@id\":\"https:\\\/\\\/aconteceunovale.com.br\\\/portal\\\/#\\\/schema\\\/person\\\/633529146f2c94272bef50ac2953d589\"},\"headline\":\"Professor do Instituto Federal do Norte de Minas morre em acidente na BR-251\",\"datePublished\":\"2015-04-19T14:07:19+00:00\",\"dateModified\":\"2015-04-20T00:28:31+00:00\",\"mainEntityOfPage\":{\"@id\":\"https:\\\/\\\/aconteceunovale.com.br\\\/portal\\\/?p=57626\"},\"wordCount\":320,\"commentCount\":2,\"image\":{\"@id\":\"https:\\\/\\\/aconteceunovale.com.br\\\/portal\\\/?p=57626#primaryimage\"},\"thumbnailUrl\":\"https:\\\/\\\/aconteceunovale.com.br\\\/portal\\\/wp-content\\\/uploads\\\/2015\\\/04\\\/acidente_bus_salinas_1.jpg\",\"keywords\":[\"acidente com Eduardo Roman\",\"acidente com Eduardo Ronan Albuquerque\",\"acidente com \u00f4nibus da Xavier Turismo\",\"acidente com \u00f4nibus da Xavier Turismo em Salinas\",\"acidente com \u00f4nibus da Xavier Turismo na BR-251\",\"acidente com professor do IFNMG\",\"acidente com professor do IFNMG-Campus Salinas\",\"acidente pr\u00f3ximo ao posto Jenipapo\",\"Barbacena\",\"destaque\",\"EAFSJE\",\"Eduardo Ramos Albuquerque\",\"Eduardo Roman\",\"Eduardo Roman Albuquerque\",\"Eduardo Ronan Albuquerque\",\"Escola Agrot\u00e9cnica Federal de S\u00e3o Jo\u00e3o Evangelista\",\"Ex-professor da antiga EAFSJE morre em acidente no Norte de Minas\",\"ifmg campus s\u00e3o jo\u00e3o evangelista\",\"morte de Eduardo Roman\",\"morte de professor da Escola Agrot\u00e9cnica Federal de S\u00e3o Jo\u00e3o Evangelista\",\"morte de professor do IFNMG\",\"morte de professor do IFNMG-Campus Salinas\",\"motorista do ifnmg salinas morre em acidente na br 251\",\"Motorista morre em acidente envolvendo carro e \u00f4nibus na BR-251\",\"Motorista morre em acidente envolvendo carro e \u00f4nibus na BR-251 em Salinas\",\"\u00f4nibus da Xavier Tur\",\"\u00f4nibus da Xavier Turismo\",\"Professor do IFNMG Campus Salinas morre em acidente na BR-251\",\"Professor do IFNMG morre em acidente na BR-251\",\"Professor do Instituto Federal do Norte de Minas morre em acidente na BR-251\",\"Salinas\",\"S\u00e3o Jo\u00e3o Evangelista\",\"Xavier Turismo\"],\"articleSection\":[\"Norte de Minas\"],\"inLanguage\":\"pt-BR\",\"potentialAction\":[{\"@type\":\"CommentAction\",\"name\":\"Comment\",\"target\":[\"https:\\\/\\\/aconteceunovale.com.br\\\/portal\\\/?p=57626#respond\"]}]},{\"@type\":\"WebPage\",\"@id\":\"https:\\\/\\\/aconteceunovale.com.br\\\/portal\\\/?p=57626\",\"url\":\"https:\\\/\\\/aconteceunovale.com.br\\\/portal\\\/?p=57626\",\"name\":\"Professor do Instituto Federal do Norte de Minas morre em acidente na BR-251 - Aconteceu no Vale\",\"isPartOf\":{\"@id\":\"https:\\\/\\\/aconteceunovale.com.br\\\/portal\\\/#website\"},\"primaryImageOfPage\":{\"@id\":\"https:\\\/\\\/aconteceunovale.com.br\\\/portal\\\/?p=57626#primaryimage\"},\"image\":{\"@id\":\"https:\\\/\\\/aconteceunovale.com.br\\\/portal\\\/?p=57626#primaryimage\"},\"thumbnailUrl\":\"https:\\\/\\\/aconteceunovale.com.br\\\/portal\\\/wp-content\\\/uploads\\\/2015\\\/04\\\/acidente_bus_salinas_1.jpg\",\"datePublished\":\"2015-04-19T14:07:19+00:00\",\"dateModified\":\"2015-04-20T00:28:31+00:00\",\"author\":{\"@id\":\"https:\\\/\\\/aconteceunovale.com.br\\\/portal\\\/#\\\/schema\\\/person\\\/633529146f2c94272bef50ac2953d589\"},\"breadcrumb\":{\"@id\":\"https:\\\/\\\/aconteceunovale.com.br\\\/portal\\\/?p=57626#breadcrumb\"},\"inLanguage\":\"pt-BR\",\"potentialAction\":[{\"@type\":\"ReadAction\",\"target\":[\"https:\\\/\\\/aconteceunovale.com.br\\\/portal\\\/?p=57626\"]}]},{\"@type\":\"ImageObject\",\"inLanguage\":\"pt-BR\",\"@id\":\"https:\\\/\\\/aconteceunovale.com.br\\\/portal\\\/?p=57626#primaryimage\",\"url\":\"https:\\\/\\\/aconteceunovale.com.br\\\/portal\\\/wp-content\\\/uploads\\\/2015\\\/04\\\/acidente_bus_salinas_1.jpg\",\"contentUrl\":\"https:\\\/\\\/aconteceunovale.com.br\\\/portal\\\/wp-content\\\/uploads\\\/2015\\\/04\\\/acidente_bus_salinas_1.jpg\",\"width\":678,\"height\":435},{\"@type\":\"BreadcrumbList\",\"@id\":\"https:\\\/\\\/aconteceunovale.com.br\\\/portal\\\/?p=57626#breadcrumb\",\"itemListElement\":[{\"@type\":\"ListItem\",\"position\":1,\"name\":\"In\u00edcio\",\"item\":\"https:\\\/\\\/aconteceunovale.com.br\\\/portal\\\/\"},{\"@type\":\"ListItem\",\"position\":2,\"name\":\"Professor do Instituto Federal do Norte de Minas morre em acidente na BR-251\"}]},{\"@type\":\"WebSite\",\"@id\":\"https:\\\/\\\/aconteceunovale.com.br\\\/portal\\\/#website\",\"url\":\"https:\\\/\\\/aconteceunovale.com.br\\\/portal\\\/\",\"name\":\"Aconteceu no Vale\",\"description\":\"Portal de Not\u00edcias\",\"potentialAction\":[{\"@type\":\"SearchAction\",\"target\":{\"@type\":\"EntryPoint\",\"urlTemplate\":\"https:\\\/\\\/aconteceunovale.com.br\\\/portal\\\/?s={search_term_string}\"},\"query-input\":{\"@type\":\"PropertyValueSpecification\",\"valueRequired\":true,\"valueName\":\"search_term_string\"}}],\"inLanguage\":\"pt-BR\"},{\"@type\":\"Person\",\"@id\":\"https:\\\/\\\/aconteceunovale.com.br\\\/portal\\\/#\\\/schema\\\/person\\\/633529146f2c94272bef50ac2953d589\",\"name\":\"Aconteceu no Vale\",\"description\":\"Equipe de reportagem do Aconteceu no Vale, portal de not\u00edcias do Vale do Jequitinhonha, em Minas Gerais. Cobrimos as 51 cidades do Vale desde 2013. Sugest\u00f5es de pauta e pedidos de corre\u00e7\u00e3o: contato@aconteceunovale.com.br\",\"sameAs\":[\"http:\\\/\\\/www.aconteceunovale.com.br\"],\"url\":\"https:\\\/\\\/aconteceunovale.com.br\\\/portal\\\/?author=1\"}]}<\/script>\n<!-- \/ Yoast SEO plugin. -->","yoast_head_json":{"title":"Professor do Instituto Federal do Norte de Minas morre em acidente na BR-251 - Aconteceu no Vale","robots":{"index":"index","follow":"follow","max-snippet":"max-snippet:-1","max-image-preview":"max-image-preview:large","max-video-preview":"max-video-preview:-1"},"canonical":"https:\/\/aconteceunovale.com.br\/portal\/?p=57626","og_locale":"pt_BR","og_type":"article","og_title":"Professor do Instituto Federal do Norte de Minas morre em acidente na BR-251 - Aconteceu no Vale","og_description":"Carro colidiu contra um \u00f4nibus pr\u00f3ximo ao posto Jenipapo. V\u00edtima era professor do Campus Salinas do IFNMG. O professor do Instituto Federal do Norte de Minas Gerais (IFNMG), Eduardo Roman Albuquerque, de 45 anos, morreu em um grav\u00edssimo acidente no in\u00edcio da manh\u00e3 deste domingo, 19 de abril, na BR-251, em Salinas, no Norte de [&hellip;]","og_url":"https:\/\/aconteceunovale.com.br\/portal\/?p=57626","og_site_name":"Aconteceu no Vale","article_publisher":"https:\/\/www.facebook.com\/aconteceunovale\/","article_published_time":"2015-04-19T14:07:19+00:00","article_modified_time":"2015-04-20T00:28:31+00:00","og_image":[{"width":678,"height":435,"url":"https:\/\/aconteceunovale.com.br\/portal\/wp-content\/uploads\/2015\/04\/acidente_bus_salinas_1.jpg","type":"image\/jpeg"}],"author":"Aconteceu no Vale","twitter_card":"summary_large_image","twitter_creator":"@noticiadosvales","twitter_site":"@noticiadosvales","twitter_misc":{"Escrito por":"Aconteceu no Vale","Est. tempo de leitura":"2 minutos"},"schema":{"@context":"https:\/\/schema.org","@graph":[{"@type":"Article","@id":"https:\/\/aconteceunovale.com.br\/portal\/?p=57626#article","isPartOf":{"@id":"https:\/\/aconteceunovale.com.br\/portal\/?p=57626"},"author":{"name":"Aconteceu no Vale","@id":"https:\/\/aconteceunovale.com.br\/portal\/#\/schema\/person\/633529146f2c94272bef50ac2953d589"},"headline":"Professor do Instituto Federal do Norte de Minas morre em acidente na BR-251","datePublished":"2015-04-19T14:07:19+00:00","dateModified":"2015-04-20T00:28:31+00:00","mainEntityOfPage":{"@id":"https:\/\/aconteceunovale.com.br\/portal\/?p=57626"},"wordCount":320,"commentCount":2,"image":{"@id":"https:\/\/aconteceunovale.com.br\/portal\/?p=57626#primaryimage"},"thumbnailUrl":"https:\/\/aconteceunovale.com.br\/portal\/wp-content\/uploads\/2015\/04\/acidente_bus_salinas_1.jpg","keywords":["acidente com Eduardo Roman","acidente com Eduardo Ronan Albuquerque","acidente com \u00f4nibus da Xavier Turismo","acidente com \u00f4nibus da Xavier Turismo em Salinas","acidente com \u00f4nibus da Xavier Turismo na BR-251","acidente com professor do IFNMG","acidente com professor do IFNMG-Campus Salinas","acidente pr\u00f3ximo ao posto Jenipapo","Barbacena","destaque","EAFSJE","Eduardo Ramos Albuquerque","Eduardo Roman","Eduardo Roman Albuquerque","Eduardo Ronan Albuquerque","Escola Agrot\u00e9cnica Federal de S\u00e3o Jo\u00e3o Evangelista","Ex-professor da antiga EAFSJE morre em acidente no Norte de Minas","ifmg campus s\u00e3o jo\u00e3o evangelista","morte de Eduardo Roman","morte de professor da Escola Agrot\u00e9cnica Federal de S\u00e3o Jo\u00e3o Evangelista","morte de professor do IFNMG","morte de professor do IFNMG-Campus Salinas","motorista do ifnmg salinas morre em acidente na br 251","Motorista morre em acidente envolvendo carro e \u00f4nibus na BR-251","Motorista morre em acidente envolvendo carro e \u00f4nibus na BR-251 em Salinas","\u00f4nibus da Xavier Tur","\u00f4nibus da Xavier Turismo","Professor do IFNMG Campus Salinas morre em acidente na BR-251","Professor do IFNMG morre em acidente na BR-251","Professor do Instituto Federal do Norte de Minas morre em acidente na BR-251","Salinas","S\u00e3o Jo\u00e3o Evangelista","Xavier Turismo"],"articleSection":["Norte de Minas"],"inLanguage":"pt-BR","potentialAction":[{"@type":"CommentAction","name":"Comment","target":["https:\/\/aconteceunovale.com.br\/portal\/?p=57626#respond"]}]},{"@type":"WebPage","@id":"https:\/\/aconteceunovale.com.br\/portal\/?p=57626","url":"https:\/\/aconteceunovale.com.br\/portal\/?p=57626","name":"Professor do Instituto Federal do Norte de Minas morre em acidente na BR-251 - Aconteceu no Vale","isPartOf":{"@id":"https:\/\/aconteceunovale.com.br\/portal\/#website"},"primaryImageOfPage":{"@id":"https:\/\/aconteceunovale.com.br\/portal\/?p=57626#primaryimage"},"image":{"@id":"https:\/\/aconteceunovale.com.br\/portal\/?p=57626#primaryimage"},"thumbnailUrl":"https:\/\/aconteceunovale.com.br\/portal\/wp-content\/uploads\/2015\/04\/acidente_bus_salinas_1.jpg","datePublished":"2015-04-19T14:07:19+00:00","dateModified":"2015-04-20T00:28:31+00:00","author":{"@id":"https:\/\/aconteceunovale.com.br\/portal\/#\/schema\/person\/633529146f2c94272bef50ac2953d589"},"breadcrumb":{"@id":"https:\/\/aconteceunovale.com.br\/portal\/?p=57626#breadcrumb"},"inLanguage":"pt-BR","potentialAction":[{"@type":"ReadAction","target":["https:\/\/aconteceunovale.com.br\/portal\/?p=57626"]}]},{"@type":"ImageObject","inLanguage":"pt-BR","@id":"https:\/\/aconteceunovale.com.br\/portal\/?p=57626#primaryimage","url":"https:\/\/aconteceunovale.com.br\/portal\/wp-content\/uploads\/2015\/04\/acidente_bus_salinas_1.jpg","contentUrl":"https:\/\/aconteceunovale.com.br\/portal\/wp-content\/uploads\/2015\/04\/acidente_bus_salinas_1.jpg","width":678,"height":435},{"@type":"BreadcrumbList","@id":"https:\/\/aconteceunovale.com.br\/portal\/?p=57626#breadcrumb","itemListElement":[{"@type":"ListItem","position":1,"name":"In\u00edcio","item":"https:\/\/aconteceunovale.com.br\/portal\/"},{"@type":"ListItem","position":2,"name":"Professor do Instituto Federal do Norte de Minas morre em acidente na BR-251"}]},{"@type":"WebSite","@id":"https:\/\/aconteceunovale.com.br\/portal\/#website","url":"https:\/\/aconteceunovale.com.br\/portal\/","name":"Aconteceu no Vale","description":"Portal de Not\u00edcias","potentialAction":[{"@type":"SearchAction","target":{"@type":"EntryPoint","urlTemplate":"https:\/\/aconteceunovale.com.br\/portal\/?s={search_term_string}"},"query-input":{"@type":"PropertyValueSpecification","valueRequired":true,"valueName":"search_term_string"}}],"inLanguage":"pt-BR"},{"@type":"Person","@id":"https:\/\/aconteceunovale.com.br\/portal\/#\/schema\/person\/633529146f2c94272bef50ac2953d589","name":"Aconteceu no Vale","description":"Equipe de reportagem do Aconteceu no Vale, portal de not\u00edcias do Vale do Jequitinhonha, em Minas Gerais. Cobrimos as 51 cidades do Vale desde 2013. Sugest\u00f5es de pauta e pedidos de corre\u00e7\u00e3o: contato@aconteceunovale.com.br","sameAs":["http:\/\/www.aconteceunovale.com.br"],"url":"https:\/\/aconteceunovale.com.br\/portal\/?author=1"}]}},"_links":{"self":[{"href":"https:\/\/aconteceunovale.com.br\/portal\/index.php?rest_route=\/wp\/v2\/posts\/57626","targetHints":{"allow":["GET"]}}],"collection":[{"href":"https:\/\/aconteceunovale.com.br\/portal\/index.php?rest_route=\/wp\/v2\/posts"}],"about":[{"href":"https:\/\/aconteceunovale.com.br\/portal\/index.php?rest_route=\/wp\/v2\/types\/post"}],"author":[{"embeddable":true,"href":"https:\/\/aconteceunovale.com.br\/portal\/index.php?rest_route=\/wp\/v2\/users\/1"}],"replies":[{"embeddable":true,"href":"https:\/\/aconteceunovale.com.br\/portal\/index.php?rest_route=%2Fwp%2Fv2%2Fcomments&post=57626"}],"version-history":[{"count":0,"href":"https:\/\/aconteceunovale.com.br\/portal\/index.php?rest_route=\/wp\/v2\/posts\/57626\/revisions"}],"wp:featuredmedia":[{"embeddable":true,"href":"https:\/\/aconteceunovale.com.br\/portal\/index.php?rest_route=\/wp\/v2\/media\/57633"}],"wp:attachment":[{"href":"https:\/\/aconteceunovale.com.br\/portal\/index.php?rest_route=%2Fwp%2Fv2%2Fmedia&parent=57626"}],"wp:term":[{"taxonomy":"category","embeddable":true,"href":"https:\/\/aconteceunovale.com.br\/portal\/index.php?rest_route=%2Fwp%2Fv2%2Fcategories&post=57626"},{"taxonomy":"post_tag","embeddable":true,"href":"https:\/\/aconteceunovale.com.br\/portal\/index.php?rest_route=%2Fwp%2Fv2%2Ftags&post=57626"}],"curies":[{"name":"wp","href":"https:\/\/api.w.org\/{rel}","templated":true}]}}