{"id":57623,"date":"2015-04-19T10:21:36","date_gmt":"2015-04-19T13:21:36","guid":{"rendered":"http:\/\/aconteceunovale.com.br\/portal\/?p=57623"},"modified":"2015-04-19T10:21:36","modified_gmt":"2015-04-19T13:21:36","slug":"ifmg-realiza-seminario-de-integracao-academica-e-feira-de-matematica-em-sao-joao-evangelista","status":"publish","type":"post","link":"https:\/\/aconteceunovale.com.br\/portal\/?p=57623","title":{"rendered":"IFMG realiza Semin\u00e1rio de Integra\u00e7\u00e3o Acad\u00eamica e Feira de Matem\u00e1tica em S\u00e3o Jo\u00e3o Evangelista"},"content":{"rendered":"<p>O Instituto Federal de Minas Gerais C\u00e2mpus S\u00e3o Jo\u00e3o Evangelista (IFMG-SJE) promove entre os dias 18 e 22 de maio o III Semin\u00e1rio de Integra\u00e7\u00e3o Acad\u00eamica e II Feira de Matem\u00e1tica do vale do Rio Doce. <\/p>\n<p>O Semin\u00e1rio de Integra\u00e7\u00e3o Acad\u00eamica tem por finalidade a interdisciplinaridade entre os cursos de gradua\u00e7\u00e3o dispon\u00edveis no IFMG-SJE: Agronomia, Engenharia Florestal, Silvicultura, Sistemas de Informa\u00e7\u00e3o e Licenciatura em Matem\u00e1tica. Durante a semana os estudantes ter\u00e3o oportunidade de apresentar e participar de trabalhos, minicursos, palestras entre outras atividades nas diversas \u00e1reas do conhecimento, aproveitando o momento para desenvolver interesse pela produ\u00e7\u00e3o cientifica e aprimorar seus conhecimentos.<\/p>\n<p>A Feira de Matem\u00e1tica \u00e9 um evento realizado pelo curso de Licenciatura em Matem\u00e1tica do campus e conta com o apoio da Coordena\u00e7\u00e3o de Aperfei\u00e7oamento de Pessoal de N\u00edvel Superior (CAPES), atrav\u00e9s do Programa Institucional de Bolsas de Inicia\u00e7\u00e3o \u00e0 Doc\u00eancia (PIBID) e do PRODOC\u00caNCIA.<\/p>\n<p>No dia 21 de maio durante a Semana de Integra\u00e7\u00e3o Acad\u00eamica acontecer\u00e1 a II Feira de Matem\u00e1tica do Vale do Rio Doce, onde diversos projetos de Matem\u00e1tica produzidos por alunos das escolas p\u00fablicas da regi\u00e3o, que s\u00e3o parceiras do PIBID, ser\u00e3o expostos e apresentados. Os trabalhos ser\u00e3o apresentados nas modalidades Ensino Fundamental I e II, Ensino M\u00e9dio, Ensino Superior e APAE, das escolas dos munic\u00edpios de Guanh\u00e3es, S\u00e3o Jo\u00e3o Evangelista, Cantagalo e Pe\u00e7anha.<\/p>\n<p>O IFMG-SJE convida a comunidade a prestigiar as atividades que ser\u00e3o realizadas durante esse Semin\u00e1rio de integra\u00e7\u00e3o acad\u00eamica e durante a II Feira de Matem\u00e1tica. A programa\u00e7\u00e3o oficial dos eventos ser\u00e1 disponibilizada no site <a href=\"http:\/\/portal.sje.ifmg.edu.br\" target=\"_blank\">http:\/\/portal.sje.ifmg.edu.br<\/a>.<\/p>\n<p><em>(Fonte: Divulga\u00e7\u00e3o \/ IFMG-SJE)<\/em><\/p>\n","protected":false},"excerpt":{"rendered":"<p>O Instituto Federal de Minas Gerais C\u00e2mpus S\u00e3o Jo\u00e3o Evangelista (IFMG-SJE) promove entre os dias 18 e 22 de maio o III Semin\u00e1rio de Integra\u00e7\u00e3o Acad\u00eamica e II Feira de Matem\u00e1tica do vale do Rio Doce. O Semin\u00e1rio de Integra\u00e7\u00e3o Acad\u00eamica tem por finalidade a interdisciplinaridade entre os cursos de gradua\u00e7\u00e3o dispon\u00edveis no IFMG-SJE: Agronomia, [&hellip;]<\/p>\n","protected":false},"author":1,"featured_media":12113,"comment_status":"open","ping_status":"closed","sticky":false,"template":"","format":"standard","meta":{"amp_status":"","footnotes":""},"categories":[121],"tags":[37410,160,2921,42141,42142,42144,42143,17066,162],"class_list":["post-57623","post","type-post","status-publish","format-standard","has-post-thumbnail","hentry","category-leste","tag-campus-sao-joao-evangelista-do-ifmg","tag-ifmg","tag-ifmg-campus-sao-joao-evangelista","tag-ifmg-realiza-seminario-de-integracao-academica-e-feira-de-matematica-em-sao-joao-evangelista","tag-ifmg-sje","tag-ii-feira-de-matematica-do-vale-do-rio-doce","tag-iii-seminario-de-integracao-academica","tag-instituto-federal-de-minas-gerais-campus-sao-joao-evangelista","tag-sao-joao-evangelista"],"yoast_head":"<!-- This site is optimized with the Yoast SEO plugin v28.3 - https:\/\/yoast.com\/product\/yoast-seo-wordpress\/ -->\n<title>IFMG realiza Semin\u00e1rio de Integra\u00e7\u00e3o Acad\u00eamica e Feira de Matem\u00e1tica em S\u00e3o Jo\u00e3o Evangelista - Aconteceu no Vale<\/title>\n<meta name=\"robots\" content=\"index, follow, max-snippet:-1, max-image-preview:large, max-video-preview:-1\" \/>\n<link rel=\"canonical\" href=\"https:\/\/aconteceunovale.com.br\/portal\/?p=57623\" \/>\n<meta property=\"og:locale\" content=\"pt_BR\" \/>\n<meta property=\"og:type\" content=\"article\" \/>\n<meta property=\"og:title\" content=\"IFMG realiza Semin\u00e1rio de Integra\u00e7\u00e3o Acad\u00eamica e Feira de Matem\u00e1tica em S\u00e3o Jo\u00e3o Evangelista - Aconteceu no Vale\" \/>\n<meta property=\"og:description\" content=\"O Instituto Federal de Minas Gerais C\u00e2mpus S\u00e3o Jo\u00e3o Evangelista (IFMG-SJE) promove entre os dias 18 e 22 de maio o III Semin\u00e1rio de Integra\u00e7\u00e3o Acad\u00eamica e II Feira de Matem\u00e1tica do vale do Rio Doce. O Semin\u00e1rio de Integra\u00e7\u00e3o Acad\u00eamica tem por finalidade a interdisciplinaridade entre os cursos de gradua\u00e7\u00e3o dispon\u00edveis no IFMG-SJE: Agronomia, [&hellip;]\" \/>\n<meta property=\"og:url\" content=\"https:\/\/aconteceunovale.com.br\/portal\/?p=57623\" \/>\n<meta property=\"og:site_name\" content=\"Aconteceu no Vale\" \/>\n<meta property=\"article:publisher\" content=\"https:\/\/www.facebook.com\/aconteceunovale\/\" \/>\n<meta property=\"article:published_time\" content=\"2015-04-19T13:21:36+00:00\" \/>\n<meta property=\"og:image\" content=\"https:\/\/aconteceunovale.com.br\/portal\/wp-content\/uploads\/2013\/10\/ifmg1.jpg\" \/>\n\t<meta property=\"og:image:width\" content=\"678\" \/>\n\t<meta property=\"og:image:height\" content=\"250\" \/>\n\t<meta property=\"og:image:type\" content=\"image\/jpeg\" \/>\n<meta name=\"author\" content=\"Aconteceu no Vale\" \/>\n<meta name=\"twitter:card\" content=\"summary_large_image\" \/>\n<meta name=\"twitter:creator\" content=\"@noticiadosvales\" \/>\n<meta name=\"twitter:site\" content=\"@noticiadosvales\" \/>\n<meta name=\"twitter:label1\" content=\"Escrito por\" \/>\n\t<meta name=\"twitter:data1\" content=\"Aconteceu no Vale\" \/>\n\t<meta name=\"twitter:label2\" content=\"Est. tempo de leitura\" \/>\n\t<meta name=\"twitter:data2\" content=\"2 minutos\" \/>\n<script type=\"application\/ld+json\" class=\"yoast-schema-graph\">{\"@context\":\"https:\\\/\\\/schema.org\",\"@graph\":[{\"@type\":\"Article\",\"@id\":\"https:\\\/\\\/aconteceunovale.com.br\\\/portal\\\/?p=57623#article\",\"isPartOf\":{\"@id\":\"https:\\\/\\\/aconteceunovale.com.br\\\/portal\\\/?p=57623\"},\"author\":{\"name\":\"Aconteceu no Vale\",\"@id\":\"https:\\\/\\\/aconteceunovale.com.br\\\/portal\\\/#\\\/schema\\\/person\\\/633529146f2c94272bef50ac2953d589\"},\"headline\":\"IFMG realiza Semin\u00e1rio de Integra\u00e7\u00e3o Acad\u00eamica e Feira de Matem\u00e1tica em S\u00e3o Jo\u00e3o Evangelista\",\"datePublished\":\"2015-04-19T13:21:36+00:00\",\"mainEntityOfPage\":{\"@id\":\"https:\\\/\\\/aconteceunovale.com.br\\\/portal\\\/?p=57623\"},\"wordCount\":324,\"commentCount\":0,\"image\":{\"@id\":\"https:\\\/\\\/aconteceunovale.com.br\\\/portal\\\/?p=57623#primaryimage\"},\"thumbnailUrl\":\"https:\\\/\\\/aconteceunovale.com.br\\\/portal\\\/wp-content\\\/uploads\\\/2013\\\/10\\\/ifmg1.jpg\",\"keywords\":[\"Campus S\u00e3o Jo\u00e3o Evangelista do IFMG\",\"IFMG\",\"ifmg campus s\u00e3o jo\u00e3o evangelista\",\"IFMG realiza Semin\u00e1rio de Integra\u00e7\u00e3o Acad\u00eamica e Feira de Matem\u00e1tica em S\u00e3o Jo\u00e3o Evangelista\",\"IFMG-SJE\",\"II Feira de Matem\u00e1tica do vale do Rio Doce\",\"III Semin\u00e1rio de Integra\u00e7\u00e3o Acad\u00eamica\",\"Instituto Federal de Minas Gerais Campus S\u00e3o Jo\u00e3o Evangelista\",\"S\u00e3o Jo\u00e3o Evangelista\"],\"articleSection\":[\"Leste de Minas\"],\"inLanguage\":\"pt-BR\",\"potentialAction\":[{\"@type\":\"CommentAction\",\"name\":\"Comment\",\"target\":[\"https:\\\/\\\/aconteceunovale.com.br\\\/portal\\\/?p=57623#respond\"]}]},{\"@type\":\"WebPage\",\"@id\":\"https:\\\/\\\/aconteceunovale.com.br\\\/portal\\\/?p=57623\",\"url\":\"https:\\\/\\\/aconteceunovale.com.br\\\/portal\\\/?p=57623\",\"name\":\"IFMG realiza Semin\u00e1rio de Integra\u00e7\u00e3o Acad\u00eamica e Feira de Matem\u00e1tica em S\u00e3o Jo\u00e3o Evangelista - Aconteceu no Vale\",\"isPartOf\":{\"@id\":\"https:\\\/\\\/aconteceunovale.com.br\\\/portal\\\/#website\"},\"primaryImageOfPage\":{\"@id\":\"https:\\\/\\\/aconteceunovale.com.br\\\/portal\\\/?p=57623#primaryimage\"},\"image\":{\"@id\":\"https:\\\/\\\/aconteceunovale.com.br\\\/portal\\\/?p=57623#primaryimage\"},\"thumbnailUrl\":\"https:\\\/\\\/aconteceunovale.com.br\\\/portal\\\/wp-content\\\/uploads\\\/2013\\\/10\\\/ifmg1.jpg\",\"datePublished\":\"2015-04-19T13:21:36+00:00\",\"author\":{\"@id\":\"https:\\\/\\\/aconteceunovale.com.br\\\/portal\\\/#\\\/schema\\\/person\\\/633529146f2c94272bef50ac2953d589\"},\"breadcrumb\":{\"@id\":\"https:\\\/\\\/aconteceunovale.com.br\\\/portal\\\/?p=57623#breadcrumb\"},\"inLanguage\":\"pt-BR\",\"potentialAction\":[{\"@type\":\"ReadAction\",\"target\":[\"https:\\\/\\\/aconteceunovale.com.br\\\/portal\\\/?p=57623\"]}]},{\"@type\":\"ImageObject\",\"inLanguage\":\"pt-BR\",\"@id\":\"https:\\\/\\\/aconteceunovale.com.br\\\/portal\\\/?p=57623#primaryimage\",\"url\":\"https:\\\/\\\/aconteceunovale.com.br\\\/portal\\\/wp-content\\\/uploads\\\/2013\\\/10\\\/ifmg1.jpg\",\"contentUrl\":\"https:\\\/\\\/aconteceunovale.com.br\\\/portal\\\/wp-content\\\/uploads\\\/2013\\\/10\\\/ifmg1.jpg\",\"width\":678,\"height\":250},{\"@type\":\"BreadcrumbList\",\"@id\":\"https:\\\/\\\/aconteceunovale.com.br\\\/portal\\\/?p=57623#breadcrumb\",\"itemListElement\":[{\"@type\":\"ListItem\",\"position\":1,\"name\":\"In\u00edcio\",\"item\":\"https:\\\/\\\/aconteceunovale.com.br\\\/portal\\\/\"},{\"@type\":\"ListItem\",\"position\":2,\"name\":\"IFMG realiza Semin\u00e1rio de Integra\u00e7\u00e3o Acad\u00eamica e Feira de Matem\u00e1tica em S\u00e3o Jo\u00e3o Evangelista\"}]},{\"@type\":\"WebSite\",\"@id\":\"https:\\\/\\\/aconteceunovale.com.br\\\/portal\\\/#website\",\"url\":\"https:\\\/\\\/aconteceunovale.com.br\\\/portal\\\/\",\"name\":\"Aconteceu no Vale\",\"description\":\"Portal de Not\u00edcias\",\"potentialAction\":[{\"@type\":\"SearchAction\",\"target\":{\"@type\":\"EntryPoint\",\"urlTemplate\":\"https:\\\/\\\/aconteceunovale.com.br\\\/portal\\\/?s={search_term_string}\"},\"query-input\":{\"@type\":\"PropertyValueSpecification\",\"valueRequired\":true,\"valueName\":\"search_term_string\"}}],\"inLanguage\":\"pt-BR\"},{\"@type\":\"Person\",\"@id\":\"https:\\\/\\\/aconteceunovale.com.br\\\/portal\\\/#\\\/schema\\\/person\\\/633529146f2c94272bef50ac2953d589\",\"name\":\"Aconteceu no Vale\",\"description\":\"Equipe de reportagem do Aconteceu no Vale, portal de not\u00edcias do Vale do Jequitinhonha, em Minas Gerais. Cobrimos as 51 cidades do Vale desde 2013. Sugest\u00f5es de pauta e pedidos de corre\u00e7\u00e3o: contato@aconteceunovale.com.br\",\"sameAs\":[\"http:\\\/\\\/www.aconteceunovale.com.br\"],\"url\":\"https:\\\/\\\/aconteceunovale.com.br\\\/portal\\\/?author=1\"}]}<\/script>\n<!-- \/ Yoast SEO plugin. -->","yoast_head_json":{"title":"IFMG realiza Semin\u00e1rio de Integra\u00e7\u00e3o Acad\u00eamica e Feira de Matem\u00e1tica em S\u00e3o Jo\u00e3o Evangelista - Aconteceu no Vale","robots":{"index":"index","follow":"follow","max-snippet":"max-snippet:-1","max-image-preview":"max-image-preview:large","max-video-preview":"max-video-preview:-1"},"canonical":"https:\/\/aconteceunovale.com.br\/portal\/?p=57623","og_locale":"pt_BR","og_type":"article","og_title":"IFMG realiza Semin\u00e1rio de Integra\u00e7\u00e3o Acad\u00eamica e Feira de Matem\u00e1tica em S\u00e3o Jo\u00e3o Evangelista - Aconteceu no Vale","og_description":"O Instituto Federal de Minas Gerais C\u00e2mpus S\u00e3o Jo\u00e3o Evangelista (IFMG-SJE) promove entre os dias 18 e 22 de maio o III Semin\u00e1rio de Integra\u00e7\u00e3o Acad\u00eamica e II Feira de Matem\u00e1tica do vale do Rio Doce. O Semin\u00e1rio de Integra\u00e7\u00e3o Acad\u00eamica tem por finalidade a interdisciplinaridade entre os cursos de gradua\u00e7\u00e3o dispon\u00edveis no IFMG-SJE: Agronomia, [&hellip;]","og_url":"https:\/\/aconteceunovale.com.br\/portal\/?p=57623","og_site_name":"Aconteceu no Vale","article_publisher":"https:\/\/www.facebook.com\/aconteceunovale\/","article_published_time":"2015-04-19T13:21:36+00:00","og_image":[{"width":678,"height":250,"url":"https:\/\/aconteceunovale.com.br\/portal\/wp-content\/uploads\/2013\/10\/ifmg1.jpg","type":"image\/jpeg"}],"author":"Aconteceu no Vale","twitter_card":"summary_large_image","twitter_creator":"@noticiadosvales","twitter_site":"@noticiadosvales","twitter_misc":{"Escrito por":"Aconteceu no Vale","Est. tempo de leitura":"2 minutos"},"schema":{"@context":"https:\/\/schema.org","@graph":[{"@type":"Article","@id":"https:\/\/aconteceunovale.com.br\/portal\/?p=57623#article","isPartOf":{"@id":"https:\/\/aconteceunovale.com.br\/portal\/?p=57623"},"author":{"name":"Aconteceu no Vale","@id":"https:\/\/aconteceunovale.com.br\/portal\/#\/schema\/person\/633529146f2c94272bef50ac2953d589"},"headline":"IFMG realiza Semin\u00e1rio de Integra\u00e7\u00e3o Acad\u00eamica e Feira de Matem\u00e1tica em S\u00e3o Jo\u00e3o Evangelista","datePublished":"2015-04-19T13:21:36+00:00","mainEntityOfPage":{"@id":"https:\/\/aconteceunovale.com.br\/portal\/?p=57623"},"wordCount":324,"commentCount":0,"image":{"@id":"https:\/\/aconteceunovale.com.br\/portal\/?p=57623#primaryimage"},"thumbnailUrl":"https:\/\/aconteceunovale.com.br\/portal\/wp-content\/uploads\/2013\/10\/ifmg1.jpg","keywords":["Campus S\u00e3o Jo\u00e3o Evangelista do IFMG","IFMG","ifmg campus s\u00e3o jo\u00e3o evangelista","IFMG realiza Semin\u00e1rio de Integra\u00e7\u00e3o Acad\u00eamica e Feira de Matem\u00e1tica em S\u00e3o Jo\u00e3o Evangelista","IFMG-SJE","II Feira de Matem\u00e1tica do vale do Rio Doce","III Semin\u00e1rio de Integra\u00e7\u00e3o Acad\u00eamica","Instituto Federal de Minas Gerais Campus S\u00e3o Jo\u00e3o Evangelista","S\u00e3o Jo\u00e3o Evangelista"],"articleSection":["Leste de Minas"],"inLanguage":"pt-BR","potentialAction":[{"@type":"CommentAction","name":"Comment","target":["https:\/\/aconteceunovale.com.br\/portal\/?p=57623#respond"]}]},{"@type":"WebPage","@id":"https:\/\/aconteceunovale.com.br\/portal\/?p=57623","url":"https:\/\/aconteceunovale.com.br\/portal\/?p=57623","name":"IFMG realiza Semin\u00e1rio de Integra\u00e7\u00e3o Acad\u00eamica e Feira de Matem\u00e1tica em S\u00e3o Jo\u00e3o Evangelista - Aconteceu no Vale","isPartOf":{"@id":"https:\/\/aconteceunovale.com.br\/portal\/#website"},"primaryImageOfPage":{"@id":"https:\/\/aconteceunovale.com.br\/portal\/?p=57623#primaryimage"},"image":{"@id":"https:\/\/aconteceunovale.com.br\/portal\/?p=57623#primaryimage"},"thumbnailUrl":"https:\/\/aconteceunovale.com.br\/portal\/wp-content\/uploads\/2013\/10\/ifmg1.jpg","datePublished":"2015-04-19T13:21:36+00:00","author":{"@id":"https:\/\/aconteceunovale.com.br\/portal\/#\/schema\/person\/633529146f2c94272bef50ac2953d589"},"breadcrumb":{"@id":"https:\/\/aconteceunovale.com.br\/portal\/?p=57623#breadcrumb"},"inLanguage":"pt-BR","potentialAction":[{"@type":"ReadAction","target":["https:\/\/aconteceunovale.com.br\/portal\/?p=57623"]}]},{"@type":"ImageObject","inLanguage":"pt-BR","@id":"https:\/\/aconteceunovale.com.br\/portal\/?p=57623#primaryimage","url":"https:\/\/aconteceunovale.com.br\/portal\/wp-content\/uploads\/2013\/10\/ifmg1.jpg","contentUrl":"https:\/\/aconteceunovale.com.br\/portal\/wp-content\/uploads\/2013\/10\/ifmg1.jpg","width":678,"height":250},{"@type":"BreadcrumbList","@id":"https:\/\/aconteceunovale.com.br\/portal\/?p=57623#breadcrumb","itemListElement":[{"@type":"ListItem","position":1,"name":"In\u00edcio","item":"https:\/\/aconteceunovale.com.br\/portal\/"},{"@type":"ListItem","position":2,"name":"IFMG realiza Semin\u00e1rio de Integra\u00e7\u00e3o Acad\u00eamica e Feira de Matem\u00e1tica em S\u00e3o Jo\u00e3o Evangelista"}]},{"@type":"WebSite","@id":"https:\/\/aconteceunovale.com.br\/portal\/#website","url":"https:\/\/aconteceunovale.com.br\/portal\/","name":"Aconteceu no Vale","description":"Portal de Not\u00edcias","potentialAction":[{"@type":"SearchAction","target":{"@type":"EntryPoint","urlTemplate":"https:\/\/aconteceunovale.com.br\/portal\/?s={search_term_string}"},"query-input":{"@type":"PropertyValueSpecification","valueRequired":true,"valueName":"search_term_string"}}],"inLanguage":"pt-BR"},{"@type":"Person","@id":"https:\/\/aconteceunovale.com.br\/portal\/#\/schema\/person\/633529146f2c94272bef50ac2953d589","name":"Aconteceu no Vale","description":"Equipe de reportagem do Aconteceu no Vale, portal de not\u00edcias do Vale do Jequitinhonha, em Minas Gerais. Cobrimos as 51 cidades do Vale desde 2013. Sugest\u00f5es de pauta e pedidos de corre\u00e7\u00e3o: contato@aconteceunovale.com.br","sameAs":["http:\/\/www.aconteceunovale.com.br"],"url":"https:\/\/aconteceunovale.com.br\/portal\/?author=1"}]}},"_links":{"self":[{"href":"https:\/\/aconteceunovale.com.br\/portal\/index.php?rest_route=\/wp\/v2\/posts\/57623","targetHints":{"allow":["GET"]}}],"collection":[{"href":"https:\/\/aconteceunovale.com.br\/portal\/index.php?rest_route=\/wp\/v2\/posts"}],"about":[{"href":"https:\/\/aconteceunovale.com.br\/portal\/index.php?rest_route=\/wp\/v2\/types\/post"}],"author":[{"embeddable":true,"href":"https:\/\/aconteceunovale.com.br\/portal\/index.php?rest_route=\/wp\/v2\/users\/1"}],"replies":[{"embeddable":true,"href":"https:\/\/aconteceunovale.com.br\/portal\/index.php?rest_route=%2Fwp%2Fv2%2Fcomments&post=57623"}],"version-history":[{"count":0,"href":"https:\/\/aconteceunovale.com.br\/portal\/index.php?rest_route=\/wp\/v2\/posts\/57623\/revisions"}],"wp:featuredmedia":[{"embeddable":true,"href":"https:\/\/aconteceunovale.com.br\/portal\/index.php?rest_route=\/wp\/v2\/media\/12113"}],"wp:attachment":[{"href":"https:\/\/aconteceunovale.com.br\/portal\/index.php?rest_route=%2Fwp%2Fv2%2Fmedia&parent=57623"}],"wp:term":[{"taxonomy":"category","embeddable":true,"href":"https:\/\/aconteceunovale.com.br\/portal\/index.php?rest_route=%2Fwp%2Fv2%2Fcategories&post=57623"},{"taxonomy":"post_tag","embeddable":true,"href":"https:\/\/aconteceunovale.com.br\/portal\/index.php?rest_route=%2Fwp%2Fv2%2Ftags&post=57623"}],"curies":[{"name":"wp","href":"https:\/\/api.w.org\/{rel}","templated":true}]}}