{"id":57565,"date":"2015-04-18T14:51:42","date_gmt":"2015-04-18T17:51:42","guid":{"rendered":"http:\/\/aconteceunovale.com.br\/portal\/?p=57565"},"modified":"2015-04-18T14:51:42","modified_gmt":"2015-04-18T17:51:42","slug":"corpo-de-taxista-desaparecido-e-encontrado-na-zona-da-mata","status":"publish","type":"post","link":"https:\/\/aconteceunovale.com.br\/portal\/?p=57565","title":{"rendered":"Corpo de taxista desaparecido \u00e9 encontrado na Zona da Mata"},"content":{"rendered":"<h4><strong><em>Jos\u00e9 Ari Moreira da Silva, de 64 anos, saiu de Mira\u00ed para fazer uma viagem de t\u00e1xi at\u00e9 Muria\u00e9, na \u00faltima ter\u00e7a-feira (14), e n\u00e3o voltou.<\/em><\/strong><\/h4>\n<p>Desaparecido desde a \u00faltima ter\u00e7a-feira, o corpo do taxista Jos\u00e9 Ari Moreira da Silva, 64, foi encontrado por familiares na manh\u00e3 deste s\u00e1bado (18) em Muria\u00e9, na Zona da Mata. Eles faziam busca por conta pr\u00f3pria quando encontraram o cad\u00e1ver do idoso.<\/p>\n<p>Segundo a Pol\u00edcia Civil, a fam\u00edlia sentiu um cheiro forte e cavou at\u00e9 chegar ao corpo, que estava enterrado no mesmo local onde o t\u00e1xi dele foi encontrado abandonado com vest\u00edgios de sangue. A Pol\u00edcia Civil trabalha com a suspeita de latroc\u00ednio, ou seja, roubo seguido de morte.<\/p>\n<p>O corpo foi encaminhado para o Instituto M\u00e9dico legal (IML) de Muria\u00e9, onde vai passar por exames. O laudo deve sair em at\u00e9 dez dias.<\/p>\n<p>Jos\u00e9 Ari Moreira da Silva saiu de Mira\u00ed na \u00faltima ter\u00e7a-feira (14) para fazer uma viagem de t\u00e1xi at\u00e9 Muria\u00e9, mas n\u00e3o retornou. No dia seguinte, o carro dele foi encontrado abandonado no bairro Alto do Castelo, em Muria\u00e9. De acordo com a Pol\u00edcia Militar (PM), havia vest\u00edgios de sangue no interior e exterior do ve\u00edculo e roupas espalhadas pela estrada.<\/p>\n<p><img decoding=\"async\" src=\"http:\/\/aconteceunovale.com.br\/portal\/wp-content\/uploads\/2015\/04\/taxista_mirai.jpg\" alt=\"\" \/><em>Corpo foi encontrado em Muria\u00e9, na Zona da Mata &#8211; Foto: Silvan Alves \/ Divulga\u00e7\u00e3o<\/em><br \/>\n<\/br><\/p>\n<p><strong><em>(Fonte: Jornal O Tempo)<\/em><\/strong><\/p>\n","protected":false},"excerpt":{"rendered":"<p>Jos\u00e9 Ari Moreira da Silva, de 64 anos, saiu de Mira\u00ed para fazer uma viagem de t\u00e1xi at\u00e9 Muria\u00e9, na \u00faltima ter\u00e7a-feira (14), e n\u00e3o voltou. Desaparecido desde a \u00faltima ter\u00e7a-feira, o corpo do taxista Jos\u00e9 Ari Moreira da Silva, 64, foi encontrado por familiares na manh\u00e3 deste s\u00e1bado (18) em Muria\u00e9, na Zona da [&hellip;]<\/p>\n","protected":false},"author":1,"featured_media":57567,"comment_status":"open","ping_status":"closed","sticky":false,"template":"","format":"standard","meta":{"amp_status":"","footnotes":""},"categories":[123],"tags":[42110,42111,42113,1603,1502,42112],"class_list":["post-57565","post","type-post","status-publish","format-standard","has-post-thumbnail","hentry","category-gerais","tag-corpo-de-taxista-desaparecido-e-encontrado-em-muriae","tag-corpo-de-taxista-desaparecido-e-encontrado-na-zona-da-mata","tag-jose-ari-moreira-da-silva","tag-mirai","tag-muriae","tag-taxista-jose-ari-moreira-da-silva"],"yoast_head":"<!-- This site is optimized with the Yoast SEO plugin v28.3 - https:\/\/yoast.com\/product\/yoast-seo-wordpress\/ -->\n<title>Corpo de taxista desaparecido \u00e9 encontrado na Zona da Mata - Aconteceu no Vale<\/title>\n<meta name=\"robots\" content=\"index, follow, max-snippet:-1, max-image-preview:large, max-video-preview:-1\" \/>\n<link rel=\"canonical\" href=\"https:\/\/aconteceunovale.com.br\/portal\/?p=57565\" \/>\n<meta property=\"og:locale\" content=\"pt_BR\" \/>\n<meta property=\"og:type\" content=\"article\" \/>\n<meta property=\"og:title\" content=\"Corpo de taxista desaparecido \u00e9 encontrado na Zona da Mata - Aconteceu no Vale\" \/>\n<meta property=\"og:description\" content=\"Jos\u00e9 Ari Moreira da Silva, de 64 anos, saiu de Mira\u00ed para fazer uma viagem de t\u00e1xi at\u00e9 Muria\u00e9, na \u00faltima ter\u00e7a-feira (14), e n\u00e3o voltou. Desaparecido desde a \u00faltima ter\u00e7a-feira, o corpo do taxista Jos\u00e9 Ari Moreira da Silva, 64, foi encontrado por familiares na manh\u00e3 deste s\u00e1bado (18) em Muria\u00e9, na Zona da [&hellip;]\" \/>\n<meta property=\"og:url\" content=\"https:\/\/aconteceunovale.com.br\/portal\/?p=57565\" \/>\n<meta property=\"og:site_name\" content=\"Aconteceu no Vale\" \/>\n<meta property=\"article:publisher\" content=\"https:\/\/www.facebook.com\/aconteceunovale\/\" \/>\n<meta property=\"article:published_time\" content=\"2015-04-18T17:51:42+00:00\" \/>\n<meta property=\"og:image\" content=\"https:\/\/aconteceunovale.com.br\/portal\/wp-content\/uploads\/2015\/04\/taxista_mirai.jpg\" \/>\n\t<meta property=\"og:image:width\" content=\"678\" \/>\n\t<meta property=\"og:image:height\" content=\"408\" \/>\n\t<meta property=\"og:image:type\" content=\"image\/jpeg\" \/>\n<meta name=\"author\" content=\"Aconteceu no Vale\" \/>\n<meta name=\"twitter:card\" content=\"summary_large_image\" \/>\n<meta name=\"twitter:creator\" content=\"@noticiadosvales\" \/>\n<meta name=\"twitter:site\" content=\"@noticiadosvales\" \/>\n<meta name=\"twitter:label1\" content=\"Escrito por\" \/>\n\t<meta name=\"twitter:data1\" content=\"Aconteceu no Vale\" \/>\n\t<meta name=\"twitter:label2\" content=\"Est. tempo de leitura\" \/>\n\t<meta name=\"twitter:data2\" content=\"1 minuto\" \/>\n<script type=\"application\/ld+json\" class=\"yoast-schema-graph\">{\"@context\":\"https:\\\/\\\/schema.org\",\"@graph\":[{\"@type\":\"Article\",\"@id\":\"https:\\\/\\\/aconteceunovale.com.br\\\/portal\\\/?p=57565#article\",\"isPartOf\":{\"@id\":\"https:\\\/\\\/aconteceunovale.com.br\\\/portal\\\/?p=57565\"},\"author\":{\"name\":\"Aconteceu no Vale\",\"@id\":\"https:\\\/\\\/aconteceunovale.com.br\\\/portal\\\/#\\\/schema\\\/person\\\/633529146f2c94272bef50ac2953d589\"},\"headline\":\"Corpo de taxista desaparecido \u00e9 encontrado na Zona da Mata\",\"datePublished\":\"2015-04-18T17:51:42+00:00\",\"mainEntityOfPage\":{\"@id\":\"https:\\\/\\\/aconteceunovale.com.br\\\/portal\\\/?p=57565\"},\"wordCount\":245,\"commentCount\":0,\"image\":{\"@id\":\"https:\\\/\\\/aconteceunovale.com.br\\\/portal\\\/?p=57565#primaryimage\"},\"thumbnailUrl\":\"https:\\\/\\\/aconteceunovale.com.br\\\/portal\\\/wp-content\\\/uploads\\\/2015\\\/04\\\/taxista_mirai.jpg\",\"keywords\":[\"Corpo de taxista desaparecido \u00e9 encontrado em Muria\u00e9\",\"Corpo de taxista desaparecido \u00e9 encontrado na Zona da Mata\",\"Jos\u00e9 Ari Moreira da Silva\",\"Mira\u00ed\",\"Muria\u00e9\",\"taxista Jos\u00e9 Ari Moreira da Silva\"],\"articleSection\":[\"Minas Gerais\"],\"inLanguage\":\"pt-BR\",\"potentialAction\":[{\"@type\":\"CommentAction\",\"name\":\"Comment\",\"target\":[\"https:\\\/\\\/aconteceunovale.com.br\\\/portal\\\/?p=57565#respond\"]}]},{\"@type\":\"WebPage\",\"@id\":\"https:\\\/\\\/aconteceunovale.com.br\\\/portal\\\/?p=57565\",\"url\":\"https:\\\/\\\/aconteceunovale.com.br\\\/portal\\\/?p=57565\",\"name\":\"Corpo de taxista desaparecido \u00e9 encontrado na Zona da Mata - Aconteceu no Vale\",\"isPartOf\":{\"@id\":\"https:\\\/\\\/aconteceunovale.com.br\\\/portal\\\/#website\"},\"primaryImageOfPage\":{\"@id\":\"https:\\\/\\\/aconteceunovale.com.br\\\/portal\\\/?p=57565#primaryimage\"},\"image\":{\"@id\":\"https:\\\/\\\/aconteceunovale.com.br\\\/portal\\\/?p=57565#primaryimage\"},\"thumbnailUrl\":\"https:\\\/\\\/aconteceunovale.com.br\\\/portal\\\/wp-content\\\/uploads\\\/2015\\\/04\\\/taxista_mirai.jpg\",\"datePublished\":\"2015-04-18T17:51:42+00:00\",\"author\":{\"@id\":\"https:\\\/\\\/aconteceunovale.com.br\\\/portal\\\/#\\\/schema\\\/person\\\/633529146f2c94272bef50ac2953d589\"},\"breadcrumb\":{\"@id\":\"https:\\\/\\\/aconteceunovale.com.br\\\/portal\\\/?p=57565#breadcrumb\"},\"inLanguage\":\"pt-BR\",\"potentialAction\":[{\"@type\":\"ReadAction\",\"target\":[\"https:\\\/\\\/aconteceunovale.com.br\\\/portal\\\/?p=57565\"]}]},{\"@type\":\"ImageObject\",\"inLanguage\":\"pt-BR\",\"@id\":\"https:\\\/\\\/aconteceunovale.com.br\\\/portal\\\/?p=57565#primaryimage\",\"url\":\"https:\\\/\\\/aconteceunovale.com.br\\\/portal\\\/wp-content\\\/uploads\\\/2015\\\/04\\\/taxista_mirai.jpg\",\"contentUrl\":\"https:\\\/\\\/aconteceunovale.com.br\\\/portal\\\/wp-content\\\/uploads\\\/2015\\\/04\\\/taxista_mirai.jpg\",\"width\":678,\"height\":408},{\"@type\":\"BreadcrumbList\",\"@id\":\"https:\\\/\\\/aconteceunovale.com.br\\\/portal\\\/?p=57565#breadcrumb\",\"itemListElement\":[{\"@type\":\"ListItem\",\"position\":1,\"name\":\"In\u00edcio\",\"item\":\"https:\\\/\\\/aconteceunovale.com.br\\\/portal\\\/\"},{\"@type\":\"ListItem\",\"position\":2,\"name\":\"Corpo de taxista desaparecido \u00e9 encontrado na Zona da Mata\"}]},{\"@type\":\"WebSite\",\"@id\":\"https:\\\/\\\/aconteceunovale.com.br\\\/portal\\\/#website\",\"url\":\"https:\\\/\\\/aconteceunovale.com.br\\\/portal\\\/\",\"name\":\"Aconteceu no Vale\",\"description\":\"Portal de Not\u00edcias\",\"potentialAction\":[{\"@type\":\"SearchAction\",\"target\":{\"@type\":\"EntryPoint\",\"urlTemplate\":\"https:\\\/\\\/aconteceunovale.com.br\\\/portal\\\/?s={search_term_string}\"},\"query-input\":{\"@type\":\"PropertyValueSpecification\",\"valueRequired\":true,\"valueName\":\"search_term_string\"}}],\"inLanguage\":\"pt-BR\"},{\"@type\":\"Person\",\"@id\":\"https:\\\/\\\/aconteceunovale.com.br\\\/portal\\\/#\\\/schema\\\/person\\\/633529146f2c94272bef50ac2953d589\",\"name\":\"Aconteceu no Vale\",\"description\":\"Equipe de reportagem do Aconteceu no Vale, portal de not\u00edcias do Vale do Jequitinhonha, em Minas Gerais. Cobrimos as 51 cidades do Vale desde 2013. Sugest\u00f5es de pauta e pedidos de corre\u00e7\u00e3o: contato@aconteceunovale.com.br\",\"sameAs\":[\"http:\\\/\\\/www.aconteceunovale.com.br\"],\"url\":\"https:\\\/\\\/aconteceunovale.com.br\\\/portal\\\/?author=1\"}]}<\/script>\n<!-- \/ Yoast SEO plugin. -->","yoast_head_json":{"title":"Corpo de taxista desaparecido \u00e9 encontrado na Zona da Mata - Aconteceu no Vale","robots":{"index":"index","follow":"follow","max-snippet":"max-snippet:-1","max-image-preview":"max-image-preview:large","max-video-preview":"max-video-preview:-1"},"canonical":"https:\/\/aconteceunovale.com.br\/portal\/?p=57565","og_locale":"pt_BR","og_type":"article","og_title":"Corpo de taxista desaparecido \u00e9 encontrado na Zona da Mata - Aconteceu no Vale","og_description":"Jos\u00e9 Ari Moreira da Silva, de 64 anos, saiu de Mira\u00ed para fazer uma viagem de t\u00e1xi at\u00e9 Muria\u00e9, na \u00faltima ter\u00e7a-feira (14), e n\u00e3o voltou. Desaparecido desde a \u00faltima ter\u00e7a-feira, o corpo do taxista Jos\u00e9 Ari Moreira da Silva, 64, foi encontrado por familiares na manh\u00e3 deste s\u00e1bado (18) em Muria\u00e9, na Zona da [&hellip;]","og_url":"https:\/\/aconteceunovale.com.br\/portal\/?p=57565","og_site_name":"Aconteceu no Vale","article_publisher":"https:\/\/www.facebook.com\/aconteceunovale\/","article_published_time":"2015-04-18T17:51:42+00:00","og_image":[{"width":678,"height":408,"url":"https:\/\/aconteceunovale.com.br\/portal\/wp-content\/uploads\/2015\/04\/taxista_mirai.jpg","type":"image\/jpeg"}],"author":"Aconteceu no Vale","twitter_card":"summary_large_image","twitter_creator":"@noticiadosvales","twitter_site":"@noticiadosvales","twitter_misc":{"Escrito por":"Aconteceu no Vale","Est. tempo de leitura":"1 minuto"},"schema":{"@context":"https:\/\/schema.org","@graph":[{"@type":"Article","@id":"https:\/\/aconteceunovale.com.br\/portal\/?p=57565#article","isPartOf":{"@id":"https:\/\/aconteceunovale.com.br\/portal\/?p=57565"},"author":{"name":"Aconteceu no Vale","@id":"https:\/\/aconteceunovale.com.br\/portal\/#\/schema\/person\/633529146f2c94272bef50ac2953d589"},"headline":"Corpo de taxista desaparecido \u00e9 encontrado na Zona da Mata","datePublished":"2015-04-18T17:51:42+00:00","mainEntityOfPage":{"@id":"https:\/\/aconteceunovale.com.br\/portal\/?p=57565"},"wordCount":245,"commentCount":0,"image":{"@id":"https:\/\/aconteceunovale.com.br\/portal\/?p=57565#primaryimage"},"thumbnailUrl":"https:\/\/aconteceunovale.com.br\/portal\/wp-content\/uploads\/2015\/04\/taxista_mirai.jpg","keywords":["Corpo de taxista desaparecido \u00e9 encontrado em Muria\u00e9","Corpo de taxista desaparecido \u00e9 encontrado na Zona da Mata","Jos\u00e9 Ari Moreira da Silva","Mira\u00ed","Muria\u00e9","taxista Jos\u00e9 Ari Moreira da Silva"],"articleSection":["Minas Gerais"],"inLanguage":"pt-BR","potentialAction":[{"@type":"CommentAction","name":"Comment","target":["https:\/\/aconteceunovale.com.br\/portal\/?p=57565#respond"]}]},{"@type":"WebPage","@id":"https:\/\/aconteceunovale.com.br\/portal\/?p=57565","url":"https:\/\/aconteceunovale.com.br\/portal\/?p=57565","name":"Corpo de taxista desaparecido \u00e9 encontrado na Zona da Mata - Aconteceu no Vale","isPartOf":{"@id":"https:\/\/aconteceunovale.com.br\/portal\/#website"},"primaryImageOfPage":{"@id":"https:\/\/aconteceunovale.com.br\/portal\/?p=57565#primaryimage"},"image":{"@id":"https:\/\/aconteceunovale.com.br\/portal\/?p=57565#primaryimage"},"thumbnailUrl":"https:\/\/aconteceunovale.com.br\/portal\/wp-content\/uploads\/2015\/04\/taxista_mirai.jpg","datePublished":"2015-04-18T17:51:42+00:00","author":{"@id":"https:\/\/aconteceunovale.com.br\/portal\/#\/schema\/person\/633529146f2c94272bef50ac2953d589"},"breadcrumb":{"@id":"https:\/\/aconteceunovale.com.br\/portal\/?p=57565#breadcrumb"},"inLanguage":"pt-BR","potentialAction":[{"@type":"ReadAction","target":["https:\/\/aconteceunovale.com.br\/portal\/?p=57565"]}]},{"@type":"ImageObject","inLanguage":"pt-BR","@id":"https:\/\/aconteceunovale.com.br\/portal\/?p=57565#primaryimage","url":"https:\/\/aconteceunovale.com.br\/portal\/wp-content\/uploads\/2015\/04\/taxista_mirai.jpg","contentUrl":"https:\/\/aconteceunovale.com.br\/portal\/wp-content\/uploads\/2015\/04\/taxista_mirai.jpg","width":678,"height":408},{"@type":"BreadcrumbList","@id":"https:\/\/aconteceunovale.com.br\/portal\/?p=57565#breadcrumb","itemListElement":[{"@type":"ListItem","position":1,"name":"In\u00edcio","item":"https:\/\/aconteceunovale.com.br\/portal\/"},{"@type":"ListItem","position":2,"name":"Corpo de taxista desaparecido \u00e9 encontrado na Zona da Mata"}]},{"@type":"WebSite","@id":"https:\/\/aconteceunovale.com.br\/portal\/#website","url":"https:\/\/aconteceunovale.com.br\/portal\/","name":"Aconteceu no Vale","description":"Portal de Not\u00edcias","potentialAction":[{"@type":"SearchAction","target":{"@type":"EntryPoint","urlTemplate":"https:\/\/aconteceunovale.com.br\/portal\/?s={search_term_string}"},"query-input":{"@type":"PropertyValueSpecification","valueRequired":true,"valueName":"search_term_string"}}],"inLanguage":"pt-BR"},{"@type":"Person","@id":"https:\/\/aconteceunovale.com.br\/portal\/#\/schema\/person\/633529146f2c94272bef50ac2953d589","name":"Aconteceu no Vale","description":"Equipe de reportagem do Aconteceu no Vale, portal de not\u00edcias do Vale do Jequitinhonha, em Minas Gerais. Cobrimos as 51 cidades do Vale desde 2013. Sugest\u00f5es de pauta e pedidos de corre\u00e7\u00e3o: contato@aconteceunovale.com.br","sameAs":["http:\/\/www.aconteceunovale.com.br"],"url":"https:\/\/aconteceunovale.com.br\/portal\/?author=1"}]}},"_links":{"self":[{"href":"https:\/\/aconteceunovale.com.br\/portal\/index.php?rest_route=\/wp\/v2\/posts\/57565","targetHints":{"allow":["GET"]}}],"collection":[{"href":"https:\/\/aconteceunovale.com.br\/portal\/index.php?rest_route=\/wp\/v2\/posts"}],"about":[{"href":"https:\/\/aconteceunovale.com.br\/portal\/index.php?rest_route=\/wp\/v2\/types\/post"}],"author":[{"embeddable":true,"href":"https:\/\/aconteceunovale.com.br\/portal\/index.php?rest_route=\/wp\/v2\/users\/1"}],"replies":[{"embeddable":true,"href":"https:\/\/aconteceunovale.com.br\/portal\/index.php?rest_route=%2Fwp%2Fv2%2Fcomments&post=57565"}],"version-history":[{"count":0,"href":"https:\/\/aconteceunovale.com.br\/portal\/index.php?rest_route=\/wp\/v2\/posts\/57565\/revisions"}],"wp:featuredmedia":[{"embeddable":true,"href":"https:\/\/aconteceunovale.com.br\/portal\/index.php?rest_route=\/wp\/v2\/media\/57567"}],"wp:attachment":[{"href":"https:\/\/aconteceunovale.com.br\/portal\/index.php?rest_route=%2Fwp%2Fv2%2Fmedia&parent=57565"}],"wp:term":[{"taxonomy":"category","embeddable":true,"href":"https:\/\/aconteceunovale.com.br\/portal\/index.php?rest_route=%2Fwp%2Fv2%2Fcategories&post=57565"},{"taxonomy":"post_tag","embeddable":true,"href":"https:\/\/aconteceunovale.com.br\/portal\/index.php?rest_route=%2Fwp%2Fv2%2Ftags&post=57565"}],"curies":[{"name":"wp","href":"https:\/\/api.w.org\/{rel}","templated":true}]}}