{"id":57549,"date":"2015-04-18T14:07:59","date_gmt":"2015-04-18T17:07:59","guid":{"rendered":"http:\/\/aconteceunovale.com.br\/portal\/?p=57549"},"modified":"2015-04-18T14:07:59","modified_gmt":"2015-04-18T17:07:59","slug":"policia-militar-prende-jovem-suspeito-de-varios-assaltos-em-aracuai","status":"publish","type":"post","link":"https:\/\/aconteceunovale.com.br\/portal\/?p=57549","title":{"rendered":"Pol\u00edcia Militar prende jovem suspeito de v\u00e1rios assaltos em Ara\u00e7ua\u00ed"},"content":{"rendered":"<h4><strong><em>De acordo com a PM, ele confessou tr\u00eas assaltos. Jovem estava com um rev\u00f3lver no momento da pris\u00e3o.<\/em><\/strong><\/h4>\n<p>A Pol\u00edcia Militar de Ara\u00e7ua\u00ed, no Vale do Jequitinhonha, intensificou a\u00e7\u00f5es preventivas e repressivas, ap\u00f3s uma onde de assaltos na cidade. Na noite de ter\u00e7a-feira (14) foi preso Douglas Ramalho Costa, de 22 anos Ele tentou fugir da abordagem policial, mas acabou sendo preso em um bairro da cidade. <\/p>\n<p>O jovem portava um revolver calibre 22, que de acordo com a Pol\u00edcia Militar, foi usado na pr\u00e1tica de pelo menos tr\u00eas assaltos na noite de 10 de abril. Ele confessou os crimes.<\/p>\n<p>Segundo o Tenente Gilam\u00e1rcio Silva Rocha, com a a\u00e7\u00e3o, a Pol\u00edcia Militar espera obter uma redu\u00e7\u00e3o dos assaltos. \u201cVamos continuar combatendo este tipo de crime na cidade, e esperamos que os autores sejam punidos com o rigor da lei\u201d, afirmou o policial.<\/p>\n<p>De acordo com ele, a pris\u00e3o de Douglas proporcionar\u00e1 a apura\u00e7\u00e3o dos roubos e quem sabe recuperar os bens roubados das v\u00edtimas. O autor foi levado para a Delegacia de Pol\u00edcia e autuado por porte ilegal de arma.<\/p>\n<p><img decoding=\"async\" src=\"http:\/\/aconteceunovale.com.br\/portal\/wp-content\/uploads\/2015\/04\/assaltante_ara.jpg\" alt=\"\" \/><em>Douglas Ramalho tentou fugir da abordagem policial &#8211; Foto: Divulga\u00e7\u00e3o \/ Pol\u00edcia Militar<\/em><br \/>\n<\/br><\/p>\n<p>(Fonte: Gazeta de Ara\u00e7ua\u00ed)<\/p>\n","protected":false},"excerpt":{"rendered":"<p>De acordo com a PM, ele confessou tr\u00eas assaltos. Jovem estava com um rev\u00f3lver no momento da pris\u00e3o. A Pol\u00edcia Militar de Ara\u00e7ua\u00ed, no Vale do Jequitinhonha, intensificou a\u00e7\u00f5es preventivas e repressivas, ap\u00f3s uma onde de assaltos na cidade. Na noite de ter\u00e7a-feira (14) foi preso Douglas Ramalho Costa, de 22 anos Ele tentou fugir [&hellip;]<\/p>\n","protected":false},"author":1,"featured_media":57550,"comment_status":"open","ping_status":"closed","sticky":false,"template":"","format":"standard","meta":{"amp_status":"","footnotes":""},"categories":[120],"tags":[186,42102,42101,42104,42103],"class_list":["post-57549","post","type-post","status-publish","format-standard","has-post-thumbnail","hentry","category-jequi","tag-aracuai","tag-assaltos-aracuai","tag-douglas-ramalho-costa","tag-policia-militar-prende-jovem-suspeito-de-varios-assaltos-em-aracuai","tag-prisao-de-assaltante-de-aracuai"],"_links":{"self":[{"href":"https:\/\/aconteceunovale.com.br\/portal\/index.php?rest_route=\/wp\/v2\/posts\/57549","targetHints":{"allow":["GET"]}}],"collection":[{"href":"https:\/\/aconteceunovale.com.br\/portal\/index.php?rest_route=\/wp\/v2\/posts"}],"about":[{"href":"https:\/\/aconteceunovale.com.br\/portal\/index.php?rest_route=\/wp\/v2\/types\/post"}],"author":[{"embeddable":true,"href":"https:\/\/aconteceunovale.com.br\/portal\/index.php?rest_route=\/wp\/v2\/users\/1"}],"replies":[{"embeddable":true,"href":"https:\/\/aconteceunovale.com.br\/portal\/index.php?rest_route=%2Fwp%2Fv2%2Fcomments&post=57549"}],"version-history":[{"count":0,"href":"https:\/\/aconteceunovale.com.br\/portal\/index.php?rest_route=\/wp\/v2\/posts\/57549\/revisions"}],"wp:featuredmedia":[{"embeddable":true,"href":"https:\/\/aconteceunovale.com.br\/portal\/index.php?rest_route=\/wp\/v2\/media\/57550"}],"wp:attachment":[{"href":"https:\/\/aconteceunovale.com.br\/portal\/index.php?rest_route=%2Fwp%2Fv2%2Fmedia&parent=57549"}],"wp:term":[{"taxonomy":"category","embeddable":true,"href":"https:\/\/aconteceunovale.com.br\/portal\/index.php?rest_route=%2Fwp%2Fv2%2Fcategories&post=57549"},{"taxonomy":"post_tag","embeddable":true,"href":"https:\/\/aconteceunovale.com.br\/portal\/index.php?rest_route=%2Fwp%2Fv2%2Ftags&post=57549"}],"curies":[{"name":"wp","href":"https:\/\/api.w.org\/{rel}","templated":true}]}}