{"id":57539,"date":"2015-04-18T13:42:53","date_gmt":"2015-04-18T16:42:53","guid":{"rendered":"http:\/\/aconteceunovale.com.br\/portal\/?p=57539"},"modified":"2015-04-18T13:42:53","modified_gmt":"2015-04-18T16:42:53","slug":"escritora-yvonne-silveira-morre-aos-100-anos-em-montes-claros","status":"publish","type":"post","link":"https:\/\/aconteceunovale.com.br\/portal\/?p=57539","title":{"rendered":"Escritora Yvonne Silveira morre aos 100 anos em Montes Claros"},"content":{"rendered":"<h4><strong><em>A escritora montes-clarense comemorou 100 anos em dezembro de 2014. Ela faleceu na noite desta sexta-feira (17) de fal\u00eancia m\u00faltipla dos \u00f3rg\u00e3os.<\/em><\/strong><\/h4>\n<p>A escritora montes-clarense Yvonne de Oliveira Silveira morreu aos 100 anos. Ela faleceu na noite desta sexta-feira (17) de fal\u00eancia m\u00faltipla dos \u00f3rg\u00e3os.<\/p>\n<p>Dona Yvonne, como era carinhosamente chamada, foi a fundadora e Presidente da Academina Feminina de Letras de Montes Claros. Ela participava tamb\u00e9m do Instituto Hist\u00f3rico e Geogr\u00e1fico de Montes Claros, da Academia Municipalista de Letras de Minas Gerais e da Academia de Letras, Ci\u00eancias e Artes do S\u00e3o Francisco.<\/p>\n<p>A escritora e professora comemorou os 100 anos em dezembro de 2014. Ao longo do ano, v\u00e1rias a\u00e7\u00f5es foram realizadas em homenagem \u00e0 ela. &#8220;Foram 86 ligados diretamente a cultura, s\u00f3 na presid\u00eancia da Academia estava completando quase 30 anos. Se tem uma pessoa dedicada, foi dona Yvonne&#8221;, ressaltou Wanderlindo Arruda, Presidente do Instituto Hist\u00f3rico e Geogr\u00e1fico de Montes Claros.<\/p>\n<p>O corpo de dona Yvonne Silveira est\u00e1 sendo velado no Centro Cultural Hermes de Paula em Montes Claros, desde \u00e0s 7h deste s\u00e1bado (18). O sepultamento ser\u00e1 \u00e0s 17h.<\/p>\n<p><img decoding=\"async\" src=\"http:\/\/aconteceunovale.com.br\/portal\/wp-content\/uploads\/2015\/04\/dona_yvone.jpg\" alt=\"\" \/><em>Yvonne Silveira morreu aos 100 anos (Foto: Silvana Mameluque \/ Inter TV Grande Minas)<\/em><br \/>\n<\/br><\/p>\n<p><strong><em>(Fonte: Inter TV Grande Minas)<\/em><\/strong><\/p>\n","protected":false},"excerpt":{"rendered":"<p>A escritora montes-clarense comemorou 100 anos em dezembro de 2014. Ela faleceu na noite desta sexta-feira (17) de fal\u00eancia m\u00faltipla dos \u00f3rg\u00e3os. A escritora montes-clarense Yvonne de Oliveira Silveira morreu aos 100 anos. Ela faleceu na noite desta sexta-feira (17) de fal\u00eancia m\u00faltipla dos \u00f3rg\u00e3os. Dona Yvonne, como era carinhosamente chamada, foi a fundadora e [&hellip;]<\/p>\n","protected":false},"author":1,"featured_media":57540,"comment_status":"open","ping_status":"closed","sticky":false,"template":"","format":"standard","meta":{"amp_status":"","footnotes":""},"categories":[1236],"tags":[42086,42085,42083,42090,42089,210,42088,42087,42084],"class_list":["post-57539","post","type-post","status-publish","format-standard","has-post-thumbnail","hentry","category-norte_de_minas","tag-academina-feminina-de-letras-de-montes-claros","tag-dona-yvonne","tag-escritora-montes-clarense-yvonne-de-oliveira-silveira","tag-escritora-yvonne-silveira-morre-aos-100-anos-em-montes-claros","tag-instituto-historico-e-geografico-de-montes-claros","tag-montes-claros","tag-presidente-do-instituto-historico-e-geografico-de-montes-claros","tag-wanderlindo-arruda","tag-yvonne-de-oliveira-silveira"],"_links":{"self":[{"href":"https:\/\/aconteceunovale.com.br\/portal\/index.php?rest_route=\/wp\/v2\/posts\/57539","targetHints":{"allow":["GET"]}}],"collection":[{"href":"https:\/\/aconteceunovale.com.br\/portal\/index.php?rest_route=\/wp\/v2\/posts"}],"about":[{"href":"https:\/\/aconteceunovale.com.br\/portal\/index.php?rest_route=\/wp\/v2\/types\/post"}],"author":[{"embeddable":true,"href":"https:\/\/aconteceunovale.com.br\/portal\/index.php?rest_route=\/wp\/v2\/users\/1"}],"replies":[{"embeddable":true,"href":"https:\/\/aconteceunovale.com.br\/portal\/index.php?rest_route=%2Fwp%2Fv2%2Fcomments&post=57539"}],"version-history":[{"count":0,"href":"https:\/\/aconteceunovale.com.br\/portal\/index.php?rest_route=\/wp\/v2\/posts\/57539\/revisions"}],"wp:featuredmedia":[{"embeddable":true,"href":"https:\/\/aconteceunovale.com.br\/portal\/index.php?rest_route=\/wp\/v2\/media\/57540"}],"wp:attachment":[{"href":"https:\/\/aconteceunovale.com.br\/portal\/index.php?rest_route=%2Fwp%2Fv2%2Fmedia&parent=57539"}],"wp:term":[{"taxonomy":"category","embeddable":true,"href":"https:\/\/aconteceunovale.com.br\/portal\/index.php?rest_route=%2Fwp%2Fv2%2Fcategories&post=57539"},{"taxonomy":"post_tag","embeddable":true,"href":"https:\/\/aconteceunovale.com.br\/portal\/index.php?rest_route=%2Fwp%2Fv2%2Ftags&post=57539"}],"curies":[{"name":"wp","href":"https:\/\/api.w.org\/{rel}","templated":true}]}}