{"id":57438,"date":"2015-04-16T22:00:12","date_gmt":"2015-04-17T01:00:12","guid":{"rendered":"http:\/\/aconteceunovale.com.br\/portal\/?p=57438"},"modified":"2015-04-16T22:00:12","modified_gmt":"2015-04-17T01:00:12","slug":"tecnicos-do-cisrun-representam-o-norte-de-minas-em-congresso-no-parana","status":"publish","type":"post","link":"https:\/\/aconteceunovale.com.br\/portal\/?p=57438","title":{"rendered":"T\u00e9cnicos do Cisrun representam o Norte de Minas em congresso no Paran\u00e1"},"content":{"rendered":"<h4><strong><em>Com o tema \u201cGest\u00e3o do SUS e o Modelo de Aten\u00e7\u00e3o \u00e0 Sa\u00fade: os Munic\u00edpios e as Solu\u00e7\u00f5es\u201d, o encontro re\u00fane gestores e profissionais de sa\u00fade de dez estados brasileiros at\u00e9 sexta-feira, 17\/04<\/em><\/strong><\/h4>\n<p>T\u00e9cnicos do Cons\u00f3rcio Intermunicipal de Sa\u00fade da Rede de Urg\u00eancia do Norte de Minas (Cisrun) est\u00e3o participando do I Congresso das Secretarias Municipais de Sa\u00fade das Regi\u00f5es Centro-Oeste, Sudeste e Sul, que est\u00e1 sendo realizado no per\u00edodo de 15 a 17 de abril, em Foz do Igua\u00e7u, no Paran\u00e1.<\/p>\n<p><img decoding=\"async\" src=\"http:\/\/aconteceunovale.com.br\/portal\/wp-content\/uploads\/2015\/04\/congresso_samu_1.jpg\" alt=\"\" \/><em>T\u00e9cnicos do Cisrun representam o Norte de MG em congresso no PR &#8211; Foto: Ascom \/ Samu Macro Norte<\/em><br \/>\n<\/br><\/p>\n<p>Com o tema \u201cGest\u00e3o do SUS e o Modelo de Aten\u00e7\u00e3o \u00e0 Sa\u00fade: os Munic\u00edpios e as Solu\u00e7\u00f5es\u201d, o Congresso re\u00fane gestores e profissionais de sa\u00fade de dez estados brasileiros das tr\u00eas regi\u00f5es envolvidas, com o prop\u00f3sito de discutir necessidades e avan\u00e7os rumo a um processo de regionaliza\u00e7\u00e3o negociado.<\/p>\n<p>De acordo com a assessora de diretoria do Cisrun, Patr\u00edcia Guimar\u00e3es, na abertura do evento, o ministro da Sa\u00fade, Arthur Chioro, ressaltou a necessidade de avaliar a real situa\u00e7\u00e3o das micro e macrorregi\u00f5es numa perspectiva t\u00e9cnica que possibilite a concep\u00e7\u00e3o de um plano regional, com fluxos e monitoramento das pactua\u00e7\u00f5es e refer\u00eancias, no sentido de buscar uma atua\u00e7\u00e3o mais resolutiva na promo\u00e7\u00e3o das pol\u00edticas p\u00fablicas de sa\u00fade. \u201cEst\u00e1 sendo um momento importante de compartilhamento de experi\u00eancias, que certamente ir\u00e1 contribuir para a gest\u00e3o do nosso cons\u00f3rcio, que abrange uma regi\u00e3o t\u00e3o grande e com muitos vazios assistenciais\u201d, pondera.<\/p>\n<p>O Cisrun integra 86 munic\u00edpios e \u00e9 respons\u00e1vel pela gest\u00e3o do Servi\u00e7o de Atendimento M\u00f3vel de Urg\u00eancia (SAMU) na regi\u00e3o Norte de Minas, assistindo uma popula\u00e7\u00e3o de mais de 1,5 milh\u00e3o de pessoas.<\/p>\n<p><img decoding=\"async\" src=\"http:\/\/aconteceunovale.com.br\/portal\/wp-content\/uploads\/2015\/04\/congresso_samu_2.jpg\" alt=\"\" \/><em>Patricia Guimar\u00e3es e Edinardo Rodrigues, representantes do Cisrun &#8211; Foto: Ascom \/ Samu Macro Norte<\/em><br \/>\n<\/br><\/p>\n<p><strong>O CONGRESSO<\/strong><\/p>\n<p>A programa\u00e7\u00e3o do Congresso privilegia temas como modelos de aten\u00e7\u00e3o a sa\u00fade e a constru\u00e7\u00e3o de redes de aten\u00e7\u00e3o e continuidade do cuidado. Durante os tr\u00eas dias est\u00e3o sendo realizadas palestras tem\u00e1ticas e oficinas ministradas por profissionais de express\u00e3o nacional, rodas de conversa e mostra de experi\u00eancias dos 10 Colegiados de Secret\u00e1rios de Municipais de Sa\u00fade (Cosems) que comp\u00f5em as regi\u00f5es referidas, promovendo a participa\u00e7\u00e3o efetiva dos munic\u00edpios.<\/p>\n<p>O diretor executivo do Cisrun, que tamb\u00e9m \u00e9 vice-presidente do Colegiado dos Secret\u00e1rios Executivos dos Cons\u00f3rcios Intermunicipais de Sa\u00fade de Minas Gerais (Cosecs), Edinardo Rodrigues Lopes, e est\u00e1 participando do evento, ressalta a import\u00e2ncia do compartilhamento de experi\u00eancias e conhecimento. \u201cO congresso conta com a participa\u00e7\u00e3o de secret\u00e1rios, prestadores de servi\u00e7os de sa\u00fade contratualizados e por meio de entidades filantr\u00f3picas e por cons\u00f3rcios, universidades e sociedade em geral, e a possibilidade de constru\u00e7\u00e3o a partir do compartilhamento de experi\u00eancias entre esse p\u00fablico \u00e9 muito rica, por isso a import\u00e2ncia do Norte de Minas estar representado, atrav\u00e9s do Cisrun\u201d, avalia.<\/p>\n<p>Os estados representados no Congresso Regional s\u00e3o Goi\u00e1s, Mato Grosso, Mato Grosso do Sul, Minas Gerais, Esp\u00edrito Santo, S\u00e3o Paulo, Rio de Janeiro, Paran\u00e1, Santa Catarina e Rio Grande do Sul. A organiza\u00e7\u00e3o \u00e9 compartilhada pelos Conselhos Estaduais e Nacional de Secretarias Municipais de Sa\u00fade. A Secretaria de Estado da Sa\u00fade do Paran\u00e1 e a Organiza\u00e7\u00e3o Pan-Americana da Sa\u00fade s\u00e3o apoiadores do evento. (Jer\u00fasia Arruda)<\/p>\n","protected":false},"excerpt":{"rendered":"<p>Com o tema \u201cGest\u00e3o do SUS e o Modelo de Aten\u00e7\u00e3o \u00e0 Sa\u00fade: os Munic\u00edpios e as Solu\u00e7\u00f5es\u201d, o encontro re\u00fane gestores e profissionais de sa\u00fade de dez estados brasileiros at\u00e9 sexta-feira, 17\/04 T\u00e9cnicos do Cons\u00f3rcio Intermunicipal de Sa\u00fade da Rede de Urg\u00eancia do Norte de Minas (Cisrun) est\u00e3o participando do I Congresso das Secretarias [&hellip;]<\/p>\n","protected":false},"author":1,"featured_media":57439,"comment_status":"open","ping_status":"closed","sticky":false,"template":"","format":"standard","meta":{"amp_status":"","footnotes":""},"categories":[1236],"tags":[41945,22050,22051,41944,41943,41946,41942],"class_list":["post-57438","post","type-post","status-publish","format-standard","has-post-thumbnail","hentry","category-norte_de_minas","tag-assessora-de-diretoria-do-cisrun","tag-cisrun","tag-consorcio-intermunicipal-de-saude-da-rede-de-urgencia-do-norte-de-minas","tag-foz-do-iguacu","tag-i-congresso-das-secretarias-municipais-de-saude","tag-patricia-guimaraes","tag-tecnicos-do-cisrun-representam-o-norte-de-minas-em-congresso-no-parana"],"_links":{"self":[{"href":"https:\/\/aconteceunovale.com.br\/portal\/index.php?rest_route=\/wp\/v2\/posts\/57438","targetHints":{"allow":["GET"]}}],"collection":[{"href":"https:\/\/aconteceunovale.com.br\/portal\/index.php?rest_route=\/wp\/v2\/posts"}],"about":[{"href":"https:\/\/aconteceunovale.com.br\/portal\/index.php?rest_route=\/wp\/v2\/types\/post"}],"author":[{"embeddable":true,"href":"https:\/\/aconteceunovale.com.br\/portal\/index.php?rest_route=\/wp\/v2\/users\/1"}],"replies":[{"embeddable":true,"href":"https:\/\/aconteceunovale.com.br\/portal\/index.php?rest_route=%2Fwp%2Fv2%2Fcomments&post=57438"}],"version-history":[{"count":0,"href":"https:\/\/aconteceunovale.com.br\/portal\/index.php?rest_route=\/wp\/v2\/posts\/57438\/revisions"}],"wp:featuredmedia":[{"embeddable":true,"href":"https:\/\/aconteceunovale.com.br\/portal\/index.php?rest_route=\/wp\/v2\/media\/57439"}],"wp:attachment":[{"href":"https:\/\/aconteceunovale.com.br\/portal\/index.php?rest_route=%2Fwp%2Fv2%2Fmedia&parent=57438"}],"wp:term":[{"taxonomy":"category","embeddable":true,"href":"https:\/\/aconteceunovale.com.br\/portal\/index.php?rest_route=%2Fwp%2Fv2%2Fcategories&post=57438"},{"taxonomy":"post_tag","embeddable":true,"href":"https:\/\/aconteceunovale.com.br\/portal\/index.php?rest_route=%2Fwp%2Fv2%2Ftags&post=57438"}],"curies":[{"name":"wp","href":"https:\/\/api.w.org\/{rel}","templated":true}]}}