{"id":57435,"date":"2015-04-16T21:52:51","date_gmt":"2015-04-17T00:52:51","guid":{"rendered":"http:\/\/aconteceunovale.com.br\/portal\/?p=57435"},"modified":"2015-04-16T21:52:51","modified_gmt":"2015-04-17T00:52:51","slug":"cemig-informa-funcionamento-das-agencias-e-previsao-do-tempo-para-o-feriado-de-tiradentes","status":"publish","type":"post","link":"https:\/\/aconteceunovale.com.br\/portal\/?p=57435","title":{"rendered":"Cemig informa funcionamento das ag\u00eancias e previs\u00e3o do tempo para o feriado de Tiradentes"},"content":{"rendered":"<p>A Companhia Energ\u00e9tica de Minas Gerais \u2013 Cemig informa que, em virtude do Dia de Tiradentes, as ag\u00eancias e postos de atendimento da Empresa n\u00e3o funcionar\u00e3o na pr\u00f3xima ter\u00e7a-feira (21\/4).<\/p>\n<p>Nesse dia, a Cemig orienta que os clientes solicitem servi\u00e7os e realizem opera\u00e7\u00f5es nos demais canais de relacionamento da Concession\u00e1ria, como a ag\u00eancia virtual, as redes sociais, e o telefone \u2013 todos oferecem diversos servi\u00e7os e informa\u00e7\u00f5es sem qualquer custo.<\/p>\n<p>A Ag\u00eancia Virtual (<a href=\"http:\/\/www.cemig.com.br\/atendimento\" target=\"_blank\">www.cemig.com.br\/atendimento<\/a>) disponibiliza servi\u00e7os e informa\u00e7\u00f5es, com conforto, seguran\u00e7a e comodidade, sem a necessidade de sair de casa.<\/p>\n<p>As redes sociais s\u00e3o outra op\u00e7\u00e3o disponibilizada pela Cemig para atendimento aos seus consumidores. O Cemig Atende, no Facebook (cemig.atende) e no Twitter (@cemig_atende), funciona 24 horas, todos os dias da semana.<\/p>\n<p>Aos clientes que preferem contato telef\u00f4nico, a Cemig oferece o Fale com a Cemig (n\u00famero 116); e o servi\u00e7o de mensagens SMS, o Cemig Torpedo (n\u00famero 29810).<\/p>\n<p><img decoding=\"async\" src=\"http:\/\/aconteceunovale.com.br\/portal\/wp-content\/uploads\/2015\/04\/cemig_torpedo.png\" alt=\"\" \/><\/p>\n<p><strong>Previs\u00e3o do Tempo<\/strong><\/p>\n<p>Entre os dias 18 e 21 de abril, uma frente fria desloca-se pela regi\u00e3o Sudeste, contribuindo para a ocorr\u00eancia de chuvas acompanhadas de raios em v\u00e1rias regi\u00f5es de Minas durante o feriado.<\/p>\n<p><strong>Capital e RMBH<\/strong><\/p>\n<p>Em Belo Horizonte e Regi\u00e3o Metropolitana, no s\u00e1bado, a previs\u00e3o \u00e9 de c\u00e9u parcialmente nublado ao longo do dia,  com possibilidade de chuvas r\u00e1pidas e isoladas no final da tarde e \u00e0 noite. No domingo, a nebulosidade aumenta e h\u00e1 chances de pancadas de chuva de intensidade moderada e forte, que podem vir acompanhadas de raios e rajadas de vento. Nos dias 20 e 21, o dia fica variando entre o parcialmente nublado e o nublado, com previs\u00e3o de chuvas intermitentes. As temperaturas m\u00e1ximas ficam em torno dos 29\u00b0C no fim de semana e sofrem uma queda na segunda e na ter\u00e7a-feira, ficando pr\u00f3ximas de 25\u00b0C, enquanto que as m\u00ednimas ficam em torno dos 18\u00b0C.<\/p>\n<p><strong>Interior<\/strong><\/p>\n<p>Durante o feriado, ocorrem chuvas isoladas em praticamente todo o estado, principalmente a partir do domingo, com destaque para o Sul, Oeste, Centro e Zona da Mata, onde ocorrem chuvas mais intensas. Na segunda, elas deslocam-se mais para o Norte e Leste, contribuindo para ocorr\u00eancia de pancadas de chuva fortes em algumas localidades da Zona da Mata, Vales do A\u00e7o, Jequitinhonha, Doce e Mucuri, enquanto que nas demais regi\u00f5es a chuva diminui significativamente. Na ter\u00e7a-feira, as chuvas voltam a ocorrer de maneira isolada em todo o estado, mas os maiores valores ocorrem nos vales do rio Doce, A\u00e7o e Mucuri. As temperaturas apresentam queda em todas as regi\u00f5es a partir do domingo, principalmente no Sul, Tri\u00e2ngulo, Centro e Zona da Mata, onde ficam abaixo de 26\u00b0C; no Norte, Nordeste e Noroeste, elas devem ficar com m\u00e1ximas acima de 30\u00b0C.<\/p>\n<p><strong>Litoral<\/strong><\/p>\n<p>O deslocamento da frente fria provoca chuvas ao longo do feriado nos litorais do Rio de Janeiro (domingo e segunda-feira), Esp\u00edrito Santo (segunda e ter\u00e7a-feira) e no sul da Bahia (ter\u00e7a-feira), mas sempre em forma de pancadas de chuva r\u00e1pidas e isoladas. As temperaturas ficam acima dos 30\u00b0C no s\u00e1bado e na ter\u00e7a-feira em todas as regi\u00f5es citadas, mas, no domingo e na segunda-feira, elas giram em torno dos 28\u00b0C no Rio de janeiro e, na segunda, no litoral capixaba.<\/p>\n<p><strong>Cidades Hist\u00f3ricas<\/strong><\/p>\n<p>Com o deslocamento da frente fria, h\u00e1 previs\u00e3o de chuvas a partir do domingo em Mariana, Ouro Preto, S\u00e3o Jo\u00e3o Del Rei e Tiradentes, com os maiores volumes ocorrendo no domingo e na segunda-feira. Em Diamantina, as chuvas s\u00e3o mais fracas e ocorrem principalmente entre segunda e ter\u00e7a-feira, enquanto que nos demais dias as chuvas ocorrem de maneira isolada no final do dia.<\/p>\n<p><em>(Fonte: Assessoria de Imprensa Cemig)<\/em><\/p>\n","protected":false},"excerpt":{"rendered":"<p>A Companhia Energ\u00e9tica de Minas Gerais \u2013 Cemig informa que, em virtude do Dia de Tiradentes, as ag\u00eancias e postos de atendimento da Empresa n\u00e3o funcionar\u00e3o na pr\u00f3xima ter\u00e7a-feira (21\/4). Nesse dia, a Cemig orienta que os clientes solicitem servi\u00e7os e realizem opera\u00e7\u00f5es nos demais canais de relacionamento da Concession\u00e1ria, como a ag\u00eancia virtual, as [&hellip;]<\/p>\n","protected":false},"author":1,"featured_media":35562,"comment_status":"open","ping_status":"closed","sticky":false,"template":"","format":"standard","meta":{"amp_status":"","footnotes":""},"categories":[123],"tags":[347,41939,41941,41940],"class_list":["post-57435","post","type-post","status-publish","format-standard","has-post-thumbnail","hentry","category-gerais","tag-cemig","tag-cemig-informa-funcionamento-das-agencias-e-previsao-do-tempo-para-o-feriado-de-tiradentes","tag-feriado-de-tiradentes","tag-previsao-do-tempo-para-o-feriado-de-tiradentes"],"_links":{"self":[{"href":"https:\/\/aconteceunovale.com.br\/portal\/index.php?rest_route=\/wp\/v2\/posts\/57435","targetHints":{"allow":["GET"]}}],"collection":[{"href":"https:\/\/aconteceunovale.com.br\/portal\/index.php?rest_route=\/wp\/v2\/posts"}],"about":[{"href":"https:\/\/aconteceunovale.com.br\/portal\/index.php?rest_route=\/wp\/v2\/types\/post"}],"author":[{"embeddable":true,"href":"https:\/\/aconteceunovale.com.br\/portal\/index.php?rest_route=\/wp\/v2\/users\/1"}],"replies":[{"embeddable":true,"href":"https:\/\/aconteceunovale.com.br\/portal\/index.php?rest_route=%2Fwp%2Fv2%2Fcomments&post=57435"}],"version-history":[{"count":0,"href":"https:\/\/aconteceunovale.com.br\/portal\/index.php?rest_route=\/wp\/v2\/posts\/57435\/revisions"}],"wp:featuredmedia":[{"embeddable":true,"href":"https:\/\/aconteceunovale.com.br\/portal\/index.php?rest_route=\/wp\/v2\/media\/35562"}],"wp:attachment":[{"href":"https:\/\/aconteceunovale.com.br\/portal\/index.php?rest_route=%2Fwp%2Fv2%2Fmedia&parent=57435"}],"wp:term":[{"taxonomy":"category","embeddable":true,"href":"https:\/\/aconteceunovale.com.br\/portal\/index.php?rest_route=%2Fwp%2Fv2%2Fcategories&post=57435"},{"taxonomy":"post_tag","embeddable":true,"href":"https:\/\/aconteceunovale.com.br\/portal\/index.php?rest_route=%2Fwp%2Fv2%2Ftags&post=57435"}],"curies":[{"name":"wp","href":"https:\/\/api.w.org\/{rel}","templated":true}]}}