{"id":57431,"date":"2015-04-16T21:42:51","date_gmt":"2015-04-17T00:42:51","guid":{"rendered":"http:\/\/aconteceunovale.com.br\/portal\/?p=57431"},"modified":"2015-04-16T21:42:51","modified_gmt":"2015-04-17T00:42:51","slug":"sabado-tem-conferencia-infantil-na-igreja-batista-de-capelinha","status":"publish","type":"post","link":"https:\/\/aconteceunovale.com.br\/portal\/?p=57431","title":{"rendered":"S\u00e1bado tem Confer\u00eancia Infantil na Igreja Batista de Capelinha"},"content":{"rendered":"<h4><strong><em>Al\u00e9m de adora\u00e7\u00e3o, haver\u00e1 brincadeiras com a Boneca Bia e o palha\u00e7o Formiga.<\/em><\/strong><\/h4>\n<p>Integrantes da Primeira Igreja Batista de Capelinha realizam, no pr\u00f3ximo s\u00e1bado, dia 18 de abril, a 1\u00aa Confer\u00eancia Infantil da entidade. Haver\u00e1 adora\u00e7\u00e3o, brincadeiras, lanches e a presen\u00e7a especial da Boneca Bia e do Palha\u00e7o Formiga. <\/p>\n<p>A 1\u00aa Confer\u00eancia Infantil da Primeira Igreja Batista de Capelinha ser\u00e1 na rua S\u00e3o Vicente, 62, no Centro. O evento est\u00e1 marcado para ocorrer das 9h \u00e0s 11h e das 14h \u00e0s 16h. Os apoiadores s\u00e3o Loja do Povo, Charles Pintor, Caf\u00e9 Dona \u00cdris, Livraria El Shaday e LV Modas.<\/p>\n<p><img decoding=\"async\" src=\"http:\/\/aconteceunovale.com.br\/portal\/wp-content\/uploads\/2015\/04\/conferencia_cap1.jpg\" alt=\"\" \/><img decoding=\"async\" src=\"http:\/\/aconteceunovale.com.br\/portal\/wp-content\/uploads\/2015\/04\/conferencia_cap.jpg\" alt=\"\" \/><\/p>\n","protected":false},"excerpt":{"rendered":"<p>Al\u00e9m de adora\u00e7\u00e3o, haver\u00e1 brincadeiras com a Boneca Bia e o palha\u00e7o Formiga. Integrantes da Primeira Igreja Batista de Capelinha realizam, no pr\u00f3ximo s\u00e1bado, dia 18 de abril, a 1\u00aa Confer\u00eancia Infantil da entidade. Haver\u00e1 adora\u00e7\u00e3o, brincadeiras, lanches e a presen\u00e7a especial da Boneca Bia e do Palha\u00e7o Formiga. A 1\u00aa Confer\u00eancia Infantil da Primeira [&hellip;]<\/p>\n","protected":false},"author":1,"featured_media":57433,"comment_status":"open","ping_status":"closed","sticky":false,"template":"","format":"standard","meta":{"amp_status":"","footnotes":""},"categories":[125],"tags":[132,41936,41937,41938,41935],"class_list":["post-57431","post","type-post","status-publish","format-standard","has-post-thumbnail","hentry","category-noticias","tag-capelinha","tag-conferencia-infantil-na-igreja-batista-de-capelinha","tag-igreja-batista-de-capelinha","tag-primeira-igreja-batista-de-capelinha","tag-sabado-tem-conferencia-infantil-na-igreja-batista-de-capelinha"],"_links":{"self":[{"href":"https:\/\/aconteceunovale.com.br\/portal\/index.php?rest_route=\/wp\/v2\/posts\/57431","targetHints":{"allow":["GET"]}}],"collection":[{"href":"https:\/\/aconteceunovale.com.br\/portal\/index.php?rest_route=\/wp\/v2\/posts"}],"about":[{"href":"https:\/\/aconteceunovale.com.br\/portal\/index.php?rest_route=\/wp\/v2\/types\/post"}],"author":[{"embeddable":true,"href":"https:\/\/aconteceunovale.com.br\/portal\/index.php?rest_route=\/wp\/v2\/users\/1"}],"replies":[{"embeddable":true,"href":"https:\/\/aconteceunovale.com.br\/portal\/index.php?rest_route=%2Fwp%2Fv2%2Fcomments&post=57431"}],"version-history":[{"count":0,"href":"https:\/\/aconteceunovale.com.br\/portal\/index.php?rest_route=\/wp\/v2\/posts\/57431\/revisions"}],"wp:featuredmedia":[{"embeddable":true,"href":"https:\/\/aconteceunovale.com.br\/portal\/index.php?rest_route=\/wp\/v2\/media\/57433"}],"wp:attachment":[{"href":"https:\/\/aconteceunovale.com.br\/portal\/index.php?rest_route=%2Fwp%2Fv2%2Fmedia&parent=57431"}],"wp:term":[{"taxonomy":"category","embeddable":true,"href":"https:\/\/aconteceunovale.com.br\/portal\/index.php?rest_route=%2Fwp%2Fv2%2Fcategories&post=57431"},{"taxonomy":"post_tag","embeddable":true,"href":"https:\/\/aconteceunovale.com.br\/portal\/index.php?rest_route=%2Fwp%2Fv2%2Ftags&post=57431"}],"curies":[{"name":"wp","href":"https:\/\/api.w.org\/{rel}","templated":true}]}}