{"id":57429,"date":"2015-04-16T21:26:08","date_gmt":"2015-04-17T00:26:08","guid":{"rendered":"http:\/\/aconteceunovale.com.br\/portal\/?p=57429"},"modified":"2015-04-16T21:26:08","modified_gmt":"2015-04-17T00:26:08","slug":"campus-sao-joao-evangelista-do-ifmg-estabelece-medidas-de-contencao-financeira","status":"publish","type":"post","link":"https:\/\/aconteceunovale.com.br\/portal\/?p=57429","title":{"rendered":"Campus S\u00e3o Jo\u00e3o Evangelista do IFMG estabelece medidas de conten\u00e7\u00e3o financeira"},"content":{"rendered":"<p>O Instituto Federal de Minas Gerais, Campus S\u00e3o Jo\u00e3o Evangelista, enquanto uma unidade federal, comunica a popula\u00e7\u00e3o que tem sofrido fortes impactos em suas atividades em decorr\u00eancia do atraso dos repasses de recursos financeiros provindos da Uni\u00e3o, conforme noticiado anteriormente.<\/p>\n<p>Em raz\u00e3o disso a Dire\u00e7\u00e3o do Campus juntamente com a reitoria do IFMG promover\u00e1 algumas a\u00e7\u00f5es que visam manter o funcionamento da institui\u00e7\u00e3o e diminuir ao m\u00e1ximo os impactos para nossos servidores e estudantes.<\/p>\n<p>Na \u00faltima ter\u00e7a-feira (14), a reitoria do IFMG publicou a Portaria 0555, na qual estabelece medidas de conten\u00e7\u00e3o financeira para os pr\u00f3ximos 30 dias. Est\u00e3o previstas as seguintes medidas:<\/p>\n<p>&#8211; Suspens\u00e3o de atividades de capacita\u00e7\u00e3o;<br \/>\n&#8211; Suspens\u00e3o de transporte terceirizado;<br \/>\n&#8211; Suspens\u00e3o de solicita\u00e7\u00e3o de di\u00e1rias;<br \/>\n&#8211; Paralisa\u00e7\u00e3o do inicio de novas obras, as quais estar\u00e3o condicionadas a normaliza\u00e7\u00e3o do fluxo financeiro;<br \/>\n&#8211; Redu\u00e7\u00e3o no consumo de energia el\u00e9trica;<br \/>\n&#8211; Redu\u00e7\u00e3o de quadro de terceirizados;<br \/>\n&#8211; Redu\u00e7\u00e3o de gastos de manuten\u00e7\u00e3o em geral;<\/p>\n<p>Na quarta-feira (15), aproveitando a paralisa\u00e7\u00e3o nacional contra a lei da terceiriza\u00e7\u00e3o, parte do corpo docente aderiu ao Movimento e a Dire\u00e7\u00e3o do Campus aproveitou a ocasi\u00e3o para posicionar-se diante de tal crise e expor os principais pontos da Portaria em evento organizado por professores no Teatro \u201cZ\u00e9 Passarinho\u201d.<\/p>\n<p>A princ\u00edpio, n\u00e3o h\u00e1 risco de paralisa\u00e7\u00e3o das atividades do Campus em decorr\u00eancia da crise financeira e a esperamos que haja um breve restabelecimento do fluxo financeiro para que a institui\u00e7\u00e3o continue prestando plenamente os servi\u00e7os para comunidade regional.<\/p>\n<p><em>(Fonte: Ascom do Campus S\u00e3o Jo\u00e3o Evangelista)<\/em><\/p>\n","protected":false},"excerpt":{"rendered":"<p>O Instituto Federal de Minas Gerais, Campus S\u00e3o Jo\u00e3o Evangelista, enquanto uma unidade federal, comunica a popula\u00e7\u00e3o que tem sofrido fortes impactos em suas atividades em decorr\u00eancia do atraso dos repasses de recursos financeiros provindos da Uni\u00e3o, conforme noticiado anteriormente. Em raz\u00e3o disso a Dire\u00e7\u00e3o do Campus juntamente com a reitoria do IFMG promover\u00e1 algumas [&hellip;]<\/p>\n","protected":false},"author":1,"featured_media":37249,"comment_status":"open","ping_status":"closed","sticky":false,"template":"","format":"standard","meta":{"amp_status":"","footnotes":""},"categories":[40238,121],"tags":[161,41934,160,37409,162],"class_list":["post-57429","post","type-post","status-publish","format-standard","has-post-thumbnail","hentry","category-educacao-2","category-leste","tag-campus-sao-joao-evangelista","tag-campus-sao-joao-evangelista-do-ifmg-estabelece-medidas-de-contencao-financeira","tag-ifmg","tag-instituto-federal-de-minas-gerais","tag-sao-joao-evangelista"],"_links":{"self":[{"href":"https:\/\/aconteceunovale.com.br\/portal\/index.php?rest_route=\/wp\/v2\/posts\/57429","targetHints":{"allow":["GET"]}}],"collection":[{"href":"https:\/\/aconteceunovale.com.br\/portal\/index.php?rest_route=\/wp\/v2\/posts"}],"about":[{"href":"https:\/\/aconteceunovale.com.br\/portal\/index.php?rest_route=\/wp\/v2\/types\/post"}],"author":[{"embeddable":true,"href":"https:\/\/aconteceunovale.com.br\/portal\/index.php?rest_route=\/wp\/v2\/users\/1"}],"replies":[{"embeddable":true,"href":"https:\/\/aconteceunovale.com.br\/portal\/index.php?rest_route=%2Fwp%2Fv2%2Fcomments&post=57429"}],"version-history":[{"count":0,"href":"https:\/\/aconteceunovale.com.br\/portal\/index.php?rest_route=\/wp\/v2\/posts\/57429\/revisions"}],"wp:featuredmedia":[{"embeddable":true,"href":"https:\/\/aconteceunovale.com.br\/portal\/index.php?rest_route=\/wp\/v2\/media\/37249"}],"wp:attachment":[{"href":"https:\/\/aconteceunovale.com.br\/portal\/index.php?rest_route=%2Fwp%2Fv2%2Fmedia&parent=57429"}],"wp:term":[{"taxonomy":"category","embeddable":true,"href":"https:\/\/aconteceunovale.com.br\/portal\/index.php?rest_route=%2Fwp%2Fv2%2Fcategories&post=57429"},{"taxonomy":"post_tag","embeddable":true,"href":"https:\/\/aconteceunovale.com.br\/portal\/index.php?rest_route=%2Fwp%2Fv2%2Ftags&post=57429"}],"curies":[{"name":"wp","href":"https:\/\/api.w.org\/{rel}","templated":true}]}}