{"id":57425,"date":"2015-04-16T21:18:13","date_gmt":"2015-04-17T00:18:13","guid":{"rendered":"http:\/\/aconteceunovale.com.br\/portal\/?p=57425"},"modified":"2015-04-17T09:17:42","modified_gmt":"2015-04-17T12:17:42","slug":"motociclista-fica-gravemente-ferido-em-acidente-na-saida-de-guanhaes-para-virginopolis","status":"publish","type":"post","link":"https:\/\/aconteceunovale.com.br\/portal\/?p=57425","title":{"rendered":"Motociclista fica gravemente ferido em acidente na sa\u00edda de Guanh\u00e3es para Virgin\u00f3polis"},"content":{"rendered":"<h4><strong><em>Acidente aconteceu no KM 290 da BR-259. V\u00edtima foi socorrida ao Hospital Imaculada Concei\u00e7\u00e3o com fratura exposta em uma das pernas.<\/em><\/strong><\/h4>\n<p>Um homem ficou gravemente ferido em um acidente na tarde desta quinta-feira, 16 de abril, na BR-259, na sa\u00edda de Guanh\u00e3es para Virgin\u00f3polis, no Vale do Rio Doce. <\/p>\n<p>De acordo com informa\u00e7\u00f5es da Pol\u00edcia Militar (PM), o condutor perdeu o controle da dire\u00e7\u00e3o ao fazer uma curva, invadiu a contram\u00e3o e colidiu contra um carro na altura do quil\u00f4metro 290, pr\u00f3ximo a Igreja da Jacutinga.<\/p>\n<p>Com o impacto do acidente, o motociclista sofreu fratura exposta em uma das pernas e outros ferimentos pelo corpo. Ele foi socorrido por uma ambul\u00e2ncia e encaminhado para atendimento m\u00e9dico no Hospital Imaculada Concei\u00e7\u00e3o (HIC).<\/p>\n<p><img decoding=\"async\" src=\"http:\/\/aconteceunovale.com.br\/portal\/wp-content\/uploads\/2015\/04\/acidente_gh_16_4_1.jpg\" alt=\"\" \/><em>Acidente aconteceu no KM 290 da BR-259 &#8211; Foto: J\u00fania Adrielle \/ Folha de Guanh\u00e3es<\/em><br \/>\n<\/br><\/p>\n<p><img decoding=\"async\" src=\"http:\/\/aconteceunovale.com.br\/portal\/wp-content\/uploads\/2015\/04\/acidente_gh_16_4_2.jpg\" alt=\"\" \/><em>Acidente aconteceu no KM 290 da BR-259 &#8211; Foto: J\u00fania Adrielle \/ Folha de Guanh\u00e3es<\/em><\/p>\n","protected":false},"excerpt":{"rendered":"<p>Acidente aconteceu no KM 290 da BR-259. V\u00edtima foi socorrida ao Hospital Imaculada Concei\u00e7\u00e3o com fratura exposta em uma das pernas. Um homem ficou gravemente ferido em um acidente na tarde desta quinta-feira, 16 de abril, na BR-259, na sa\u00edda de Guanh\u00e3es para Virgin\u00f3polis, no Vale do Rio Doce. De acordo com informa\u00e7\u00f5es da Pol\u00edcia [&hellip;]<\/p>\n","protected":false},"author":1,"featured_media":57426,"comment_status":"open","ping_status":"closed","sticky":false,"template":"","format":"standard","meta":{"amp_status":"","footnotes":""},"categories":[121],"tags":[18601,155,41933,332],"class_list":["post-57425","post","type-post","status-publish","format-standard","has-post-thumbnail","hentry","category-leste","tag-acidente-em-guanhaes","tag-guanhaes","tag-motociclista-fica-gravemente-ferido-em-acidente-na-saida-de-guanhaes-para-virginopolis","tag-virginopolis"],"_links":{"self":[{"href":"https:\/\/aconteceunovale.com.br\/portal\/index.php?rest_route=\/wp\/v2\/posts\/57425","targetHints":{"allow":["GET"]}}],"collection":[{"href":"https:\/\/aconteceunovale.com.br\/portal\/index.php?rest_route=\/wp\/v2\/posts"}],"about":[{"href":"https:\/\/aconteceunovale.com.br\/portal\/index.php?rest_route=\/wp\/v2\/types\/post"}],"author":[{"embeddable":true,"href":"https:\/\/aconteceunovale.com.br\/portal\/index.php?rest_route=\/wp\/v2\/users\/1"}],"replies":[{"embeddable":true,"href":"https:\/\/aconteceunovale.com.br\/portal\/index.php?rest_route=%2Fwp%2Fv2%2Fcomments&post=57425"}],"version-history":[{"count":0,"href":"https:\/\/aconteceunovale.com.br\/portal\/index.php?rest_route=\/wp\/v2\/posts\/57425\/revisions"}],"wp:featuredmedia":[{"embeddable":true,"href":"https:\/\/aconteceunovale.com.br\/portal\/index.php?rest_route=\/wp\/v2\/media\/57426"}],"wp:attachment":[{"href":"https:\/\/aconteceunovale.com.br\/portal\/index.php?rest_route=%2Fwp%2Fv2%2Fmedia&parent=57425"}],"wp:term":[{"taxonomy":"category","embeddable":true,"href":"https:\/\/aconteceunovale.com.br\/portal\/index.php?rest_route=%2Fwp%2Fv2%2Fcategories&post=57425"},{"taxonomy":"post_tag","embeddable":true,"href":"https:\/\/aconteceunovale.com.br\/portal\/index.php?rest_route=%2Fwp%2Fv2%2Ftags&post=57425"}],"curies":[{"name":"wp","href":"https:\/\/api.w.org\/{rel}","templated":true}]}}