{"id":57423,"date":"2015-04-16T20:38:36","date_gmt":"2015-04-16T23:38:36","guid":{"rendered":"http:\/\/aconteceunovale.com.br\/portal\/?p=57423"},"modified":"2015-04-16T20:38:36","modified_gmt":"2015-04-16T23:38:36","slug":"mais-da-metade-dos-contribuintes-ainda-nao-entregou-declaracao-do-ir","status":"publish","type":"post","link":"https:\/\/aconteceunovale.com.br\/portal\/?p=57423","title":{"rendered":"Mais da metade dos contribuintes ainda n\u00e3o entregou declara\u00e7\u00e3o do IR"},"content":{"rendered":"<p>A duas semanas do fim do prazo de entrega do<a href=\"http:\/\/www.receita.fazenda.gov.br\/principal\/declaracoes\/declarairpf.htm\" target=\"_blank\">\u00a0Imposto de Renda Pessoa F\u00edsica (IRPF)<\/a>, quase 60% dos contribuintes ainda n\u00e3o entregaram o documento. At\u00e9 as 17h de hoje (16), 11.736.791 declara\u00e7\u00f5es foram encaminhadas \u00e0 Receita Federal. O n\u00famero representa 42,7% do total de 27,5 milh\u00f5es de declara\u00e7\u00f5es que a Receita espera receber at\u00e9 30 de abril, \u00faltimo dia de entrega.<\/p>\n<p>Este ano, os contribuintes com certifica\u00e7\u00e3o digital podem fazer a declara\u00e7\u00e3o pr\u00e9-preenchida na p\u00e1gina da Receita na internet, na \u00e1rea do e-CAC. Isso tamb\u00e9m poder\u00e1 ser feito por um representante do contribuinte com certifica\u00e7\u00e3o digital e procura\u00e7\u00e3o eletr\u00f4nica registrada no \u00f3rg\u00e3o.<\/p>\n<p>No ano passado, 26.883.633 de contribuintes enviaram a declara\u00e7\u00e3o do IRPF at\u00e9 o fim do prazo. O n\u00famero ficou aqu\u00e9m do esperado pela Receita na ocasi\u00e3o, 27 milh\u00f5es de formul\u00e1rios. Em 2013, 26,1 milh\u00f5es de pessoas f\u00edsicas entregaram o documento.<\/p>\n<p>Quanto antes o contribuinte entregar a declara\u00e7\u00e3o, com os dados corretos \u00e0 Receita, mais cedo receber\u00e1 o valor correspondente \u00e0 restitui\u00e7\u00e3o. T\u00eam prioridade no recebimento pessoas com mais de 60 anos de idade, contribuintes com defici\u00eancia f\u00edsica ou mental e os que t\u00eam doen\u00e7a grave.<\/p>\n<p>A multa por atraso de entrega \u00e9 estipulada em 1% ao m\u00eas-calend\u00e1rio at\u00e9 20%. O valor m\u00ednimo \u00e9 R$ 165,74. Um passo a passo com cada etapa da entrega est\u00e1 dispon\u00edvel na p\u00e1gina da Receita. Basta o usu\u00e1rio clicar em cada\u00a0<a href=\"http:\/\/www.receita.fazenda.gov.br\/PessoaFisica\/IRPF\/2015\/default.htm\" target=\"_blank\">ponto da figura<\/a>\u00a0para obter mais detalhes. O prazo de entrega vai at\u00e9 30 de abril.<\/p>\n<p>No m\u00eas passado, a Receita Federal lan\u00e7ou uma s\u00e9rie de 11 v\u00eddeos no\u00a0<a href=\"http:\/\/www.youtube.com\/user\/TVReceitaFederal\"><em>site\u00a0<\/em>Youtube<\/a>\u00a0para tirar d\u00favidas sobre preenchimento e entrega do Imposto de Renda. Chamada de TV Receita Responde, a s\u00e9rie tem como objetivo explicar de forma simples os principais assuntos relacionados \u00e0 declara\u00e7\u00e3o do IRPF. (Ag\u00eancia Brasil)<\/p>\n","protected":false},"excerpt":{"rendered":"<p>A duas semanas do fim do prazo de entrega do\u00a0Imposto de Renda Pessoa F\u00edsica (IRPF), quase 60% dos contribuintes ainda n\u00e3o entregaram o documento. At\u00e9 as 17h de hoje (16), 11.736.791 declara\u00e7\u00f5es foram encaminhadas \u00e0 Receita Federal. O n\u00famero representa 42,7% do total de 27,5 milh\u00f5es de declara\u00e7\u00f5es que a Receita espera receber at\u00e9 30 [&hellip;]<\/p>\n","protected":false},"author":1,"featured_media":54112,"comment_status":"open","ping_status":"closed","sticky":false,"template":"","format":"standard","meta":{"amp_status":"","footnotes":""},"categories":[6],"tags":[21726,5197,1468,28477,21727,41932,20123,1464],"class_list":["post-57423","post","type-post","status-publish","format-standard","has-post-thumbnail","hentry","category-br","tag-declaracao","tag-declaracao-do-imposto-de-renda","tag-imposto-de-renda","tag-imposto-de-renda-pessoa-fisica","tag-irpf","tag-mais-da-metade-dos-contribuintes-ainda-nao-entregou-declaracao-do-ir","tag-prazo","tag-receita-federal"],"_links":{"self":[{"href":"https:\/\/aconteceunovale.com.br\/portal\/index.php?rest_route=\/wp\/v2\/posts\/57423","targetHints":{"allow":["GET"]}}],"collection":[{"href":"https:\/\/aconteceunovale.com.br\/portal\/index.php?rest_route=\/wp\/v2\/posts"}],"about":[{"href":"https:\/\/aconteceunovale.com.br\/portal\/index.php?rest_route=\/wp\/v2\/types\/post"}],"author":[{"embeddable":true,"href":"https:\/\/aconteceunovale.com.br\/portal\/index.php?rest_route=\/wp\/v2\/users\/1"}],"replies":[{"embeddable":true,"href":"https:\/\/aconteceunovale.com.br\/portal\/index.php?rest_route=%2Fwp%2Fv2%2Fcomments&post=57423"}],"version-history":[{"count":0,"href":"https:\/\/aconteceunovale.com.br\/portal\/index.php?rest_route=\/wp\/v2\/posts\/57423\/revisions"}],"wp:featuredmedia":[{"embeddable":true,"href":"https:\/\/aconteceunovale.com.br\/portal\/index.php?rest_route=\/wp\/v2\/media\/54112"}],"wp:attachment":[{"href":"https:\/\/aconteceunovale.com.br\/portal\/index.php?rest_route=%2Fwp%2Fv2%2Fmedia&parent=57423"}],"wp:term":[{"taxonomy":"category","embeddable":true,"href":"https:\/\/aconteceunovale.com.br\/portal\/index.php?rest_route=%2Fwp%2Fv2%2Fcategories&post=57423"},{"taxonomy":"post_tag","embeddable":true,"href":"https:\/\/aconteceunovale.com.br\/portal\/index.php?rest_route=%2Fwp%2Fv2%2Ftags&post=57423"}],"curies":[{"name":"wp","href":"https:\/\/api.w.org\/{rel}","templated":true}]}}