{"id":57420,"date":"2015-04-16T20:35:05","date_gmt":"2015-04-16T23:35:05","guid":{"rendered":"http:\/\/aconteceunovale.com.br\/portal\/?p=57420"},"modified":"2015-04-16T20:35:05","modified_gmt":"2015-04-16T23:35:05","slug":"relatorio-denuncia-violacoes-de-direitos-humanos-e-ambientais-pela-vale","status":"publish","type":"post","link":"https:\/\/aconteceunovale.com.br\/portal\/?p=57420","title":{"rendered":"Relat\u00f3rio denuncia viola\u00e7\u00f5es de direitos humanos e ambientais pela Vale"},"content":{"rendered":"<p>A Articula\u00e7\u00e3o Internacional dos Atingidos pela Vale divulgou hoje (16) o Relat\u00f3rio de Insustentabilidade da Vale 2015, com den\u00fancias de viola\u00e7\u00f5es de direitos humanos e ambientais cometidas pela empresa de minera\u00e7\u00e3o no Brasil e em mais oito pa\u00edses nos quais opera.<\/p>\n<p>O economista Gabriel Strautman, do Instituto Pol\u00edticas Alternativas para o Cone Sul, explicou que o documento se op\u00f5e ao Relat\u00f3rio de Sustentabilidade da Vale. \u201cO que mostramos aqui s\u00e3o testemunhos de que o discurso de responsabilidade socioambiental da empresa n\u00e3o se verifica na pr\u00e1tica. Mostramos aqui os impactos que a empresa oculta em seu relat\u00f3rio\u201d, afirmou.<\/p>\n<p>Os casos mais graves incluem trabalho em condi\u00e7\u00f5es an\u00e1logas \u00e0s de escravo, como o que foi identificado em fevereiro, em Itabirito, Minas Gerais, que recentemente foi objeto de den\u00fancias ao Minist\u00e9rio P\u00fablico. A empresa tamb\u00e9m \u00e9 acusada de espionagem. \u201cEm 2013, um ex-funcion\u00e1rio revelou que a Vale infiltrava pessoas em movimentos de oposi\u00e7\u00e3o \u00e0s a\u00e7\u00f5es da empresa e grampeava telefones, n\u00e3o apenas de representantes de movimentos sociais, mas tamb\u00e9m de jornalistas\u201d, informou Strautman.<\/p>\n<p>\u201cTamb\u00e9m tiveram acesso a dados da Infoseg [rede nacional de Integra\u00e7\u00e3o de Informa\u00e7\u00f5es de Seguran\u00e7a P\u00fablica, Justi\u00e7a e Fiscaliza\u00e7\u00e3o], levantamento de ficha criminal, dados da Receita Federal de representantes dos movimentos, dados que s\u00e3o prerrogativas apenas de agentes do Estado e que a empresa s\u00f3 teria conseguido mediante pagamento de propina e, portanto, de corrup\u00e7\u00e3o\u201d, acrescentou o economista. Segundo ele, a den\u00fancia est\u00e1 sendo investigada pelo Minist\u00e9rio P\u00fablico e pelo Senado.<\/p>\n<p>A cacique Katia, do povo gavi\u00e3o Kyikat\u00eaj\u00ea, no Par\u00e1, disse que a atua\u00e7\u00e3o da Vale na regi\u00e3o da Terra Ind\u00edgena M\u00e3e Maria secou os igarap\u00e9s e vem devastando a fauna e flora gradualmente. A Estrada de Ferro Caraj\u00e1s passa pela reserva, levando min\u00e9rio da Vale.<\/p>\n<p>\u201cA castanha secou, por causa do p\u00f3 de min\u00e9rio, nossas sementes est\u00e3o em extin\u00e7\u00e3o. Os ve\u00edculos e trens que passam pela reserva espantam a ca\u00e7a e poluem o meio ambiente. Estamos de m\u00e3os atadas, pedindo socorro. N\u00e3o sabemos mais o que fazer. Nossa terra est\u00e1 toda cortada. Estou cansada de ser destratada, n\u00e3o ter voz, de ser humilhada. [Eu] me preocupo com meu povo, luto pela hist\u00f3ria do meu povo. Estou pedindo justi\u00e7a. Que parem de fazer o que est\u00e3o fazendo\u201d, pediu Katia.<\/p>\n<p>No Brasil, a Vale tem empreendimentos nos estados do Maranh\u00e3o, do Par\u00e1, de Minas Gerais, do Esp\u00edrito Santo e do Rio de Janeiro.<\/p>\n<p>Em S\u00e3o Lu\u00eds e em Vit\u00f3ria, no Rio de Janeiro e em Piura, no Peru, e Perak, na Mal\u00e1sia, pescadores afirmam que os processos de embarque do min\u00e9rio e a contamina\u00e7\u00e3o das \u00e1guas em portos da Vale comprometem sua sobreviv\u00eancia. O pescador Jaci do Nascimento, morador de Santa Cruz, na zona oeste do Rio, disse que a luta da comunidade para a sa\u00edda sider\u00fargica da TKCSA, da qual a Vale \u00e9 acionista, dura quase dez anos. \u201cEst\u00e1 tudo polu\u00eddo, n\u00e3o temos mais pescado sadio para comer na Ba\u00eda de Sepetiba. Os esgotos da TKCSA v\u00e3o parar nos rios que v\u00e3o para o mar.\u201d<\/p>\n<p>A assessoria de imprensa da TKCSA informou que precisaria de mais um dia para comentar as den\u00fancias, visto que algumas quest\u00f5es precisam ser aprovadas pela dire\u00e7\u00e3o, na Alemanha, sede da empresa. Segundo o relat\u00f3rio, a sider\u00fargica elevou em 76% as emiss\u00f5es de g\u00e1s carb\u00f4nico no Rio de Janeiro e, desde 2010, funciona sem licenciamento ambiental.<\/p>\n<p>Moradora do munic\u00edpio mineiro de Catas Altas, Sandra Vita enumerou v\u00e1rios problemas enfrentados pela comunidade e o descaso da empresa. A regi\u00e3o abriga cinco minas da Vale. \u201cEnfrentamos problemas respirat\u00f3rios, casas com rachaduras, fluxo grande de carros, muita polui\u00e7\u00e3o sonora e ambiental, e nossa luta \u00e9 muito desigual, solit\u00e1ria. A Vale passa por cima da gente como se fosse um trator. N\u00f3s s\u00f3 ficamos com o \u00f4nus, pois o b\u00f4nus \u00e9 todo deles\u201d, afirmou Sandra, que \u00e9 da Associa\u00e7\u00e3o Comunit\u00e1ria Nascentes e Afluentes da Serra do Cara\u00e7a. <\/p>\n<p>\u201c\u00c9 exaustivo lutar contra propinas, coer\u00e7\u00f5es. Vemos gente humilde, carente, aceitar R$ 10 mil [para sair de sua casa], que acha que esse dinheiro vai durar para sempre&#8221;, acrescentou.<\/p>\n<p>At\u00e9 o fechamento da mat\u00e9ria, a Vale n\u00e3o havia se pronunciado sobre as den\u00fancias do relat\u00f3rio. (Ag\u00eancia Brasil)<\/p>\n","protected":false},"excerpt":{"rendered":"<p>A Articula\u00e7\u00e3o Internacional dos Atingidos pela Vale divulgou hoje (16) o Relat\u00f3rio de Insustentabilidade da Vale 2015, com den\u00fancias de viola\u00e7\u00f5es de direitos humanos e ambientais cometidas pela empresa de minera\u00e7\u00e3o no Brasil e em mais oito pa\u00edses nos quais opera. O economista Gabriel Strautman, do Instituto Pol\u00edticas Alternativas para o Cone Sul, explicou que [&hellip;]<\/p>\n","protected":false},"author":1,"featured_media":57421,"comment_status":"open","ping_status":"closed","sticky":false,"template":"","format":"standard","meta":{"amp_status":"","footnotes":""},"categories":[6],"tags":[41923,41927,6462,1018,1828,41925,41924,41929,1499,41931,37813,26350,41926,41921,41930,41928,2910,41922],"class_list":["post-57420","post","type-post","status-publish","format-standard","has-post-thumbnail","hentry","category-br","tag-ambientais","tag-articulacao-internacional-dos-atingidos-pela-vale","tag-catas-altas","tag-destaque","tag-direitos-humanos","tag-do-instituto-politicas-alternativas-para-o-cone-sul","tag-gabriel-strautman","tag-gaviao-kyikateje","tag-itabirito","tag-minas-da-vale","tag-mineradora","tag-relatorio","tag-relatorio-de-insustentabilidade-da-vale-2015","tag-relatorio-denuncia-violacoes-de-direitos-humanos-e-ambientais-pela-vale","tag-sandra-vita","tag-trabalho-escravo-vale","tag-vale","tag-violacoes"],"_links":{"self":[{"href":"https:\/\/aconteceunovale.com.br\/portal\/index.php?rest_route=\/wp\/v2\/posts\/57420","targetHints":{"allow":["GET"]}}],"collection":[{"href":"https:\/\/aconteceunovale.com.br\/portal\/index.php?rest_route=\/wp\/v2\/posts"}],"about":[{"href":"https:\/\/aconteceunovale.com.br\/portal\/index.php?rest_route=\/wp\/v2\/types\/post"}],"author":[{"embeddable":true,"href":"https:\/\/aconteceunovale.com.br\/portal\/index.php?rest_route=\/wp\/v2\/users\/1"}],"replies":[{"embeddable":true,"href":"https:\/\/aconteceunovale.com.br\/portal\/index.php?rest_route=%2Fwp%2Fv2%2Fcomments&post=57420"}],"version-history":[{"count":0,"href":"https:\/\/aconteceunovale.com.br\/portal\/index.php?rest_route=\/wp\/v2\/posts\/57420\/revisions"}],"wp:featuredmedia":[{"embeddable":true,"href":"https:\/\/aconteceunovale.com.br\/portal\/index.php?rest_route=\/wp\/v2\/media\/57421"}],"wp:attachment":[{"href":"https:\/\/aconteceunovale.com.br\/portal\/index.php?rest_route=%2Fwp%2Fv2%2Fmedia&parent=57420"}],"wp:term":[{"taxonomy":"category","embeddable":true,"href":"https:\/\/aconteceunovale.com.br\/portal\/index.php?rest_route=%2Fwp%2Fv2%2Fcategories&post=57420"},{"taxonomy":"post_tag","embeddable":true,"href":"https:\/\/aconteceunovale.com.br\/portal\/index.php?rest_route=%2Fwp%2Fv2%2Ftags&post=57420"}],"curies":[{"name":"wp","href":"https:\/\/api.w.org\/{rel}","templated":true}]}}