{"id":57412,"date":"2015-04-16T09:11:24","date_gmt":"2015-04-16T12:11:24","guid":{"rendered":"http:\/\/aconteceunovale.com.br\/portal\/?p=57412"},"modified":"2015-04-16T09:11:24","modified_gmt":"2015-04-16T12:11:24","slug":"previsao-do-tempo-para-minas-gerais-nesta-quinta-feira-16-de-abril","status":"publish","type":"post","link":"https:\/\/aconteceunovale.com.br\/portal\/?p=57412","title":{"rendered":"Previs\u00e3o do tempo para Minas Gerais nesta quinta-feira, 16 de abril"},"content":{"rendered":"<h4><strong><em>\u00c1reas de instabilidade ganham for\u00e7a e provocam chuvas em parte do estado<\/em><\/strong><\/h4>\n<p>Nesta quinta-feira (16\/4), \u00e1reas de instabilidade ganham for\u00e7a e provocam pancadas de chuva em parte do Sudeste brasileiro. No estado de Minas Gerais, o tempo deve ficar parcialmente nublado a nublado, com chuvas isoladas \u00e0 tarde no Noroeste, Centro, Sul, Oeste e Sudeste. Nas outras regi\u00f5es do estado, o dia ser\u00e1 de tempo parcialmente nublado, com possibilidade de chuvas localizadas.<\/p>\n<p>Na Regi\u00e3o Metropolitana de Belo Horizonte o tempo deve ficar com muita nebulosidade e h\u00e1 previs\u00e3o de pancadas de chuva a partir da tarde. Hoje, na capital mineira a temperatura m\u00ednima registrada foi 17\u00b0C, a m\u00e1xima deve ficar na casa dos 28\u00b0C e a umidade relativa do ar \u00e0 tarde em torno dos 50%.<\/p>\n","protected":false},"excerpt":{"rendered":"<p>\u00c1reas de instabilidade ganham for\u00e7a e provocam chuvas em parte do estado Nesta quinta-feira (16\/4), \u00e1reas de instabilidade ganham for\u00e7a e provocam pancadas de chuva em parte do Sudeste brasileiro. No estado de Minas Gerais, o tempo deve ficar parcialmente nublado a nublado, com chuvas isoladas \u00e0 tarde no Noroeste, Centro, Sul, Oeste e Sudeste. [&hellip;]<\/p>\n","protected":false},"author":1,"featured_media":51728,"comment_status":"open","ping_status":"closed","sticky":false,"template":"","format":"standard","meta":{"amp_status":"","footnotes":""},"categories":[123],"tags":[41906,1956,1839,29257,41907],"class_list":["post-57412","post","type-post","status-publish","format-standard","has-post-thumbnail","hentry","category-gerais","tag-16-de-abril","tag-previsao-do-tempo","tag-previsao-do-tempo-para-minas-gerais","tag-previsao-do-tempo-para-minas-gerais-nesta-quinta-feira","tag-previsao-do-tempo-para-minas-gerais-nesta-quinta-feira-16-de-abril"],"_links":{"self":[{"href":"https:\/\/aconteceunovale.com.br\/portal\/index.php?rest_route=\/wp\/v2\/posts\/57412","targetHints":{"allow":["GET"]}}],"collection":[{"href":"https:\/\/aconteceunovale.com.br\/portal\/index.php?rest_route=\/wp\/v2\/posts"}],"about":[{"href":"https:\/\/aconteceunovale.com.br\/portal\/index.php?rest_route=\/wp\/v2\/types\/post"}],"author":[{"embeddable":true,"href":"https:\/\/aconteceunovale.com.br\/portal\/index.php?rest_route=\/wp\/v2\/users\/1"}],"replies":[{"embeddable":true,"href":"https:\/\/aconteceunovale.com.br\/portal\/index.php?rest_route=%2Fwp%2Fv2%2Fcomments&post=57412"}],"version-history":[{"count":0,"href":"https:\/\/aconteceunovale.com.br\/portal\/index.php?rest_route=\/wp\/v2\/posts\/57412\/revisions"}],"wp:featuredmedia":[{"embeddable":true,"href":"https:\/\/aconteceunovale.com.br\/portal\/index.php?rest_route=\/wp\/v2\/media\/51728"}],"wp:attachment":[{"href":"https:\/\/aconteceunovale.com.br\/portal\/index.php?rest_route=%2Fwp%2Fv2%2Fmedia&parent=57412"}],"wp:term":[{"taxonomy":"category","embeddable":true,"href":"https:\/\/aconteceunovale.com.br\/portal\/index.php?rest_route=%2Fwp%2Fv2%2Fcategories&post=57412"},{"taxonomy":"post_tag","embeddable":true,"href":"https:\/\/aconteceunovale.com.br\/portal\/index.php?rest_route=%2Fwp%2Fv2%2Ftags&post=57412"}],"curies":[{"name":"wp","href":"https:\/\/api.w.org\/{rel}","templated":true}]}}