{"id":57397,"date":"2015-04-15T22:58:39","date_gmt":"2015-04-16T01:58:39","guid":{"rendered":"http:\/\/aconteceunovale.com.br\/portal\/?p=57397"},"modified":"2015-04-15T22:59:36","modified_gmt":"2015-04-16T01:59:36","slug":"secretaria-de-estado-de-saude-de-mg-anuncia-retomada-das-obras-dos-hospitais-regionais","status":"publish","type":"post","link":"https:\/\/aconteceunovale.com.br\/portal\/?p=57397","title":{"rendered":"Secretaria de Estado de Sa\u00fade de MG anuncia retomada das obras dos hospitais regionais"},"content":{"rendered":"<h4><strong><em>Obras dos hospitais regionais de Te\u00f3filo Otoni e Governador Valadares ser\u00e3o retomadas. Secret\u00e1rio Fausto Pereira dos Santos confirmou rombo de R$ 1,5 bilh\u00e3o, herdado do governo anterior.<\/em><\/strong><\/h4>\n<p>A Secretaria de Estado de Sa\u00fade (SES-MG) herdou, do governo passado, um d\u00e9ficit de R$ 1,5 bilh\u00e3o, al\u00e9m de problemas de gest\u00e3o, obras inacabadas e falta de medicamentos. Foi o que assegurou, hoje (15), o secret\u00e1rio Fausto Pereira dos Santos durante entrevista na Cidade Administrativa, em Belo Horizonte. Fausto reuniu a imprensa para apresentar o balan\u00e7o da \u00e1rea encontrado pelo atual governo.<\/p>\n<p>\u201cConstatamos que houve uma aplica\u00e7\u00e3o ineficiente dos recursos. Os investimentos realizados foram em formas de pol\u00edticas espec\u00edficas e n\u00e3o de maneira ampliada. O governo passado tamb\u00e9m n\u00e3o conseguiu entregar para o usu\u00e1rio o conjunto das pol\u00edticas que foram prometidas, ou seja, a popula\u00e7\u00e3o n\u00e3o teve acesso ao Samu, encontrou v\u00e1rios problemas no acesso aos medicamentos e hospitais com obras atrasadas\u201d, explicou o secret\u00e1rio.<\/p>\n<p><img decoding=\"async\" src=\"http:\/\/aconteceunovale.com.br\/portal\/wp-content\/uploads\/2015\/04\/hospital_regional_gv_22_2.jpg\" alt=\"\" \/><em>Obras do Hospital Regional de Valadares ser\u00e3o retomadas \u2013 Foto: Alexandre Oliveira \/ DRD<\/em><br \/>\n<\/br><\/p>\n<p>Sobre o d\u00e9ficit de R$ 1,5 bilh\u00e3o, Fausto Pereira dos Santos esclareceu que a metade do valor total \u00e9 referente a conv\u00eanios firmados com munic\u00edpios e institui\u00e7\u00f5es filantr\u00f3picas para custeio e investimentos, para os quais o Estado se comprometeu a repassar recursos destinados \u00e0 constru\u00e7\u00e3o de unidades b\u00e1sicas, compra de equipamentos e aquisi\u00e7\u00f5es de ve\u00edculos, dentre outros. A outra metade refere-se a  despesas com fornecedores, atraso no pagamento a empresas como Prodemge e Copasa e repasses para hospitais da rede contratada.<\/p>\n<p>\u201cO Governo de Minas Gerais se comprometeu a dar continuidade ao pagamento destas despesas que foram assumidas em 2014. N\u00e3o temos como quitar o valor total de uma vez, mas estamos colocando esses pagamentos como prioridade. Vamos dar sequ\u00eancia ao processo de pagamentos a fornecedores, transfer\u00eancia de recursos aos munic\u00edpios e institui\u00e7\u00f5es prestadoras de servi\u00e7os, na medida das possibilidades financeiras do Estado\u201d, disse.<\/p>\n<p>O secret\u00e1rio explicou que a meta \u00e9 fazer com que o cidad\u00e3o tenha acesso ao conjunto de servi\u00e7os ofertados pelo Sistema \u00danico de Sa\u00fade (SUS). Para isso, uma pol\u00edtica de expans\u00e3o r\u00e1pida para o Servi\u00e7o M\u00f3vel de Urg\u00eancia foi implantada, tanto para a regi\u00e3o Macrocentro quanto para as Macros Leste e Tri\u00e2ngulo do Sul, entre outras. E, nas regi\u00f5es onde essas estruturas j\u00e1 est\u00e3o praticamente montadas, ser\u00e3o acelerados os processos de expans\u00e3o.<\/p>\n<p><strong>Medicamentos <\/strong><\/p>\n<p>O secret\u00e1rio reafirmou que, quando assumiu a pasta, 165 itens de medicamentos estavam em falta. \u201cUm dos principais motivos \u00e9 que a gest\u00e3o passada apostou em um processo de centraliza\u00e7\u00e3o da assist\u00eancia farmac\u00eautica do estado. Ao fazer isso, o governo assumiu uma log\u00edstica extremamente complexa de armazenagem e distribui\u00e7\u00e3o dos componentes. Esse processo resultou na falta de itens e na n\u00e3o entrega dos medicamentos aos usu\u00e1rios. Para solucionarmos essa quest\u00e3o, j\u00e1 providenciamos a aquisi\u00e7\u00e3o de todos os medicamentos que est\u00e3o em falta e a regulariza\u00e7\u00e3o do estoque\u201d, explicou.<\/p>\n<p><strong>Hospitais Regionais<\/strong><\/p>\n<p>Fausto Pereira lembrou tamb\u00e9m que, dos 12 hospitais regionais planejados para Minas Gerais, apenas um foi conclu\u00eddo (Uberl\u00e2ndia). Oito est\u00e3o em fase de obras com cronogramas atrasados e tr\u00eas ainda n\u00e3o sa\u00edram do papel. \u201cTodas as constru\u00e7\u00f5es ser\u00e3o retomadas. A prioridade \u00e9 concluir o Hospital Regional de Uberaba, que j\u00e1 est\u00e1 com 90% das obras acabadas. Nossa previs\u00e3o \u00e9 que at\u00e9 o final de 2016 os que est\u00e3o com obras em andamento estejam terminados\u201d, explicou.<\/p>\n<p>O secret\u00e1rio destacou a import\u00e2ncia de parcerias com o governo federal. \u201cN\u00e3o vamos implementar em Minas pol\u00edticas competitivas com o governo federal. Vamos desenvolver no Estado pol\u00edticas complementares, em parceria com o Minist\u00e9rio da Sa\u00fade. Se o minist\u00e9rio tem um programa de constru\u00e7\u00e3o de Unidades B\u00e1sicas, n\u00e3o iremos criar um outro tipo de programa que faz esse mesmo financiamento. O que iremos fazer \u00e9 trazer o programa do Governo Federal e complementar com recursos do Estado. Assim tamb\u00e9m ir\u00e1 acontecer com programas como a Rede Cegonha e a Rede de Urg\u00eancia, entre outros\u201d, finalizou. <\/p>\n<p><img decoding=\"async\" src=\"http:\/\/aconteceunovale.com.br\/portal\/wp-content\/uploads\/2015\/04\/obras_hospitais_regionais_1.png\" alt=\"\" \/><img decoding=\"async\" src=\"http:\/\/aconteceunovale.com.br\/portal\/wp-content\/uploads\/2015\/04\/obras_hospitais_regionais_2.png\" alt=\"\" \/><img decoding=\"async\" src=\"http:\/\/aconteceunovale.com.br\/portal\/wp-content\/uploads\/2015\/04\/obras_hospitais_regionais_3.png\" alt=\"\" \/><\/p>\n<p><em>(Fonte: Ag\u00eancia Minas)<\/em><\/p>\n","protected":false},"excerpt":{"rendered":"<p>Obras dos hospitais regionais de Te\u00f3filo Otoni e Governador Valadares ser\u00e3o retomadas. Secret\u00e1rio Fausto Pereira dos Santos confirmou rombo de R$ 1,5 bilh\u00e3o, herdado do governo anterior. A Secretaria de Estado de Sa\u00fade (SES-MG) herdou, do governo passado, um d\u00e9ficit de R$ 1,5 bilh\u00e3o, al\u00e9m de problemas de gest\u00e3o, obras inacabadas e falta de medicamentos. [&hellip;]<\/p>\n","protected":false},"author":1,"featured_media":57401,"comment_status":"open","ping_status":"closed","sticky":false,"template":"","format":"standard","meta":{"amp_status":"","footnotes":""},"categories":[123],"tags":[3677,1528,1018,28368,247,41880,41878,8739,41881,41882,41884,41883,41877,4023,41879,41876,206,210,252,175,41889,41887,41891,41890,41892,41894,41893,41886,21136,41888,41885,41895,41875,41874,1532,164,220,221],"class_list":["post-57397","post","type-post","status-publish","format-standard","has-post-thumbnail","hentry","category-gerais","tag-alem-paraiba","tag-conselheiro-lafaiete","tag-destaque","tag-fausto-pereira-dos-santos","tag-governador-valadares","tag-hospital-regional-de-alem-paraiba","tag-hospital-regional-de-conselheiro-lafaiete","tag-hospital-regional-de-governador-valadares","tag-hospital-regional-de-juiz-de-fora","tag-hospital-regional-de-montes-claros","tag-hospital-regional-de-nanuque","tag-hospital-regional-de-novo-cruzeiro","tag-hospital-regional-de-sete-lagoas","tag-hospital-regional-de-teofilo-otoni","tag-hospital-regional-de-uberaba","tag-hospital-regional-de-uberlandia","tag-juiz-de-fora","tag-montes-claros","tag-nanuque","tag-novo-cruzeiro","tag-obras-do-hospital-regional-de-alem-paraiba","tag-obras-do-hospital-regional-de-conselheiro-lafaiete","tag-obras-do-hospital-regional-de-governador-valadares","tag-obras-do-hospital-regional-de-juiz-de-fora","tag-obras-do-hospital-regional-de-montes-claros","tag-obras-do-hospital-regional-de-nanuque","tag-obras-do-hospital-regional-de-novo-cruzeiro","tag-obras-do-hospital-regional-de-sete-lagoas","tag-obras-do-hospital-regional-de-teofilo-otoni","tag-obras-do-hospital-regional-de-uberaba","tag-obras-do-hospital-regional-de-uberlandia","tag-obras-do-hospital-regional-de-valadares-serao-retomadas","tag-obras-dos-hospitais-regionais","tag-secretaria-de-estado-de-saude-de-mg-anuncia-retomada-das-obras-dos-hospitais-regionais","tag-sete-lagoas","tag-teofilo-otoni","tag-uberaba","tag-uberlandia"],"_links":{"self":[{"href":"https:\/\/aconteceunovale.com.br\/portal\/index.php?rest_route=\/wp\/v2\/posts\/57397","targetHints":{"allow":["GET"]}}],"collection":[{"href":"https:\/\/aconteceunovale.com.br\/portal\/index.php?rest_route=\/wp\/v2\/posts"}],"about":[{"href":"https:\/\/aconteceunovale.com.br\/portal\/index.php?rest_route=\/wp\/v2\/types\/post"}],"author":[{"embeddable":true,"href":"https:\/\/aconteceunovale.com.br\/portal\/index.php?rest_route=\/wp\/v2\/users\/1"}],"replies":[{"embeddable":true,"href":"https:\/\/aconteceunovale.com.br\/portal\/index.php?rest_route=%2Fwp%2Fv2%2Fcomments&post=57397"}],"version-history":[{"count":0,"href":"https:\/\/aconteceunovale.com.br\/portal\/index.php?rest_route=\/wp\/v2\/posts\/57397\/revisions"}],"wp:featuredmedia":[{"embeddable":true,"href":"https:\/\/aconteceunovale.com.br\/portal\/index.php?rest_route=\/wp\/v2\/media\/57401"}],"wp:attachment":[{"href":"https:\/\/aconteceunovale.com.br\/portal\/index.php?rest_route=%2Fwp%2Fv2%2Fmedia&parent=57397"}],"wp:term":[{"taxonomy":"category","embeddable":true,"href":"https:\/\/aconteceunovale.com.br\/portal\/index.php?rest_route=%2Fwp%2Fv2%2Fcategories&post=57397"},{"taxonomy":"post_tag","embeddable":true,"href":"https:\/\/aconteceunovale.com.br\/portal\/index.php?rest_route=%2Fwp%2Fv2%2Ftags&post=57397"}],"curies":[{"name":"wp","href":"https:\/\/api.w.org\/{rel}","templated":true}]}}