{"id":57388,"date":"2015-04-15T20:21:22","date_gmt":"2015-04-15T23:21:22","guid":{"rendered":"http:\/\/aconteceunovale.com.br\/portal\/?p=57388"},"modified":"2015-04-15T20:21:22","modified_gmt":"2015-04-15T23:21:22","slug":"jovem-e-preso-com-grande-quantidade-de-drogas-em-diamantina","status":"publish","type":"post","link":"https:\/\/aconteceunovale.com.br\/portal\/?p=57388","title":{"rendered":"Jovem \u00e9 preso com grande quantidade de drogas em Diamantina"},"content":{"rendered":"<h4><strong><em>Suspeito foi abordado na Rua do Bicame. Ele foi preso em flagrante e conduzido \u00e0 Delegacia de Pol\u00edcia Civil.<\/em><\/strong><\/h4>\n<p>Uma a\u00e7\u00e3o da Pol\u00edcia Militar resultou na apreens\u00e3o de grande quantidade de drogas na noite dessa ter\u00e7a-feira, 14 de abril, em Diamantina, no Vale do Jequitinhonha. De acordo com o registro de ocorr\u00eancias, ap\u00f3s den\u00fancia, militares do 3\u00ba Batalh\u00e3o compareceram at\u00e9 a Rua do Bicame, onde abordaram o suspeito I.V.T.L, de 22 anos. <\/p>\n<p>Na mochila, que o suspeito carregava, consigo foi localizado aproximadamente tr\u00eas quilos e seiscentas e cinquenta gramas (3,650 kg) de maconha, divididos em seis tabletes grandes e vinte e oito pequenos. O rapaz tamb\u00e9m estava com 70 pinos de coca\u00edna, R$ 80,00 em dinheiro, um aparelho de telefone celular, um tablete, um rel\u00f3gio de pulso e um aparelho mp4.<\/p>\n<p>Diante dos fatos, I.V.T.L foi preso em flagrante e conduzido \u00e0 Delegacia de Pol\u00edcia Civil para demais provid\u00eancias.<\/p>\n<p><img decoding=\"async\" src=\"http:\/\/aconteceunovale.com.br\/portal\/wp-content\/uploads\/2015\/04\/droga_dtna.jpg\" alt=\"\" \/><em>(Foto e informa\u00e7\u00f5es: Assessoria de Comunica\u00e7\u00e3o Organizacional 3\u00b0 BPM)<\/em><\/p>\n","protected":false},"excerpt":{"rendered":"<p>Suspeito foi abordado na Rua do Bicame. Ele foi preso em flagrante e conduzido \u00e0 Delegacia de Pol\u00edcia Civil. Uma a\u00e7\u00e3o da Pol\u00edcia Militar resultou na apreens\u00e3o de grande quantidade de drogas na noite dessa ter\u00e7a-feira, 14 de abril, em Diamantina, no Vale do Jequitinhonha. De acordo com o registro de ocorr\u00eancias, ap\u00f3s den\u00fancia, militares [&hellip;]<\/p>\n","protected":false},"author":1,"featured_media":57389,"comment_status":"open","ping_status":"closed","sticky":false,"template":"","format":"standard","meta":{"amp_status":"","footnotes":""},"categories":[120],"tags":[32766,198,41864,41866,41865],"class_list":["post-57388","post","type-post","status-publish","format-standard","has-post-thumbnail","hentry","category-jequi","tag-apreensao-de-drogas-em-diamantina","tag-diamantina","tag-jovem-e-preso-com-grande-quantidade-de-drogas-em-diamantina","tag-preso-por-trafico-de-drogas-em-diamantina","tag-trafico-de-drogas-em-diamantina"],"_links":{"self":[{"href":"https:\/\/aconteceunovale.com.br\/portal\/index.php?rest_route=\/wp\/v2\/posts\/57388","targetHints":{"allow":["GET"]}}],"collection":[{"href":"https:\/\/aconteceunovale.com.br\/portal\/index.php?rest_route=\/wp\/v2\/posts"}],"about":[{"href":"https:\/\/aconteceunovale.com.br\/portal\/index.php?rest_route=\/wp\/v2\/types\/post"}],"author":[{"embeddable":true,"href":"https:\/\/aconteceunovale.com.br\/portal\/index.php?rest_route=\/wp\/v2\/users\/1"}],"replies":[{"embeddable":true,"href":"https:\/\/aconteceunovale.com.br\/portal\/index.php?rest_route=%2Fwp%2Fv2%2Fcomments&post=57388"}],"version-history":[{"count":0,"href":"https:\/\/aconteceunovale.com.br\/portal\/index.php?rest_route=\/wp\/v2\/posts\/57388\/revisions"}],"wp:featuredmedia":[{"embeddable":true,"href":"https:\/\/aconteceunovale.com.br\/portal\/index.php?rest_route=\/wp\/v2\/media\/57389"}],"wp:attachment":[{"href":"https:\/\/aconteceunovale.com.br\/portal\/index.php?rest_route=%2Fwp%2Fv2%2Fmedia&parent=57388"}],"wp:term":[{"taxonomy":"category","embeddable":true,"href":"https:\/\/aconteceunovale.com.br\/portal\/index.php?rest_route=%2Fwp%2Fv2%2Fcategories&post=57388"},{"taxonomy":"post_tag","embeddable":true,"href":"https:\/\/aconteceunovale.com.br\/portal\/index.php?rest_route=%2Fwp%2Fv2%2Ftags&post=57388"}],"curies":[{"name":"wp","href":"https:\/\/api.w.org\/{rel}","templated":true}]}}