{"id":57385,"date":"2015-04-15T19:25:25","date_gmt":"2015-04-15T22:25:25","guid":{"rendered":"http:\/\/aconteceunovale.com.br\/portal\/?p=57385"},"modified":"2015-04-16T22:30:27","modified_gmt":"2015-04-17T01:30:27","slug":"criancas-de-governador-valadares-aprenderao-o-desafio-de-salvar-vidas","status":"publish","type":"post","link":"https:\/\/aconteceunovale.com.br\/portal\/?p=57385","title":{"rendered":"Crian\u00e7as de Governador Valadares aprender\u00e3o o desafio de salvar vidas"},"content":{"rendered":"<h4><strong><em>Objetivo \u00e9 mostrar a import\u00e2ncia da preven\u00e7\u00e3o e como agir em situa\u00e7\u00f5es de urg\u00eancia e emerg\u00eancia.<\/em><\/strong><\/h4>\n<p>O Corpo de Bombeiros de Minas Gerais lan\u00e7ou em Governador Valadares, no Leste do estado, o projeto Bombeiro Mirim. Coordenado pelo 6\u00ba Batalh\u00e3o de Bombeiros (6\u00ba BBM), o objetivo \u00e9 ensinar alunos de escolas p\u00fablicas como evitar acidentes e tornarem-se cidad\u00e3os mais conscientes.<\/p>\n<p>O projeto j\u00e1 \u00e9 desenvolvido em outras unidades dos Bombeiros e tem como p\u00fablico-alvo crian\u00e7as e adolescentes, ensinando-lhes a import\u00e2ncia da preven\u00e7\u00e3o e como agir em situa\u00e7\u00f5es de urg\u00eancia e emerg\u00eancia. A primeira turma tem 25 alunos, que participar\u00e3o de encontros na sede do Batalh\u00e3o durante tr\u00eas meses.<\/p>\n<p>Al\u00e9m de preven\u00e7\u00e3o, o conte\u00fado das aulas aborda conhecimentos gerais e preventivos, especialmente adaptados para a faixa et\u00e1ria. Os temas abordados v\u00e3o desde no\u00e7\u00f5es de primeiros-socorros \u00e0 educa\u00e7\u00e3o para a cidadania. A grade curricular tamb\u00e9m contempla palestras com m\u00e9dicos, dentistas, psic\u00f3logos e professores.<\/p>\n<p>\u201cSalvar vidas requer coragem e determina\u00e7\u00e3o. \u00c9 isso que o que os militares do Corpo de Bombeiros pretendem ensinar para as crian\u00e7as nesta primeira turma do curso de Bombeiro Mirim. A ideia \u00e9 estimular as crian\u00e7as em rela\u00e7\u00e3o \u00e0 profiss\u00e3o e isso \u00e9 tamb\u00e9m uma forma de socializa\u00e7\u00e3o\u201d, diz o comandante do 6\u00ba BBM, Tenente Coronel Silvane Givisiez.<\/p>\n<p>Cada aluno recebe duas cartilhas e um caderno de atividades desenvolvidas durante os encontros entre os Bombeiros e as crian\u00e7as e que lhes ser\u00e3o \u00fateis por toda a vida. Al\u00e9m disso, os alunos ainda convivem com uma disciplina diferenciada, enfatizando mais responsabilidade e no\u00e7\u00e3o de respeito m\u00fatuo, fundamentais para a forma\u00e7\u00e3o de seu car\u00e1ter.<\/p>\n<p>Para o aluno Jo\u00e3o Miguel Matos, de 10 anos, participar do projeto \u00e9 realizar um sonho. \u201cQuero me dedicar muito ao Bombeiro Mirim porque quero aprender a fazer tudo igual a eles e me formar nessa \u00e1rea. Eu quero muito ser bombeiro um dia\u201d, diz.<\/p>\n<p><img decoding=\"async\" src=\"http:\/\/aconteceunovale.com.br\/portal\/wp-content\/uploads\/2015\/04\/bombeiros_mirins_gv.jpg\" alt=\"\" \/><em>Ao todo s\u00e3o 30 crian\u00e7as participando do projeto (Foto: Divulga\u00e7\u00e3o \/ Corpo de Bombeiros)<\/em><\/p>\n","protected":false},"excerpt":{"rendered":"<p>Objetivo \u00e9 mostrar a import\u00e2ncia da preven\u00e7\u00e3o e como agir em situa\u00e7\u00f5es de urg\u00eancia e emerg\u00eancia. O Corpo de Bombeiros de Minas Gerais lan\u00e7ou em Governador Valadares, no Leste do estado, o projeto Bombeiro Mirim. Coordenado pelo 6\u00ba Batalh\u00e3o de Bombeiros (6\u00ba BBM), o objetivo \u00e9 ensinar alunos de escolas p\u00fablicas como evitar acidentes e [&hellip;]<\/p>\n","protected":false},"author":1,"featured_media":57386,"comment_status":"open","ping_status":"closed","sticky":false,"template":"","format":"standard","meta":{"amp_status":"","footnotes":""},"categories":[121],"tags":[41861,41862,41863,1018,247,41963],"class_list":["post-57385","post","type-post","status-publish","format-standard","has-post-thumbnail","hentry","category-leste","tag-bombeiros-mirins","tag-bombeiros-mirins-governador-valadares","tag-criancas-de-governador-valadares-aprenderao-o-desafio-de-salvar-vidas","tag-destaque","tag-governador-valadares","tag-projeto-bombeiro-mirim-beneficia-alunos-de-escolas-publicas-no-leste-do-estado"],"_links":{"self":[{"href":"https:\/\/aconteceunovale.com.br\/portal\/index.php?rest_route=\/wp\/v2\/posts\/57385","targetHints":{"allow":["GET"]}}],"collection":[{"href":"https:\/\/aconteceunovale.com.br\/portal\/index.php?rest_route=\/wp\/v2\/posts"}],"about":[{"href":"https:\/\/aconteceunovale.com.br\/portal\/index.php?rest_route=\/wp\/v2\/types\/post"}],"author":[{"embeddable":true,"href":"https:\/\/aconteceunovale.com.br\/portal\/index.php?rest_route=\/wp\/v2\/users\/1"}],"replies":[{"embeddable":true,"href":"https:\/\/aconteceunovale.com.br\/portal\/index.php?rest_route=%2Fwp%2Fv2%2Fcomments&post=57385"}],"version-history":[{"count":0,"href":"https:\/\/aconteceunovale.com.br\/portal\/index.php?rest_route=\/wp\/v2\/posts\/57385\/revisions"}],"wp:featuredmedia":[{"embeddable":true,"href":"https:\/\/aconteceunovale.com.br\/portal\/index.php?rest_route=\/wp\/v2\/media\/57386"}],"wp:attachment":[{"href":"https:\/\/aconteceunovale.com.br\/portal\/index.php?rest_route=%2Fwp%2Fv2%2Fmedia&parent=57385"}],"wp:term":[{"taxonomy":"category","embeddable":true,"href":"https:\/\/aconteceunovale.com.br\/portal\/index.php?rest_route=%2Fwp%2Fv2%2Fcategories&post=57385"},{"taxonomy":"post_tag","embeddable":true,"href":"https:\/\/aconteceunovale.com.br\/portal\/index.php?rest_route=%2Fwp%2Fv2%2Ftags&post=57385"}],"curies":[{"name":"wp","href":"https:\/\/api.w.org\/{rel}","templated":true}]}}