{"id":57367,"date":"2015-04-15T17:43:20","date_gmt":"2015-04-15T20:43:20","guid":{"rendered":"http:\/\/aconteceunovale.com.br\/portal\/?p=57367"},"modified":"2015-04-15T17:45:34","modified_gmt":"2015-04-15T20:45:34","slug":"governo-lanca-versao-digital-dos-autos-da-devassa-da-inconfidencia-mineira","status":"publish","type":"post","link":"https:\/\/aconteceunovale.com.br\/portal\/?p=57367","title":{"rendered":"Governo lan\u00e7a vers\u00e3o digital dos Autos da Devassa da Inconfid\u00eancia Mineira"},"content":{"rendered":"<h4><strong><em>Documento do s\u00e9culo XVIII apresenta a \u00edntegra do processo judicial dos inconfidentes. Entre eles, est\u00e1 Joaquim Jos\u00e9 da Silva Xavier, o Tiradentes<\/em><\/strong><\/h4>\n<p>Detalhes de um marco da hist\u00f3ria mineira agora podem ser lidos e consultados por pessoas de qualquer parte do mundo. O site Portal da Inconfid\u00eancia disponibiliza ao p\u00fablico em geral a \u00edntegra dos Autos da Devassa, as fases do processo judicial movido pela Coroa Portuguesa contra os inconfidentes. Pontos relevantes como as acusa\u00e7\u00f5es de crime de trai\u00e7\u00e3o e as senten\u00e7as dos r\u00e9us da Conjura\u00e7\u00e3o Mineira s\u00e3o descritos com riqueza de detalhes nos documentos hist\u00f3ricos.<\/p>\n<p><img decoding=\"async\" src=\"http:\/\/aconteceunovale.com.br\/portal\/wp-content\/uploads\/2015\/04\/portal_inconfidencia_mg_1.jpg\" alt=\"\" \/><em>Vers\u00e3o digital dos Autos da Devassa democratiza o acesso a importantes fatos hist\u00f3ricos de Minas &#8211; Foto: Henrique Chendes \/ Divulga\u00e7\u00e3o \/ Imprensa de Minas Gerais (Ag\u00eancia Minas)<\/em><br \/>\n<\/br><\/p>\n<p>A vers\u00e3o digitalizada do manuscrito do s\u00e9culo XVIII, baseada na edi\u00e7\u00e3o impressa dos 11 volumes dos Autos da Devassa, editada pela\u00a0<a href=\"http:\/\/iof.mg.gov.br\/\" target=\"_blank\">Imprensa Oficial de Minas Gerais\u00a0<\/a>nas d\u00e9cadas de 70 e 80, vai ser lan\u00e7ada nesta sexta-feira (17\/4), no Largo do \u00d3, \u00e0s 17h30, na cidade de Tiradentes. O endere\u00e7o eletr\u00f4nico\u00a0<a href=\"http:\/\/portaldainconfidencia.iof.mg.gov.br\/\" target=\"_blank\">portaldainconfidencia.iof.mg.gov.br<\/a>\u00a0estar\u00e1 dispon\u00edvel j\u00e1 na noite de sexta-feira, ap\u00f3s a cerim\u00f4nia de lan\u00e7amento.<\/p>\n<p>A transposi\u00e7\u00e3o da plataforma impressa para a digital representa um grande avan\u00e7o no sentido de democratizar o acesso \u00e0s informa\u00e7\u00f5es contidas nos documentos, que totalizam cerca de 5.500 p\u00e1ginas. \u201cO pioneiro trabalho desenvolvido pela Imprensa Oficial do Estado de Minas Gerais mais uma vez pereniza e democratiza o acesso \u00e0 rica hist\u00f3ria de Minas, levando a toda sociedade os documentos do magn\u00edfico movimento da hist\u00f3ria mineira e brasileira\u201d, enaltece o diretor-geral da Imprensa Oficial, Eug\u00eanio Ferraz, idealizador e coordenador do site.<\/p>\n<p><strong>A ACUSA\u00c7\u00c3O<\/strong><\/p>\n<p><img decoding=\"async\" src=\"http:\/\/aconteceunovale.com.br\/portal\/wp-content\/uploads\/2015\/04\/portal_inconfidencia_mg_2.png\" alt=\"\" \/><\/p>\n<p>Um dos destaques da plataforma virtual \u00e9 o seu avan\u00e7ado sistema de pesquisa. As buscas podem ser feitas por qualquer palavra e \u00e9 poss\u00edvel ver todas as p\u00e1ginas em que o termo pesquisado \u00e9 citado. Por exemplo, ao digitar o nome Joaquim Jos\u00e9 da Silva Xavier, o Tiradentes (1746-1792), surge a indica\u00e7\u00e3o de quantas vezes e em quais p\u00e1ginas de cada volume o termo aparece, o que at\u00e9 ent\u00e3o era imposs\u00edvel sem a verifica\u00e7\u00e3o de p\u00e1gina por p\u00e1gina.<\/p>\n<p>A iniciativa se torna ainda mais relevante ao considerar que os 11 volumes dos Autos da Devassa, em edi\u00e7\u00f5es comentadas, est\u00e3o esgotados, com poucos exemplares distribu\u00eddos pelas bibliotecas do pa\u00eds, o que dificultava a consulta. Al\u00e9m disso, os manuscritos originais se encontram na Biblioteca Nacional, no Rio de Janeiro.<\/p>\n<p>\u201cDemocratizando informa\u00e7\u00f5es hist\u00f3ricas, a Imprensa Oficial do Estado de Minas Gerais tem plena convic\u00e7\u00e3o de estar cumprindo sua miss\u00e3o institucional de fomento e apoio \u00e0 cultura\u201d, enfatiza Eug\u00eanio Ferraz.<\/p>\n<p><strong>A CAPTURA<\/strong><\/p>\n<p><img decoding=\"async\" src=\"http:\/\/aconteceunovale.com.br\/portal\/wp-content\/uploads\/2015\/04\/portal_inconfidencia_mg_3.png\" alt=\"\" \/><\/p>\n<p><strong>Refer\u00eancia para estudiosos<\/strong><\/p>\n<p>O site tamb\u00e9m permite visualizar e comparar, lado a lado, a vers\u00e3o digitalizada, com corre\u00e7\u00f5es e ajustes, e a original dos volumes publicados pela Imprensa Oficial. Essa nova maneira de percorrer parte da hist\u00f3ria da Inconfid\u00eancia Mineira vem ao encontro do anseio de historiadores e da comunidade acad\u00eamica do mundo inteiro.<\/p>\n<p>\u201cA Devassa da Inconfid\u00eancia est\u00e1 repleta de hist\u00f3ria ainda n\u00e3o de todo decifrada e revelada. Novos estudos e pesquisas sempre o demonstram. \u00c9 por isso que a digitaliza\u00e7\u00e3o dos Autos, ao democratizar e facilitar a leitura dos documentos preciosos da conjura\u00e7\u00e3o de 1789, constitui uma realiza\u00e7\u00e3o de m\u00e1xima import\u00e2ncia\u201d, declara o secret\u00e1rio de Estado de\u00a0<a href=\"http:\/\/www.cultura.mg.gov.br\/\" target=\"_blank\">Cultura<\/a>, Angelo Oswaldo de Ara\u00fajo Santos.<\/p>\n<p><strong>OS BENS APREENDIDOS<\/strong><\/p>\n<p><img decoding=\"async\" src=\"http:\/\/aconteceunovale.com.br\/portal\/wp-content\/uploads\/2015\/04\/portal_inconfidencia_mg_4.png\" alt=\"\" \/><\/p>\n<p>O Portal da Inconfid\u00eancia ainda re\u00fane um vasto acervo de trabalhos cient\u00edficos, teses de doutorados e disserta\u00e7\u00f5es de mestrado, relativos ao tema, al\u00e9m de iconografias de cidades hist\u00f3ricas mineiras, bibliografias referentes a livros, revistas e jornais que contenham materiais relacionados. A expectativa \u00e9 que a iniciativa permita atualizadas interpreta\u00e7\u00f5es dos aspectos sociais, econ\u00f4micos, liter\u00e1rios e o conhecimento aprofundado do ambiente pol\u00edtico que gerou a Conjura\u00e7\u00e3o Mineira.<\/p>\n<p>O presidente da Ordem dos Advogados do Brasil, Se\u00e7\u00e3o de Minas Gerais, destaca a import\u00e2ncia hist\u00f3rica da obra o estudo do Direito no pa\u00eds. \u201cA iniciativa ressalta a import\u00e2ncia de revisitarmos per\u00edodos hist\u00f3ricos em que os princ\u00edpios da ampla defesa e do contradit\u00f3rio n\u00e3o eram observados, o que nos permite valorizar os direitos \u00e0 mem\u00f3ria, \u00e0 liberdade, e de acesso \u00e0 informa\u00e7\u00e3o que o Estado Democr\u00e1tico de Direito consagra\u201d, frisa.<\/p>\n<p><strong>A SENTEN\u00c7A<\/strong><\/p>\n<p><img decoding=\"async\" src=\"http:\/\/aconteceunovale.com.br\/portal\/wp-content\/uploads\/2015\/04\/portal_inconfidencia_mg_5.png\" alt=\"\" \/><\/p>\n<p><strong>Curiosidades dos Autos<\/strong><\/p>\n<p>A riqueza de detalhes presente nos Autos da Devassa impressiona. Durante o processo judicial, Tiradentes chegou a ter sua estatura contestada. Em algumas passagens dos 11 volumes impressos, \u00e9 citado que Tiradentes defendeu a democracia eletiva com um s\u00e9culo de preced\u00eancia em pleno monarquismo e pregou a aboli\u00e7\u00e3o da escravatura, precedendo assim a todo o restante da Am\u00e9rica.<\/p>\n<p>Tiradentes, que foi capturado com um bacamarte em m\u00e3os, por duas vezes solicitou viajar para Portugal com a inten\u00e7\u00e3o de tratar de neg\u00f3cios. Em sua senten\u00e7a, chama a aten\u00e7\u00e3o o fato de o juiz ordenar que sua casa fosse salgada para que sua mem\u00f3ria infame fosse apagada. Ali\u00e1s, as penas dos inconfidentes foram variadas, indo desde o a\u00e7oite \u00e0 morte natural na forca, como no caso do m\u00e1rtir.<\/p>\n<p>Al\u00e9m de apresentar com pormenores os fatos relacionados ao julgamento dos inconfidentes, os Autos da Devassa tamb\u00e9m revelam os costumes da \u00e9poca. Ao descrever os bens apreendidos dos r\u00e9us, a obra evidencia, por exemplo, quais eram as vestimentas e os utens\u00edlios de cozinha usados naquela \u00e9poca.<\/p>\n<p>Entre essas, muitas outras curiosidades est\u00e3o presentes e a espera de serem descobertos nos documentos. Muitas delas, sem d\u00favida, com potencial valor hist\u00f3rico. E a quem possa interessar, os custos dos Autos da Devassa da Inconfid\u00eancia Mineira foram de 555$288, quinhentos e cinquenta e cinco mil, duzentos e oitenta e oito r\u00e9is.<\/p>\n<p><strong>O M\u00c1RTIR<\/strong><\/p>\n<p><img decoding=\"async\" src=\"http:\/\/aconteceunovale.com.br\/portal\/wp-content\/uploads\/2015\/04\/portal_inconfidencia_mg_6.png\" alt=\"\" \/><\/p>\n<p><em>(Fonte: Ag\u00eancia Minas)<\/em><\/p>\n","protected":false},"excerpt":{"rendered":"<p>Documento do s\u00e9culo XVIII apresenta a \u00edntegra do processo judicial dos inconfidentes. Entre eles, est\u00e1 Joaquim Jos\u00e9 da Silva Xavier, o Tiradentes Detalhes de um marco da hist\u00f3ria mineira agora podem ser lidos e consultados por pessoas de qualquer parte do mundo. O site Portal da Inconfid\u00eancia disponibiliza ao p\u00fablico em geral a \u00edntegra dos [&hellip;]<\/p>\n","protected":false},"author":1,"featured_media":57369,"comment_status":"open","ping_status":"closed","sticky":false,"template":"","format":"standard","meta":{"amp_status":"","footnotes":""},"categories":[123],"tags":[41848,41854,41855,41856,41846,41853,41847,41851,41858,41850,41857,41852,711,41849],"class_list":["post-57367","post","type-post","status-publish","format-standard","has-post-thumbnail","hentry","category-gerais","tag-autos-da-devassa-da-inconfidencia-mineira","tag-dados-da-inconfidencia-mineira","tag-diretor-geral-da-imprensa-oficial","tag-eugenio-ferraz","tag-governo-lanca-versao-digital-dos-autos-da-devassa-da-inconfidencia-mineira","tag-historia-da-inconfidencia-mineira","tag-inconfidencia-mineira","tag-inconfidentes","tag-joaquim-jose-da-silva-xavier","tag-portal-da-inconfidencia","tag-processo-judicial-dos-inconfidentes","tag-site-da-inconfidencia-mineira","tag-tiradentes","tag-versao-digital-dos-autos-da-devassa-da-inconfidencia-mineira"],"_links":{"self":[{"href":"https:\/\/aconteceunovale.com.br\/portal\/index.php?rest_route=\/wp\/v2\/posts\/57367","targetHints":{"allow":["GET"]}}],"collection":[{"href":"https:\/\/aconteceunovale.com.br\/portal\/index.php?rest_route=\/wp\/v2\/posts"}],"about":[{"href":"https:\/\/aconteceunovale.com.br\/portal\/index.php?rest_route=\/wp\/v2\/types\/post"}],"author":[{"embeddable":true,"href":"https:\/\/aconteceunovale.com.br\/portal\/index.php?rest_route=\/wp\/v2\/users\/1"}],"replies":[{"embeddable":true,"href":"https:\/\/aconteceunovale.com.br\/portal\/index.php?rest_route=%2Fwp%2Fv2%2Fcomments&post=57367"}],"version-history":[{"count":0,"href":"https:\/\/aconteceunovale.com.br\/portal\/index.php?rest_route=\/wp\/v2\/posts\/57367\/revisions"}],"wp:featuredmedia":[{"embeddable":true,"href":"https:\/\/aconteceunovale.com.br\/portal\/index.php?rest_route=\/wp\/v2\/media\/57369"}],"wp:attachment":[{"href":"https:\/\/aconteceunovale.com.br\/portal\/index.php?rest_route=%2Fwp%2Fv2%2Fmedia&parent=57367"}],"wp:term":[{"taxonomy":"category","embeddable":true,"href":"https:\/\/aconteceunovale.com.br\/portal\/index.php?rest_route=%2Fwp%2Fv2%2Fcategories&post=57367"},{"taxonomy":"post_tag","embeddable":true,"href":"https:\/\/aconteceunovale.com.br\/portal\/index.php?rest_route=%2Fwp%2Fv2%2Ftags&post=57367"}],"curies":[{"name":"wp","href":"https:\/\/api.w.org\/{rel}","templated":true}]}}