{"id":57352,"date":"2015-04-15T10:56:03","date_gmt":"2015-04-15T13:56:03","guid":{"rendered":"http:\/\/aconteceunovale.com.br\/portal\/?p=57352"},"modified":"2015-04-15T10:56:03","modified_gmt":"2015-04-15T13:56:03","slug":"sedinor-inicia-parceria-com-associacoes-microrregionais-para-execucao-do-agua-para-todos","status":"publish","type":"post","link":"https:\/\/aconteceunovale.com.br\/portal\/?p=57352","title":{"rendered":"Sedinor inicia parceria com associa\u00e7\u00f5es microrregionais para execu\u00e7\u00e3o do \u00c1gua para Todos"},"content":{"rendered":"<h4><strong><em>Objetivo da Secretaria de Estado de Desenvolvimento e Integra\u00e7\u00e3o do Norte e Nordeste de Minas Gerais \u00e9 agilizar conv\u00eanios e a\u00e7\u00f5es que estavam somente no papel<\/em><\/strong><\/h4>\n<p>Para garantir a celeridade das a\u00e7\u00f5es do programa \u00c1gua para Todos, representantes da Secretaria de Estado de Desenvolvimento e Integra\u00e7\u00e3o do Norte e Nordeste de Minas Gerais (Sedinor) se reuniram, nesta ter\u00e7a-feira (14\/4), para os primeiros alinhamentos de parceria com associa\u00e7\u00f5es microrregionais de munic\u00edpios dessas regi\u00f5es. No encontro, ficou definido que a primeira for\u00e7a-tarefa do grupo ser\u00e1 feita para tirar do papel um conv\u00eanio assinado em 2013 entre o sistema Sedinor\/Idene e o Minist\u00e9rio da Integra\u00e7\u00e3o Nacional, no valor de R$ 100,9 milh\u00f5es, que prev\u00ea a constru\u00e7\u00e3o de 962 pequenas barragens.<\/p>\n<p>Na Cidade Administrativa, reunido com representantes de dez associa\u00e7\u00f5es microrregionais de munic\u00edpios do Norte e Noroeste de Minas e dos vales do Jequitinhonha, Mucuri e Rio Doce, o secret\u00e1rio da Sedinor, Paulo Guedes, pediu o apoio dos prefeitos para que ajudem na elabora\u00e7\u00e3o dos projetos para a constru\u00e7\u00e3o das barragens. Segundo ele, com esta contrapartida dos munic\u00edpios ser\u00e1 poss\u00edvel avan\u00e7ar pelo menos dois anos na execu\u00e7\u00e3o das obras. \u201cSe a secretaria for licitar esse servi\u00e7o, perderemos ainda mais tempo, e sabemos que as fam\u00edlias que sofrem com a seca t\u00eam pressa. Por isso, propomos que as associa\u00e7\u00f5es microrregionais, que j\u00e1 tem engenheiros e t\u00e9cnicos da \u00e1rea, possam elaborar esses projetos seguindo um modelo padr\u00e3o do Minist\u00e9rio da Integra\u00e7\u00e3o Nacional e sob a consultoria dos t\u00e9cnicos do programa. Assim, a gente vence uma etapa e licita a obra com mais rapidez\u201d, afirmou o secret\u00e1rio.<\/p>\n<p>O presidente da Associa\u00e7\u00e3o dos Munic\u00edpios da \u00c1rea Mineira da Sudene (Amams), C\u00e9sar Em\u00edlio Lopes Oliveira, prefeito de Capit\u00e3o En\u00e9as, considera positiva a parceria e afirma que a Amams est\u00e1 disposta a ajudar no que for preciso para que as obras do programa \u00c1gua para Todos sejam executadas mais rapidamente. \u201cAs associa\u00e7\u00f5es, com seus t\u00e9cnicos e sua experi\u00eancia adquirida ao longo dos anos, poder\u00e3o contribuir e ajudar seus munic\u00edpios que sofrem com a escassez de \u00e1gua. Estaremos juntos nesta miss\u00e3o\u201d, garantiu.  <\/p>\n<p>A parceria ser\u00e1 formalizada a partir de um termo de coopera\u00e7\u00e3o t\u00e9cnica entre a Sedinor e as associa\u00e7\u00f5es de munic\u00edpios. \u201cQueremos envolver os prefeitos, os conselhos municipais de desenvolvimento rural sustent\u00e1vel (CMDRS), a sociedade em geral, al\u00e9m do apoio de outros \u00f3rg\u00e3os como a Emater e a Ruralminas, que tamb\u00e9m trabalham nesses projetos e que poder\u00e3o somar conosco\u201d, disse o secret\u00e1rio ao ressaltar que as demandas devem partir da pr\u00f3pria comunidade. \u201cVamos atender os grupos de fam\u00edlias que mais precisam e para fazer este mapeamento \u00e9 preciso contar com a colabora\u00e7\u00e3o de todos\u201d, completou Paulo Guedes.<\/p>\n<p>O secret\u00e1rio informou que j\u00e1 solicitou \u00e0 Ruralminas que disponibilize um levantamento t\u00e9cnico j\u00e1 realizado pela empresa que aponta os locais que tem maior necessidade de constru\u00e7\u00e3o de barragens na regi\u00e3o de abrang\u00eancia da Sedinor e que ainda n\u00e3o foram atendidos. As pequenas barragens s\u00e3o barramentos de 8 mil metros c\u00fabicos que atendem cerca de 40 fam\u00edlias cada uma, especialmente para produ\u00e7\u00e3o agr\u00edcola e dessedenta\u00e7\u00e3o dos animais.<\/p>\n<p><img decoding=\"async\" src=\"http:\/\/aconteceunovale.com.br\/portal\/wp-content\/uploads\/2015\/04\/sedinor-inicia-parceria-com-associacoes-microrregionais-para-execucao-do-agua-para-todos.jpg\" alt=\"\" \/><em>Encontro na Cidade Administrativa definiu a primeira etapa da parceria entre as associa\u00e7\u00f5es microrregionais e o Governo do Estado de Minas Gerais &#8211; Foto: Carla Moraes\/Sedinor<\/em><br \/>\n<\/br><\/p>\n<p><strong>Sedinor P\u00e9 na Estrada<\/strong><\/p>\n<p>Na reuni\u00e3o, o secret\u00e1rio Paulo Guedes anunciou a campanha \u201cSedinor P\u00e9 na Estrada\u201d, um cronograma de visitas regionais com objetivo de ampliar o di\u00e1logo com a popula\u00e7\u00e3o e buscar formas de aprimoramento das a\u00e7\u00f5es da Secretaria.  \u201cVamos ouvir para governar. Estar perto das pessoas e sentir os problemas de cada regi\u00e3o. O P\u00e9 na Estrada \u00e9 isso. Vamos at\u00e9 onde est\u00e1 o problema, vamos ouvir os prefeitos, os presidentes de associa\u00e7\u00f5es e dos CMDRS, os vereadores e as lideran\u00e7as locais que v\u00e3o nos ajudar a enfrentar a demanda com a seca e tamb\u00e9m as demandas sociais que existem em cada regi\u00e3o\u201d, declarou.<\/p>\n<p>Paulo Guedes adiantou que pretende aperfei\u00e7oar e ampliar todos os programas de forma a melhorar o atendimento \u00e0 popula\u00e7\u00e3o e incluir todas as regi\u00f5es que ainda est\u00e3o de fora. \u00c9 o caso de munic\u00edpios do Vale do Rio Doce e do Noroeste de Minas que, em 2013, passaram a integrar a \u00e1rea de abrang\u00eancia do Sistema Sedinor\/Idene, mas ainda n\u00e3o foram contemplados nas a\u00e7\u00f5es da Secretaria. (Ag\u00eancia Minas)<\/p>\n","protected":false},"excerpt":{"rendered":"<p>Objetivo da Secretaria de Estado de Desenvolvimento e Integra\u00e7\u00e3o do Norte e Nordeste de Minas Gerais \u00e9 agilizar conv\u00eanios e a\u00e7\u00f5es que estavam somente no papel Para garantir a celeridade das a\u00e7\u00f5es do programa \u00c1gua para Todos, representantes da Secretaria de Estado de Desenvolvimento e Integra\u00e7\u00e3o do Norte e Nordeste de Minas Gerais (Sedinor) se [&hellip;]<\/p>\n","protected":false},"author":1,"featured_media":57353,"comment_status":"open","ping_status":"closed","sticky":false,"template":"","format":"standard","meta":{"amp_status":"","footnotes":""},"categories":[123],"tags":[381,949,14804,1429,32239,272,17364,41831,5503,27248,41829,41830],"class_list":["post-57352","post","type-post","status-publish","format-standard","has-post-thumbnail","hentry","category-gerais","tag-agua-para-todos","tag-amams","tag-associacao-dos-municipios-da-area-mineira-da-sudene","tag-capitao-eneas","tag-cesar-emilio-lopes-oliveira","tag-idene","tag-paulo-guedes","tag-prefeito-de-capitao-eneas","tag-programa-agua-para-todos","tag-sedinor","tag-sedinor-inicia-parceria-com-associacoes-microrregionais-para-execucao-do-agua-para-todos","tag-sedinor-pe-na-estrada"],"_links":{"self":[{"href":"https:\/\/aconteceunovale.com.br\/portal\/index.php?rest_route=\/wp\/v2\/posts\/57352","targetHints":{"allow":["GET"]}}],"collection":[{"href":"https:\/\/aconteceunovale.com.br\/portal\/index.php?rest_route=\/wp\/v2\/posts"}],"about":[{"href":"https:\/\/aconteceunovale.com.br\/portal\/index.php?rest_route=\/wp\/v2\/types\/post"}],"author":[{"embeddable":true,"href":"https:\/\/aconteceunovale.com.br\/portal\/index.php?rest_route=\/wp\/v2\/users\/1"}],"replies":[{"embeddable":true,"href":"https:\/\/aconteceunovale.com.br\/portal\/index.php?rest_route=%2Fwp%2Fv2%2Fcomments&post=57352"}],"version-history":[{"count":0,"href":"https:\/\/aconteceunovale.com.br\/portal\/index.php?rest_route=\/wp\/v2\/posts\/57352\/revisions"}],"wp:featuredmedia":[{"embeddable":true,"href":"https:\/\/aconteceunovale.com.br\/portal\/index.php?rest_route=\/wp\/v2\/media\/57353"}],"wp:attachment":[{"href":"https:\/\/aconteceunovale.com.br\/portal\/index.php?rest_route=%2Fwp%2Fv2%2Fmedia&parent=57352"}],"wp:term":[{"taxonomy":"category","embeddable":true,"href":"https:\/\/aconteceunovale.com.br\/portal\/index.php?rest_route=%2Fwp%2Fv2%2Fcategories&post=57352"},{"taxonomy":"post_tag","embeddable":true,"href":"https:\/\/aconteceunovale.com.br\/portal\/index.php?rest_route=%2Fwp%2Fv2%2Ftags&post=57352"}],"curies":[{"name":"wp","href":"https:\/\/api.w.org\/{rel}","templated":true}]}}